{"id":38047,"date":"2023-11-13T21:27:42","date_gmt":"2023-11-13T21:27:42","guid":{"rendered":"http:\/\/historiografija.hr\/?p=38047"},"modified":"2023-11-13T21:27:42","modified_gmt":"2023-11-13T21:27:42","slug":"emisija-povijesne-kontroverze-obrazovanje-djevojcica-u-hrvatskoj-u-drugoj-polovici-19-stoljeca","status":"publish","type":"post","link":"https:\/\/historiografija.hr\/?p=38047","title":{"rendered":"Emisija \u201cPovijesne kontroverze\u201d: Obrazovanje djevoj\u010dica u Hrvatskoj u drugoj polovici 19. stolje\u0107a"},"content":{"rendered":"\n<p>U \u201cPovijesnim kontroverzama\u201d u utorak, 14. studenog 2023. u 15.05 sati na Tre\u0107em programu Hrvatskog radija o obrazovanju djevoj\u010dica u Hrvatskoj u drugoj polovici 19. stolje\u0107a govori Dinko \u017dupan.<\/p>\n\n\n\n<hr class=\"wp-block-separator\"\/>\n\n\n\n<p>HRT &#8211; HR3&nbsp;14.11.2023.&nbsp;15:05 &#8211; 16:00<\/p>\n\n\n\n<p><strong>Povijesne kontroverze<\/strong><\/p>\n\n\n\n<p>Pitanje obrazovanja va\u017ena je sastavnica svake dugoro\u010dne politike. Nedavno smo svjedo\u010dili koliko je bure podiglo pitanje uvo\u0111enja novog kurikularnog pristupa u obrazovni sustav Republike Hrvatske. Iz dana\u0161nje perspektive tematiziranje isklju\u010divo \u017eenskog obrazovanja mo\u017ee se \u010diniti \u010dudnim, no u ranijim vremenima podjela obrazovanja na mu\u0161ko i \u017eensko obrazovanje bila je esencijalisti\u010dki utemeljena iz shva\u0107anja razli\u010ditih dru\u0161tvenih i kulturnih uloga mu\u0161karca i \u017eene. U tom pogledu zanimljivo je razmotriti u kojoj se mjeri \u017eensko obrazovanje na hrvatskim prostorima razlikovalo od onoga \u0161to su u\u010dila mu\u0161ka djeca, poglavito u retrospektivi razvoja obrazovanja do dana\u0161njih dana. S druge strane, u svjetlu razmatranja tzv. \u017eenskih prava zanimljivo je postaviti si pitanje i o polo\u017eaju \u017eenskog nastavnog osoblja u sklopu obrazovnog sustava koji je strogo dijelio mu\u0161ku i \u017eensku djecu uklju\u010denu u taj sustav. Stoga u dana\u0161njim Povijesnim kontroverzama razgovaramo o obrazovanju djevoj\u010dica u Hrvatskoj u drugoj polovici 19. stolje\u0107a, a na\u0161 sugovornik je dr. sc. Dinko \u017dupan iz Podru\u017enice za povijest Slavonije, Srijema i Baranje Hrvatskog instituta za povijest u Slavonskom Brodu.<\/p>\n\n\n\n<p><a href=\"http:\/\/raspored.hrt.hr\/\">http:\/\/raspored.hrt.hr\/<\/a><\/p>\n\n\n\n<p><a href=\"https:\/\/radio.hrt.hr\/slusaonica\/povijesne-kontroverze\">https:\/\/radio.hrt.hr\/slusaonica\/povijesne-kontroverze<\/a><\/p>\n\n\n\n<hr class=\"wp-block-separator\"\/>\n","protected":false},"excerpt":{"rendered":"","protected":false},"author":2,"featured_media":28920,"comment_status":"open","ping_status":"open","sticky":false,"template":"","format":"standard","meta":{"_acf_changed":false,"_jetpack_newsletter_access":"","_jetpack_dont_email_post_to_subs":false,"_jetpack_newsletter_tier_id":0,"_jetpack_memberships_contains_paywalled_content":false,"_jetpack_memberships_contains_paid_content":false,"footnotes":"","jetpack_publicize_message":"","jetpack_publicize_feature_enabled":true,"jetpack_social_post_already_shared":true,"jetpack_social_options":{"image_generator_settings":{"template":"highway","default_image_id":0,"font":"","enabled":false},"version":2},"jetpack_post_was_ever_published":false},"categories":[3],"tags":[],"class_list":["post-38047","post","type-post","status-publish","format-standard","has-post-thumbnail","hentry","category-novosti"],"acf":{"facebook_opis":""},"jetpack_publicize_connections":[],"jetpack_featured_media_url":"https:\/\/i0.wp.com\/historiografija.hr\/wp-content\/uploads\/2021\/12\/povijesne-kontroverze.jpg?fit=1920%2C1080&ssl=1","jetpack_sharing_enabled":true,"jetpack-related-posts":[{"id":52768,"url":"https:\/\/historiografija.hr\/?p=52768","url_meta":{"origin":38047,"position":0},"title":"Poziv za prijavu na me\u0111unarodni ljetni kamp za mlade \u201cYouth in Cold-War Europe\u201d","author":"Filip \u0160imunjak","date":"30. travnja 2026.","format":false,"excerpt":"Otvoren je poziv za prijavu na me\u0111unarodni ljetni kamp \"Youth in Cold-War Europe\", koji se odr\u017eava od 28.08. do 06.09. 2026. godine u Weimaru (Njema\u010dka). Kamp se odr\u017eava u organizaciji Europskog centra za obrazovanje mladih (EJBW) iz Weimara i njegovih me\u0111unarodnih partnera, te uz financijsku podr\u0161ku Europske unije i Savezne\u2026","rel":"","context":"U &quot;Novosti&quot;","block_context":{"text":"Novosti","link":"https:\/\/historiografija.hr\/?cat=3"},"img":{"alt_text":"","src":"https:\/\/i0.wp.com\/historiografija.hr\/wp-content\/uploads\/2026\/04\/LJETNI-KAMP-ZA-MLADE-YOUTH-IN-COLD-WAR-EUROPE.jpg?fit=667%2C375&ssl=1&resize=350%2C200","width":350,"height":200,"srcset":"https:\/\/i0.wp.com\/historiografija.hr\/wp-content\/uploads\/2026\/04\/LJETNI-KAMP-ZA-MLADE-YOUTH-IN-COLD-WAR-EUROPE.jpg?fit=667%2C375&ssl=1&resize=350%2C200 1x, https:\/\/i0.wp.com\/historiografija.hr\/wp-content\/uploads\/2026\/04\/LJETNI-KAMP-ZA-MLADE-YOUTH-IN-COLD-WAR-EUROPE.jpg?fit=667%2C375&ssl=1&resize=525%2C300 1.5x"},"classes":[]},{"id":54813,"url":"https:\/\/historiografija.hr\/?p=54813","url_meta":{"origin":38047,"position":1},"title":"Objavljen 9. broj \u010dasopisa \u201ePodplje\u0161ivi\u010dki grani\u010dari\u201c za 2025. godinu","author":"Branimir Jankovi\u0107","date":"27. srpnja 2026.","format":false,"excerpt":"Objavljen je 9. broj \u010dasopisa \u201ePodplje\u0161ivi\u010dki grani\u010dari\u201c u kojemu se objavljuju znanstveni i stru\u010dni prilozi iz podru\u010dja povijesne znanosti. Ve\u0107ina radova su radovi autora koji su sudjelovali na znanstveno-stru\u010dnom skupu \u201cOp\u0107ina Saborsko i okolica u pro\u0161losti i sada\u0161njosti\u201d koji je odr\u017ean u Saborskom 17. svibnja 2025. Kad bi se gledalo\u2026","rel":"","context":"U &quot;\u010casopisi&quot;","block_context":{"text":"\u010casopisi","link":"https:\/\/historiografija.hr\/?cat=21"},"img":{"alt_text":"","src":"https:\/\/i0.wp.com\/historiografija.hr\/wp-content\/uploads\/2026\/07\/Podpljesivicki-granicari-scaled.jpg?fit=844%2C1200&ssl=1&resize=350%2C200","width":350,"height":200,"srcset":"https:\/\/i0.wp.com\/historiografija.hr\/wp-content\/uploads\/2026\/07\/Podpljesivicki-granicari-scaled.jpg?fit=844%2C1200&ssl=1&resize=350%2C200 1x, https:\/\/i0.wp.com\/historiografija.hr\/wp-content\/uploads\/2026\/07\/Podpljesivicki-granicari-scaled.jpg?fit=844%2C1200&ssl=1&resize=525%2C300 1.5x, https:\/\/i0.wp.com\/historiografija.hr\/wp-content\/uploads\/2026\/07\/Podpljesivicki-granicari-scaled.jpg?fit=844%2C1200&ssl=1&resize=700%2C400 2x"},"classes":[]},{"id":54956,"url":"https:\/\/historiografija.hr\/?p=54956","url_meta":{"origin":38047,"position":2},"title":"Izlo\u017eba &#8220;Drezdenski dnevnik Anke Krizmani\u0107&#8221;","author":"Branimir Jankovi\u0107","date":"13. kolovoza 2026.","format":false,"excerpt":"Mjesto: Muzej grada ZagrebaVrijeme otvorenja: 14. srpnja 2026., 19 satiTrajanje izlo\u017ebe: \u00a014. srpnja \u2013 20. rujna 2026.Autorice: Aneta Bari\u0161i\u0107 i dr. sc. Ana \u0160eparovi\u0107Stru\u010dna suradnica: dr. sc. Tihana Puc U utorak, 14. srpnja 2026. godine, u Muzeju grada Zagreba otvorena je izlo\u017eba Umjetni\u010dkog paviljona u Zagrebu Drezdenski dnevnik Anke Krizmani\u0107.\u2026","rel":"","context":"U &quot;Izlo\u017ebe&quot;","block_context":{"text":"Izlo\u017ebe","link":"https:\/\/historiografija.hr\/?cat=10"},"img":{"alt_text":"","src":"https:\/\/i0.wp.com\/historiografija.hr\/wp-content\/uploads\/2026\/08\/FOTO_MGZ-2.jpg?fit=1200%2C370&ssl=1&resize=350%2C200","width":350,"height":200,"srcset":"https:\/\/i0.wp.com\/historiografija.hr\/wp-content\/uploads\/2026\/08\/FOTO_MGZ-2.jpg?fit=1200%2C370&ssl=1&resize=350%2C200 1x, https:\/\/i0.wp.com\/historiografija.hr\/wp-content\/uploads\/2026\/08\/FOTO_MGZ-2.jpg?fit=1200%2C370&ssl=1&resize=525%2C300 1.5x, https:\/\/i0.wp.com\/historiografija.hr\/wp-content\/uploads\/2026\/08\/FOTO_MGZ-2.jpg?fit=1200%2C370&ssl=1&resize=700%2C400 2x, https:\/\/i0.wp.com\/historiografija.hr\/wp-content\/uploads\/2026\/08\/FOTO_MGZ-2.jpg?fit=1200%2C370&ssl=1&resize=1050%2C600 3x"},"classes":[]},{"id":54227,"url":"https:\/\/historiografija.hr\/?p=54227","url_meta":{"origin":38047,"position":3},"title":"Izlo\u017eba &#8220;Vera barunica Nikoli\u0107 Podrinska (1886. \u2013 1972.)&#8221;","author":"Branimir Jankovi\u0107","date":"19. lipnja 2026.","format":false,"excerpt":"Vera barunica Nikoli\u0107 Podrinska (1886. \u2013 1972.)Izlo\u017eba u povodu 140-e obljetnice ro\u0111enja slikarice16. lipnja \u2013 14. srpnja 2026., Pala\u010da Demeter-Corvin, Pavla Radi\u0107a 24, ZagrebNacionalni muzej moderne umjetnosti u suradnji s Galerijom KonturaKustosica izlo\u017ebe: dr. sc. Ivana Ron\u010devi\u0107 Elezovi\u0107, muzejska savjetnica NMMU Vera barunica Nikoli\u0107 Podrinska (8. studenoga 1886. \u2013 28.\u2026","rel":"","context":"U &quot;Izlo\u017ebe&quot;","block_context":{"text":"Izlo\u017ebe","link":"https:\/\/historiografija.hr\/?cat=10"},"img":{"alt_text":"","src":"https:\/\/i0.wp.com\/historiografija.hr\/wp-content\/uploads\/2026\/06\/Vera-Nikolic-slikarica.jpg?fit=768%2C417&ssl=1&resize=350%2C200","width":350,"height":200,"srcset":"https:\/\/i0.wp.com\/historiografija.hr\/wp-content\/uploads\/2026\/06\/Vera-Nikolic-slikarica.jpg?fit=768%2C417&ssl=1&resize=350%2C200 1x, https:\/\/i0.wp.com\/historiografija.hr\/wp-content\/uploads\/2026\/06\/Vera-Nikolic-slikarica.jpg?fit=768%2C417&ssl=1&resize=525%2C300 1.5x, https:\/\/i0.wp.com\/historiografija.hr\/wp-content\/uploads\/2026\/06\/Vera-Nikolic-slikarica.jpg?fit=768%2C417&ssl=1&resize=700%2C400 2x"},"classes":[]},{"id":5696,"url":"https:\/\/historiografija.hr\/?p=5696","url_meta":{"origin":38047,"position":4},"title":"Branimir Jankovi\u0107 \u2013 kolumna \u201cJavna povijest\u201d \u2013 Jesu li povjesni\u010dari u Hrvatskoj celebrity?","author":"Branimir Jankovi\u0107","date":"24. kolovoza 2017.","format":false,"excerpt":"Pitanje iz naslova vrijedi postaviti za bolje razumijevanje lokalnih specifi\u010dnosti kada ih su\u010delimo s odre\u0111enim globalnim procesima. Naime, etablirani specijalist javne povijesti Jerome de Groot u knjizi Consuming History: Historians and Heritage in Contemporary Popular Culture (2008; usp. osvrt S. Treskanice, Historijski zbornik, 2, 2013) \u2013 u kojoj identificira mnogobrojne\u2026","rel":"","context":"U &quot;Prikazi i osvrti&quot;","block_context":{"text":"Prikazi i osvrti","link":"https:\/\/historiografija.hr\/?cat=4"},"img":{"alt_text":"","src":"","width":0,"height":0},"classes":[]},{"id":53194,"url":"https:\/\/historiografija.hr\/?p=53194","url_meta":{"origin":38047,"position":5},"title":"U HAZU znanstveni skup u povodu 100. godi\u0161njice smrti akademika Mije Ki\u0161pati\u0107a","author":"Branimir Jankovi\u0107","date":"12. svibnja 2026.","format":false,"excerpt":"Hrvatska akademija znanosti i umjetnosti prire\u0111uje prigodni znanstveni skup u povodu 100. godi\u0161njice smrti akademika Mije Ki\u0161pati\u0107a, istaknutoga hrvatskog prirodoslovca, sveu\u010dili\u0161noga profesora i redovitoga \u010dlana Akademije. Obilje\u017eavanjem ove obljetnice Akademija odaje po\u010dast znanstveniku koji je svojim djelovanjem trajno obilje\u017eio razvoj hrvatskih prirodnih znanosti te zauzeo istaknuto mjesto u nacionalnoj znanstvenoj\u2026","rel":"","context":"U &quot;Novosti&quot;","block_context":{"text":"Novosti","link":"https:\/\/historiografija.hr\/?cat=3"},"img":{"alt_text":"","src":"https:\/\/i0.wp.com\/historiografija.hr\/wp-content\/uploads\/2026\/05\/Mijo-Kispatic.png?fit=398%2C500&ssl=1&resize=350%2C200","width":350,"height":200},"classes":[]}],"_links":{"self":[{"href":"https:\/\/historiografija.hr\/index.php?rest_route=\/wp\/v2\/posts\/38047","targetHints":{"allow":["GET"]}}],"collection":[{"href":"https:\/\/historiografija.hr\/index.php?rest_route=\/wp\/v2\/posts"}],"about":[{"href":"https:\/\/historiografija.hr\/index.php?rest_route=\/wp\/v2\/types\/post"}],"author":[{"embeddable":true,"href":"https:\/\/historiografija.hr\/index.php?rest_route=\/wp\/v2\/users\/2"}],"replies":[{"embeddable":true,"href":"https:\/\/historiografija.hr\/index.php?rest_route=%2Fwp%2Fv2%2Fcomments&post=38047"}],"version-history":[{"count":1,"href":"https:\/\/historiografija.hr\/index.php?rest_route=\/wp\/v2\/posts\/38047\/revisions"}],"predecessor-version":[{"id":38048,"href":"https:\/\/historiografija.hr\/index.php?rest_route=\/wp\/v2\/posts\/38047\/revisions\/38048"}],"wp:featuredmedia":[{"embeddable":true,"href":"https:\/\/historiografija.hr\/index.php?rest_route=\/wp\/v2\/media\/28920"}],"wp:attachment":[{"href":"https:\/\/historiografija.hr\/index.php?rest_route=%2Fwp%2Fv2%2Fmedia&parent=38047"}],"wp:term":[{"taxonomy":"category","embeddable":true,"href":"https:\/\/historiografija.hr\/index.php?rest_route=%2Fwp%2Fv2%2Fcategories&post=38047"},{"taxonomy":"post_tag","embeddable":true,"href":"https:\/\/historiografija.hr\/index.php?rest_route=%2Fwp%2Fv2%2Ftags&post=38047"}],"curies":[{"name":"wp","href":"https:\/\/api.w.org\/{rel}","templated":true}]}}