{"id":38038,"date":"2023-11-13T21:08:50","date_gmt":"2023-11-13T21:08:50","guid":{"rendered":"http:\/\/historiografija.hr\/?p=38038"},"modified":"2023-11-13T21:08:50","modified_gmt":"2023-11-13T21:08:50","slug":"izlozba-akademijina-palaca-u-slikovnim-izvorima","status":"publish","type":"post","link":"https:\/\/historiografija.hr\/?p=38038","title":{"rendered":"Izlo\u017eba \u201eAkademijina pala\u010da u slikovnim izvorima\u201c"},"content":{"rendered":"\n<p>Na zapadnoj \u0161etnici Zrinskoga trga i na Strossmayerovom trgu od 9. do 15. studenoga 2023. postavljena je izlo\u017eba Strossmayerove galerije starih majstora HAZU <em>Akademijina pala\u010da u slikovnim izvorima<\/em> na ukupno devet izlo\u017ebenih panela (\u0161est na Zrinskom i tri na Strossmayerovom trgu).<\/p>\n\n\n\n<p>Pala\u010da Hrvatske akademije znanosti i umjetnosti (HAZU) svoja je vrata otvorila javnosti 9. studenoga 1884. sve\u010danim otvorenjem Strossmayerove galerije starih majstora na drugome katu zgrade, prvotno i zami\u0161ljene primarno za smje\u0161taj galerije umjetnina. Pala\u010da je stradala u tzv. Velikom zagreba\u010dkom potresu 1880. godine jo\u0161 za vrijeme izgradnje, a te\u0161ko je o\u0161te\u0107ena u razornim potresima 2020. godine te joj nakon faze konstrukcijske obnove u razdoblju koje slijedi predstoji pa\u017eljiva cjelovita obnova.<\/p>\n\n\n\n<p>Za vrijeme dok je Pala\u010da nedostupna javnosti, a umjetnine Strossmayerove galerije i druga vrijedna Akademijina umjetni\u010dka gra\u0111a izmje\u0161teni u privremenu \u010duvaonicu, izlo\u017eba <em>Akademijina pala\u010da u slikovnim izvorima <\/em>u javni prostor Zrinskog i Strossmayerova trga donosi izbor slikovnih arhivskih izvora koji svjedo\u010de o gradnji i povijesti Akademijine pala\u010de i upu\u0107uju na njezin zna\u010daj u urbanizmu Zagreba i kulturnoj povijesti glavnoga grada i \u010ditave Hrvatske 19. i 20. stolje\u0107a.<\/p>\n\n\n\n<p>Pala\u010da Hrvatske akademije znanosti i umjetnosti, \u010dija je gradnja zapo\u010dela 1877. godine, postavila je visok uzor i ostaloj arhitekturi na trgu te ispunila namijenjenu joj urbanisti\u010dku, arhitektonsku i simboli\u010dku ulogu. Do kraja osmoga desetlje\u0107a 19. stolje\u0107a Zrinski trg s perivojem, ure\u0111enim 1873., zadobiva jedinstven stilski izgled i urbano mjerilo. Simboli\u010dka va\u017enost pala\u010de utjecala je i na kasnija preure\u0111enja Zrinskoga trga kao i Akademi\u010dkog, odnosno Strossmayerova trga.<\/p>\n\n\n\n<p>U tek su nekoliko povijesnih trenutaka zgrada i stalni postav Strossmayerove galerije bili nedostupni javnosti. Privremeno nedostupan tijekom ratnih razaranja za vrijeme Drugoga svjetskog rata i za vrijeme Domovinskog rata 1990-ih godina, postav je na\u017ealost morao biti uklonjen i nedavno, zbog posljedica razornog potresa koji je u o\u017eujku 2020. godine te\u0161ko pogodio sredi\u0161te Zagreba.<\/p>\n\n\n\n<p>U tijeku je provedba operacije Izrada projektne dokumentacije i provedba mjera za\u0161tite zgrade Pala\u010de Hrvatske akademije znanosti i umjetnosti u okviru koje se sredstvima Fonda solidarnosti Europske unije i dr\u017eavnog prora\u010duna financira konstrukcijska obnova prema projektu glavne projektantice Jasminke Ke\u010danovi\u0107 \u0160imec, dipl. ing. arch. Nakon radova konstrukcijske obnove planira se daljnja energetska i cjelovita obnova.<\/p>\n\n\n\n<p>Paralelno s cjelovitom obnovom zgrade Hrvatske akademije znanosti i umjetnosti osmi\u0161ljava se novi stalni postav Strossmayerove galerije u obnovljenim izlo\u017ebenim dvoranama drugoga kata Pala\u010de.<\/p>\n\n\n\n<p>autorice izlo\u017ebe: dr. sc. Ljerka Dulibi\u0107, Ivana Gr\u017eina<\/p>\n\n\n\n<p>lektura: Livija Re\u0161kovac<\/p>\n\n\n\n<p>prijevod na engleski: Lucija Buri\u0107<\/p>\n\n\n\n<p>idejno grafi\u010dko rje\u0161enje: dr. sc. Ivan Feren\u010dak<\/p>\n\n\n\n<p>Izlo\u017eba je realizirana sredstvima Ministarstva kulture i medija Republike Hrvatske i Gradskog ureda za kulturu, me\u0111ugradsku i me\u0111unarodnu suradnju i civilno dru\u0161tvo Grada Zagreba. \/ The realization of this exhibition was enabled by the Ministry of Culture and Media of the Republic of Croatia, and The City of Zagreb\u2019s City Office for Culture, International Relations and Civil Society.<\/p>\n\n\n\n<hr class=\"wp-block-separator\"\/>\n\n\n\n<p>Izvor:<\/p>\n\n\n\n<figure class=\"wp-block-embed-wordpress wp-block-embed is-type-wp-embed is-provider-hazu\"><div class=\"wp-block-embed__wrapper\">\n<blockquote class=\"wp-embedded-content\" data-secret=\"l15a6D1RES\"><a href=\"https:\/\/www.info.hazu.hr\/events\/izlozba-akademijina-palaca-u-slikovnim-izvorima\/\">Izlo\u017eba Akademijina pala\u010da u slikovnim izvorima<\/a><\/blockquote><iframe loading=\"lazy\" class=\"wp-embedded-content\" sandbox=\"allow-scripts\" security=\"restricted\" style=\"position: absolute; clip: rect(1px, 1px, 1px, 1px);\" title=\"&#8220;Izlo\u017eba Akademijina pala\u010da u slikovnim izvorima&#8221; &#8212; HAZU\" src=\"https:\/\/www.info.hazu.hr\/events\/izlozba-akademijina-palaca-u-slikovnim-izvorima\/embed\/#?secret=l15a6D1RES\" data-secret=\"l15a6D1RES\" width=\"600\" height=\"338\" frameborder=\"0\" marginwidth=\"0\" marginheight=\"0\" scrolling=\"no\"><\/iframe>\n<\/div><\/figure>\n\n\n\n<hr class=\"wp-block-separator\"\/>\n","protected":false},"excerpt":{"rendered":"","protected":false},"author":2,"featured_media":38039,"comment_status":"open","ping_status":"open","sticky":false,"template":"","format":"standard","meta":{"_acf_changed":false,"jetpack_post_was_ever_published":false,"_jetpack_newsletter_access":"","_jetpack_dont_email_post_to_subs":false,"_jetpack_newsletter_tier_id":0,"_jetpack_memberships_contains_paywalled_content":false,"_jetpack_memberships_contains_paid_content":false,"footnotes":"","jetpack_publicize_message":"","jetpack_publicize_feature_enabled":true,"jetpack_social_post_already_shared":true,"jetpack_social_options":{"image_generator_settings":{"template":"highway","default_image_id":0,"font":"","enabled":false},"version":2}},"categories":[10,3],"tags":[],"class_list":["post-38038","post","type-post","status-publish","format-standard","has-post-thumbnail","hentry","category-izlozbe","category-novosti"],"acf":{"facebook_opis":""},"jetpack_publicize_connections":[],"jetpack_featured_media_url":"https:\/\/i0.wp.com\/historiografija.hr\/wp-content\/uploads\/2023\/11\/palaca-hazu.jpg?fit=568%2C665&ssl=1","jetpack_sharing_enabled":true,"jetpack-related-posts":[],"_links":{"self":[{"href":"https:\/\/historiografija.hr\/index.php?rest_route=\/wp\/v2\/posts\/38038","targetHints":{"allow":["GET"]}}],"collection":[{"href":"https:\/\/historiografija.hr\/index.php?rest_route=\/wp\/v2\/posts"}],"about":[{"href":"https:\/\/historiografija.hr\/index.php?rest_route=\/wp\/v2\/types\/post"}],"author":[{"embeddable":true,"href":"https:\/\/historiografija.hr\/index.php?rest_route=\/wp\/v2\/users\/2"}],"replies":[{"embeddable":true,"href":"https:\/\/historiografija.hr\/index.php?rest_route=%2Fwp%2Fv2%2Fcomments&post=38038"}],"version-history":[{"count":1,"href":"https:\/\/historiografija.hr\/index.php?rest_route=\/wp\/v2\/posts\/38038\/revisions"}],"predecessor-version":[{"id":38040,"href":"https:\/\/historiografija.hr\/index.php?rest_route=\/wp\/v2\/posts\/38038\/revisions\/38040"}],"wp:featuredmedia":[{"embeddable":true,"href":"https:\/\/historiografija.hr\/index.php?rest_route=\/wp\/v2\/media\/38039"}],"wp:attachment":[{"href":"https:\/\/historiografija.hr\/index.php?rest_route=%2Fwp%2Fv2%2Fmedia&parent=38038"}],"wp:term":[{"taxonomy":"category","embeddable":true,"href":"https:\/\/historiografija.hr\/index.php?rest_route=%2Fwp%2Fv2%2Fcategories&post=38038"},{"taxonomy":"post_tag","embeddable":true,"href":"https:\/\/historiografija.hr\/index.php?rest_route=%2Fwp%2Fv2%2Ftags&post=38038"}],"curies":[{"name":"wp","href":"https:\/\/api.w.org\/{rel}","templated":true}]}}