{"id":38028,"date":"2023-11-10T23:34:25","date_gmt":"2023-11-10T23:34:25","guid":{"rendered":"http:\/\/historiografija.hr\/?p=38028"},"modified":"2023-11-10T23:34:25","modified_gmt":"2023-11-10T23:34:25","slug":"maria-leitner-elisabeth-hitlerova-uzdanica","status":"publish","type":"post","link":"https:\/\/historiografija.hr\/?p=38028","title":{"rendered":"Maria Leitner, \u201eELISABETH, HITLEROVA UZDANICA\u201c"},"content":{"rendered":"\n<p>S njema\u010dkoga preveo Damjan Lalovi\u0107<\/p>\n\n\n\n<hr class=\"wp-block-separator\"\/>\n\n\n\n<p>Roman prati put mlade Berlin\u010danke Elisabeth zaslijepljene nacionalsocijalizmom, od zanosa novom ideologijom koji dijeli s mladim pripadnikom SA-a u kojeg se zaljubljuje preko iskustva u radno-odgojnom logoru, gdje na vlastitoj ko\u017ei prepoznaje u\u017eas nacisti\u010dke ideologije u praksi pa sve do potpunog razo\u010daranja u novi poredak, pobune i nevjerice pri spoznaji kakav je pogled na \u017eivot momka kojega voli i u \u0161to ga je nacisti\u010dka propaganda sistema pretvorila. Ovo djelo autorice \u017eidovskog porijekla, ro\u0111ene u Vara\u017edinu, prvotno je bilo objavljeno 1937. u nastavcima u <em>Pari\u0161kom dnevniku<\/em>, tada jedinom dnevniku na njema\u010dkom jeziku Nijemaca u egzilu koji su se, u ovom slu\u010daju iz Francuske, nastojali suprotstaviti nacizmu. Ono je neprikrivena replika na demago\u0161ki i propagandisti\u010dki roman Helge Kn\u00f6pke-Joest <em>Ulla, Hitlerova uzdanica<\/em> iz 1933. kojom autorica iskazuje svoj revolt zbog svekolike indoktrinacije mladih u Njema\u010dkoj u godinama nakon dolaska nacista na vlast. <strong>Maria Leitner<\/strong> u ovom romanu zaviruje iza plavih o\u010diju mlade\u017ei Njema\u010dke 1930-ih i nudi vjeran uvid u ljudski potencijal one\u010dovje\u010denja koji \u0107e uskoro dovesti do najve\u0107e katastrofe XX. stolje\u0107a.<\/p>\n\n\n\n<p><strong>Maria Leitner<\/strong> ro\u0111ena je 1892. u Vara\u017edinu u bogatoj i utjecajnoj \u017eidovskoj obitelji, koja se 1896. seli u Budimpe\u0161tu. Nakon studija u \u0160vicarskoj od 1910. do 1913. vra\u0107a se u Budimpe\u0161tu i zapo\u010dinje bogatu novinarsku karijeru, u kojoj je za vrijeme rata bila i inozemna dopisnica iz Stockholma. Zbog antimilitaristi\u010dke aktivnosti u Ma\u0111arskoj i straha od progona 1920. bje\u017ei u Berlin, gdje radi kao prevoditeljica: 1923. na njema\u010dki je prevela <em>Tibetanske bajke<\/em> (<em>Tibetische M\u00e4rchen<\/em>). Potom kao izaslanica Saveza ma\u0111arske komunisti\u010dke omladine odlazi u Moskvu, a 1925. u SAD, odakle izvje\u0161tava za njema\u010dke radni\u010dke novine (prvenstveno za Uhu), i to posebno o ulozi i mjestu \u017eene, \u0161to poslije objavljuje u romanu <em>Hotel Amerika<\/em> (1930). Godine 1929. vra\u0107a se u Njema\u010dku, gdje pi\u0161e reporta\u017ee o ja\u010danju nacisti\u010dke partije. Godine 1932. objavljuje knjigu <em>Odupri se, Akato!<\/em> (<em>Wehr dich, Akato!<\/em>) u kojoj donosi dojmove s putovanja Ju\u017enom Amerikom i zbirku reporta\u017ea iz SAD-a \u017dena putuje svijetom (<em>Eine Frau reist durch die Welt<\/em>). Po\u010detkom 1933. pi\u0161e seriju \u010dlanaka <em>\u017dene u oluji vremena<\/em> (<em>Frauen im Sturm der Zeit<\/em>) u kojima opisuje te\u0161ke \u017eivote osam berlinskih \u017eena. Nakon dolaska Hitlera na vlast emigrira u Francusku, gdje 1937. u Pariser Tageblattu u nastavcima objavljuje roman <em>Elisabeth, Hitlerova uzdanica<\/em> (<em>Elisabeth, ein Hitlerm\u00e4dchen<\/em>). Nakon nacisti\u010dkog osvajanja Francuske privremeno je internirana u koncentracijskom logoru. Nakon posljednjeg pisma iz Marseillea (4. o\u017eujka 1941) gubi joj se trag.<\/p>\n\n\n\n<hr class=\"wp-block-separator\"\/>\n\n\n\n<p>Godina izdanja: 2023<\/p>\n\n\n\n<p>Broj stranica: 252<\/p>\n\n\n\n<hr class=\"wp-block-separator\"\/>\n\n\n\n<p>Pro\u010ditaj po\u010detak knjige:<\/p>\n\n\n\n<figure class=\"wp-block-embed-wordpress wp-block-embed is-type-wp-embed is-provider-disput\"><div class=\"wp-block-embed__wrapper\">\n<blockquote class=\"wp-embedded-content\" data-secret=\"QNYopNxwx6\"><a href=\"https:\/\/disput.hr\/shop\/elisabeth-hitlerova-uzdanica\/\">ELISABETH, HITLEROVA UZDANICA<\/a><\/blockquote><iframe loading=\"lazy\" class=\"wp-embedded-content\" sandbox=\"allow-scripts\" security=\"restricted\" style=\"position: absolute; clip: rect(1px, 1px, 1px, 1px);\" title=\"&#8220;ELISABETH, HITLEROVA UZDANICA&#8221; &#8212; Disput\" src=\"https:\/\/disput.hr\/shop\/elisabeth-hitlerova-uzdanica\/embed\/#?secret=ADsKeVV5Lb#?secret=QNYopNxwx6\" data-secret=\"QNYopNxwx6\" width=\"600\" height=\"338\" frameborder=\"0\" marginwidth=\"0\" marginheight=\"0\" scrolling=\"no\"><\/iframe>\n<\/div><\/figure>\n\n\n\n<hr class=\"wp-block-separator\"\/>\n","protected":false},"excerpt":{"rendered":"","protected":false},"author":2,"featured_media":38029,"comment_status":"open","ping_status":"open","sticky":false,"template":"","format":"standard","meta":{"_acf_changed":false,"jetpack_post_was_ever_published":false,"_jetpack_newsletter_access":"","_jetpack_dont_email_post_to_subs":false,"_jetpack_newsletter_tier_id":0,"_jetpack_memberships_contains_paywalled_content":false,"_jetpack_memberships_contains_paid_content":false,"footnotes":"","jetpack_publicize_message":"","jetpack_publicize_feature_enabled":true,"jetpack_social_post_already_shared":true,"jetpack_social_options":{"image_generator_settings":{"template":"highway","default_image_id":0,"font":"","enabled":false},"version":2}},"categories":[3,12],"tags":[],"class_list":["post-38028","post","type-post","status-publish","format-standard","has-post-thumbnail","hentry","category-novosti","category-knjizevnost"],"acf":{"facebook_opis":""},"jetpack_publicize_connections":[],"jetpack_featured_media_url":"https:\/\/i0.wp.com\/historiografija.hr\/wp-content\/uploads\/2023\/11\/Elisabeth.jpg?fit=1300%2C2048&ssl=1","jetpack_sharing_enabled":true,"jetpack-related-posts":[],"_links":{"self":[{"href":"https:\/\/historiografija.hr\/index.php?rest_route=\/wp\/v2\/posts\/38028","targetHints":{"allow":["GET"]}}],"collection":[{"href":"https:\/\/historiografija.hr\/index.php?rest_route=\/wp\/v2\/posts"}],"about":[{"href":"https:\/\/historiografija.hr\/index.php?rest_route=\/wp\/v2\/types\/post"}],"author":[{"embeddable":true,"href":"https:\/\/historiografija.hr\/index.php?rest_route=\/wp\/v2\/users\/2"}],"replies":[{"embeddable":true,"href":"https:\/\/historiografija.hr\/index.php?rest_route=%2Fwp%2Fv2%2Fcomments&post=38028"}],"version-history":[{"count":1,"href":"https:\/\/historiografija.hr\/index.php?rest_route=\/wp\/v2\/posts\/38028\/revisions"}],"predecessor-version":[{"id":38030,"href":"https:\/\/historiografija.hr\/index.php?rest_route=\/wp\/v2\/posts\/38028\/revisions\/38030"}],"wp:featuredmedia":[{"embeddable":true,"href":"https:\/\/historiografija.hr\/index.php?rest_route=\/wp\/v2\/media\/38029"}],"wp:attachment":[{"href":"https:\/\/historiografija.hr\/index.php?rest_route=%2Fwp%2Fv2%2Fmedia&parent=38028"}],"wp:term":[{"taxonomy":"category","embeddable":true,"href":"https:\/\/historiografija.hr\/index.php?rest_route=%2Fwp%2Fv2%2Fcategories&post=38028"},{"taxonomy":"post_tag","embeddable":true,"href":"https:\/\/historiografija.hr\/index.php?rest_route=%2Fwp%2Fv2%2Ftags&post=38028"}],"curies":[{"name":"wp","href":"https:\/\/api.w.org\/{rel}","templated":true}]}}