{"id":38018,"date":"2023-11-10T23:10:13","date_gmt":"2023-11-10T23:10:13","guid":{"rendered":"http:\/\/historiografija.hr\/?p=38018"},"modified":"2023-11-10T23:10:53","modified_gmt":"2023-11-10T23:10:53","slug":"julijana-adamovic-oce-ako-jesi","status":"publish","type":"post","link":"https:\/\/historiografija.hr\/?p=38018","title":{"rendered":"Julijana Adamovi\u0107, \u201eO\u010de, ako jesi\u201c"},"content":{"rendered":"\n<p>Kada se 1965. mladi rezervist Damjan Kne\u017eevi\u0107 prilikom spa\u0161avanja ljudi iz potopljenog sela domogne vrijednoga ru\u010dnog sata iz Drugoga svjetskog rata i hrpe dokumenata, vjeruje da je prona\u0161ao trag svoga oca. Slijede\u0107i vi\u0161e od dvadeset godina tragove iz dnevnik\u0101 i papir\u0101, tragat \u0107e za svojim ocem, a zapravo slagati pri\u010du Pala Na\u0111a. Pri\u010du koja je mogla biti i sudbina njegova, njemu nepoznata oca. Vojvo\u0111anski Ma\u0111ar Na\u0111 imao je tri sina s tri razli\u010dite \u017eene \u2013 \u0160vabicom, Ma\u0111aricom i Hercegovkom, sva su trojica na ovaj ili onaj na\u010din nosila ime Tomo, a za sebe je sanjao velike snove, koje nikad nije ostvario. Sudbina Pala Na\u0111a, njegovih \u017eena, majke i djece sudbina je onih kojima se vihor povijesti poigrava, onih koji vjeruju u bolju budu\u0107nost koja traje do sljede\u0107eg rata, sljede\u0107e revolucije. Julijana Adamovi\u0107 ispisala je veli\u010danstven roman o Panoniji \u2013 crnoj zemlji koja ra\u0111a i pokapa. <em>O\u010de ako jesi<\/em> atipi\u010dna je obiteljska saga, velik roman o \u017eenama i mu\u0161karcima, o politi\u010dkim funkcionarima, o obi\u010dnim ljudima, no nadasve o sinovima koji ostaju bez o\u010deva i cijeli ih \u017eivot tra\u017ee umjesto da krenu svojim, druga\u010dijim, putem.<\/p>\n\n\n\n<p>\u201cNije pro\u0161lo ni punih osam godina prije malerozne ko\u0161nje, prije o\u010deve izdaje jer, mislio je Pal, kako druga\u010dije nazvati taj kukavi\u010dluk i sebi\u010dni bijeg \u2013 pakost kojom te ro\u0111eni otac i mrtav poku\u0161ava ujarmiti, motikom vezati za puste redove kukuruza \u2013 oti\u0161ao je ne samo konj ve\u0107 i oni \u0161to ga upravo vlastitim izostankom uporno pribadaju uza strni\u0161ta i oranice: Mi\u0161ko i Jani. Samo tako: pali i sagnjili. Ali, on \u0107e im se oteti. Otimao se i ja\u010dima. Tako je bilo i u aprilu \u201941., kad ga je rat zatekao pred sam kraj roka u staroj vojsci, pretrpio ranjavanje \u2013 ruka i lice, i od strane \u0160vaba zarobljen kod Krupnja. \u2018Nemojte da mi se obra\u0107ate na srpskom\u2019, rekao je dvojici kolega. Jer, sve troje su \u0161vapski znali, a on najbolje: \u0161egrtovao kod Klug Otta, \u0161to ih je \u2013 \u0161vapski jezik i Palovo pozivanje na Kluga \u2013 spasilo logora. Ostali tamo zavr\u0161ili. Njih na kamare. Daljnje vrijeme rata proveo je on pod za\u0161titom gazde Otta, daleko od metaka i rovova, ra\u010dunaju\u0107i da \u0107e tako do kraja.\u201d<\/p>\n\n\n\n<hr class=\"wp-block-separator\"\/>\n\n\n\n<p>Broj stranica: 264<\/p>\n\n\n\n<p>Datum izdanja: studeni 2023.<\/p>\n\n\n\n<hr class=\"wp-block-separator\"\/>\n\n\n\n<p>Izvor:<\/p>\n\n\n\n<p><a href=\"https:\/\/fraktura.hr\/oce-ako-jesi.html\">https:\/\/fraktura.hr\/oce-ako-jesi.html<\/a><\/p>\n\n\n\n<hr class=\"wp-block-separator\"\/>\n","protected":false},"excerpt":{"rendered":"","protected":false},"author":2,"featured_media":38019,"comment_status":"open","ping_status":"open","sticky":false,"template":"","format":"standard","meta":{"_acf_changed":false,"jetpack_post_was_ever_published":false,"_jetpack_newsletter_access":"","_jetpack_dont_email_post_to_subs":false,"_jetpack_newsletter_tier_id":0,"_jetpack_memberships_contains_paywalled_content":false,"_jetpack_memberships_contains_paid_content":false,"footnotes":"","jetpack_publicize_message":"","jetpack_publicize_feature_enabled":true,"jetpack_social_post_already_shared":true,"jetpack_social_options":{"image_generator_settings":{"template":"highway","default_image_id":0,"font":"","enabled":false},"version":2}},"categories":[3,12],"tags":[],"class_list":["post-38018","post","type-post","status-publish","format-standard","has-post-thumbnail","hentry","category-novosti","category-knjizevnost"],"acf":{"facebook_opis":""},"jetpack_publicize_connections":[],"jetpack_featured_media_url":"https:\/\/i0.wp.com\/historiografija.hr\/wp-content\/uploads\/2023\/11\/oce_ako_jesi.jpg?fit=411%2C610&ssl=1","jetpack_sharing_enabled":true,"jetpack-related-posts":[],"_links":{"self":[{"href":"https:\/\/historiografija.hr\/index.php?rest_route=\/wp\/v2\/posts\/38018","targetHints":{"allow":["GET"]}}],"collection":[{"href":"https:\/\/historiografija.hr\/index.php?rest_route=\/wp\/v2\/posts"}],"about":[{"href":"https:\/\/historiografija.hr\/index.php?rest_route=\/wp\/v2\/types\/post"}],"author":[{"embeddable":true,"href":"https:\/\/historiografija.hr\/index.php?rest_route=\/wp\/v2\/users\/2"}],"replies":[{"embeddable":true,"href":"https:\/\/historiografija.hr\/index.php?rest_route=%2Fwp%2Fv2%2Fcomments&post=38018"}],"version-history":[{"count":2,"href":"https:\/\/historiografija.hr\/index.php?rest_route=\/wp\/v2\/posts\/38018\/revisions"}],"predecessor-version":[{"id":38021,"href":"https:\/\/historiografija.hr\/index.php?rest_route=\/wp\/v2\/posts\/38018\/revisions\/38021"}],"wp:featuredmedia":[{"embeddable":true,"href":"https:\/\/historiografija.hr\/index.php?rest_route=\/wp\/v2\/media\/38019"}],"wp:attachment":[{"href":"https:\/\/historiografija.hr\/index.php?rest_route=%2Fwp%2Fv2%2Fmedia&parent=38018"}],"wp:term":[{"taxonomy":"category","embeddable":true,"href":"https:\/\/historiografija.hr\/index.php?rest_route=%2Fwp%2Fv2%2Fcategories&post=38018"},{"taxonomy":"post_tag","embeddable":true,"href":"https:\/\/historiografija.hr\/index.php?rest_route=%2Fwp%2Fv2%2Ftags&post=38018"}],"curies":[{"name":"wp","href":"https:\/\/api.w.org\/{rel}","templated":true}]}}