{"id":38000,"date":"2023-11-10T22:15:19","date_gmt":"2023-11-10T22:15:19","guid":{"rendered":"http:\/\/historiografija.hr\/?p=38000"},"modified":"2023-11-10T22:15:19","modified_gmt":"2023-11-10T22:15:19","slug":"znanstveni-skup-opcina-sveti-filip-i-jakov-u-sjeni-povijesnog-rogova","status":"publish","type":"post","link":"https:\/\/historiografija.hr\/?p=38000","title":{"rendered":"Znanstveni skup &#8220;Op\u0107ina Sveti Filip i Jakov u sjeni povijesnog Rogova&#8221;"},"content":{"rendered":"\n<p>Sveu\u010dili\u0161te u Zadru i Op\u0107ina Sveti Filip i Jakov pozivaju Vas na Znanstveni skup&nbsp;<em>Op\u0107ina Sveti Filip i Jakov u sjeni povijesnog Rogova<\/em>, koji \u0107e se odr\u017eati 10. i 11. studenoga u Zadru i Svetom Filipu i Jakovu. Otvorenje skupa \u0107e se odr\u017eati na Sveu\u010dili\u0161tu u Zadru (Novi kampus, Tu\u0111manova 24 i, Multimedijalna dvorana, 1. kat), u petak 10. studenoga 2023. s po\u010detkom u 9 sati.<\/p>\n\n\n\n<p>Radujemo se Va\u0161em dolasku!<\/p>\n\n\n\n<p><a rel=\"noreferrer noopener\" href=\"https:\/\/www.unizd.hr\/Portals\/0\/Raspored%20izlaganja.pdf\" target=\"_blank\">Raspored izlaganja<\/a><\/p>\n\n\n\n<hr class=\"wp-block-separator\"\/>\n\n\n\n<p>Izvor:<\/p>\n\n\n\n<p><a href=\"https:\/\/www.unizd.hr\/obavijesti\/view\/znanstveni-skup-opcina-sveti-filip-i-jakov-u-sjeni-povijesnog-rogova\">https:\/\/www.unizd.hr\/obavijesti\/view\/znanstveni-skup-opcina-sveti-filip-i-jakov-u-sjeni-povijesnog-rogova<\/a><\/p>\n\n\n\n<hr class=\"wp-block-separator\"\/>\n","protected":false},"excerpt":{"rendered":"","protected":false},"author":2,"featured_media":38001,"comment_status":"open","ping_status":"open","sticky":false,"template":"","format":"standard","meta":{"_acf_changed":false,"jetpack_post_was_ever_published":false,"_jetpack_newsletter_access":"","_jetpack_dont_email_post_to_subs":false,"_jetpack_newsletter_tier_id":0,"_jetpack_memberships_contains_paywalled_content":false,"_jetpack_memberships_contains_paid_content":false,"footnotes":"","jetpack_publicize_message":"","jetpack_publicize_feature_enabled":true,"jetpack_social_post_already_shared":true,"jetpack_social_options":{"image_generator_settings":{"template":"highway","default_image_id":0,"font":"","enabled":false},"version":2}},"categories":[3,9],"tags":[],"class_list":["post-38000","post","type-post","status-publish","format-standard","has-post-thumbnail","hentry","category-novosti","category-skupovi"],"acf":{"facebook_opis":""},"jetpack_publicize_connections":[],"jetpack_featured_media_url":"https:\/\/i0.wp.com\/historiografija.hr\/wp-content\/uploads\/2023\/11\/Sv_Filip_Jakov.jpg?fit=1385%2C2048&ssl=1","jetpack_sharing_enabled":true,"jetpack-related-posts":[],"_links":{"self":[{"href":"https:\/\/historiografija.hr\/index.php?rest_route=\/wp\/v2\/posts\/38000","targetHints":{"allow":["GET"]}}],"collection":[{"href":"https:\/\/historiografija.hr\/index.php?rest_route=\/wp\/v2\/posts"}],"about":[{"href":"https:\/\/historiografija.hr\/index.php?rest_route=\/wp\/v2\/types\/post"}],"author":[{"embeddable":true,"href":"https:\/\/historiografija.hr\/index.php?rest_route=\/wp\/v2\/users\/2"}],"replies":[{"embeddable":true,"href":"https:\/\/historiografija.hr\/index.php?rest_route=%2Fwp%2Fv2%2Fcomments&post=38000"}],"version-history":[{"count":1,"href":"https:\/\/historiografija.hr\/index.php?rest_route=\/wp\/v2\/posts\/38000\/revisions"}],"predecessor-version":[{"id":38002,"href":"https:\/\/historiografija.hr\/index.php?rest_route=\/wp\/v2\/posts\/38000\/revisions\/38002"}],"wp:featuredmedia":[{"embeddable":true,"href":"https:\/\/historiografija.hr\/index.php?rest_route=\/wp\/v2\/media\/38001"}],"wp:attachment":[{"href":"https:\/\/historiografija.hr\/index.php?rest_route=%2Fwp%2Fv2%2Fmedia&parent=38000"}],"wp:term":[{"taxonomy":"category","embeddable":true,"href":"https:\/\/historiografija.hr\/index.php?rest_route=%2Fwp%2Fv2%2Fcategories&post=38000"},{"taxonomy":"post_tag","embeddable":true,"href":"https:\/\/historiografija.hr\/index.php?rest_route=%2Fwp%2Fv2%2Ftags&post=38000"}],"curies":[{"name":"wp","href":"https:\/\/api.w.org\/{rel}","templated":true}]}}