{"id":37986,"date":"2023-11-09T22:57:52","date_gmt":"2023-11-09T22:57:52","guid":{"rendered":"http:\/\/historiografija.hr\/?p=37986"},"modified":"2023-11-09T22:58:29","modified_gmt":"2023-11-09T22:58:29","slug":"znanstveni-skup-opcina-majur-prostor-ljudi-bastina-identitet","status":"publish","type":"post","link":"https:\/\/historiografija.hr\/?p=37986","title":{"rendered":"Znanstveni skup &#8220;Op\u0107ina Majur &#8211; prostor, ljudi, ba\u0161tina, identitet\u201c"},"content":{"rendered":"\n<p>U ponedjeljak, 13. studenog 2023. u organizaciji Hrvatskog instituta za povijest i Op\u0107ine Majur u istoimenom mjestu odr\u017eat \u0107e se znanstveni skup &#8220;OP\u0106INA MAJUR &#8211; PROSTOR, LJUDI, BA\u0160TINA, IDENTITET&#8221; na kojemu \u0107e se razmotriti sljede\u0107e teme: prirodni okoli\u0161, reljefne osobitosti, povijest, pokretna i nepokretna povijesna ba\u0161tina, jezikoslovlje, etnografske osobitosti, demografija, religijska ba\u0161tina.<\/p>\n\n\n\n<hr class=\"wp-block-separator\"\/>\n\n\n\n<div class=\"wp-block-file\"><a href=\"https:\/\/historiografija.hr\/wp-content\/uploads\/2023\/11\/Majur-PROGRAM.pdf\">Majur-PROGRAM<\/a><a href=\"https:\/\/historiografija.hr\/wp-content\/uploads\/2023\/11\/Majur-PROGRAM.pdf\" class=\"wp-block-file__button\" download>Preuzmi<\/a><\/div>\n\n\n\n<hr class=\"wp-block-separator\"\/>\n","protected":false},"excerpt":{"rendered":"","protected":false},"author":2,"featured_media":34361,"comment_status":"open","ping_status":"open","sticky":false,"template":"","format":"standard","meta":{"_acf_changed":false,"_jetpack_newsletter_access":"","_jetpack_dont_email_post_to_subs":false,"_jetpack_newsletter_tier_id":0,"_jetpack_memberships_contains_paywalled_content":false,"_jetpack_memberships_contains_paid_content":false,"footnotes":"","jetpack_publicize_message":"","jetpack_publicize_feature_enabled":true,"jetpack_social_post_already_shared":true,"jetpack_social_options":{"image_generator_settings":{"template":"highway","default_image_id":0,"font":"","enabled":false},"version":2},"jetpack_post_was_ever_published":false},"categories":[3,9],"tags":[],"class_list":["post-37986","post","type-post","status-publish","format-standard","has-post-thumbnail","hentry","category-novosti","category-skupovi"],"acf":{"facebook_opis":""},"jetpack_publicize_connections":[],"jetpack_featured_media_url":"https:\/\/i0.wp.com\/historiografija.hr\/wp-content\/uploads\/2023\/02\/Opcina_Majur.jpg?fit=1241%2C614&ssl=1","jetpack_sharing_enabled":true,"jetpack-related-posts":[{"id":53580,"url":"https:\/\/historiografija.hr\/?p=53580","url_meta":{"origin":37986,"position":0},"title":"Me\u0111unarodni znanstveni skup &#8220;Dan ekonomske historije 2026. Prostor, ljudi, ideje: Tomislav Raukar i svjetovi ekonomije&#8221;","author":"Branimir Jankovi\u0107","date":"21. svibnja 2026.","format":false,"excerpt":"Me\u0111unarodni znanstveni skup \"Dan ekonomske historije 2026. Prostor, ljudi, ideje: Tomislav Raukar i svjetovi ekonomije\" odr\u017eat \u0107e se u petak, 22. svibnja 2026. s po\u010detkom u 11 sati u Vije\u0107nici Filozofskog fakulteta Sveu\u010dili\u0161ta u Zagrebu. Programska knji\u017eica - Dan ekonomske historije 2026Preuzmi","rel":"","context":"U &quot;Novosti&quot;","block_context":{"text":"Novosti","link":"https:\/\/historiografija.hr\/?cat=3"},"img":{"alt_text":"","src":"https:\/\/i0.wp.com\/historiografija.hr\/wp-content\/uploads\/2026\/05\/Raukar.jpg?fit=875%2C414&ssl=1&resize=350%2C200","width":350,"height":200,"srcset":"https:\/\/i0.wp.com\/historiografija.hr\/wp-content\/uploads\/2026\/05\/Raukar.jpg?fit=875%2C414&ssl=1&resize=350%2C200 1x, https:\/\/i0.wp.com\/historiografija.hr\/wp-content\/uploads\/2026\/05\/Raukar.jpg?fit=875%2C414&ssl=1&resize=525%2C300 1.5x, https:\/\/i0.wp.com\/historiografija.hr\/wp-content\/uploads\/2026\/05\/Raukar.jpg?fit=875%2C414&ssl=1&resize=700%2C400 2x"},"classes":[]},{"id":52887,"url":"https:\/\/historiografija.hr\/?p=52887","url_meta":{"origin":37986,"position":1},"title":"Znanstveni skup \u201eKalnik ju\u010der, danas, sutra\u201c","author":"Filip \u0160imunjak","date":"6. svibnja 2026.","format":false,"excerpt":"U Planinarskom domu Kalnik (Planinarac) u petak 8. svibnja 2026. odr\u017eat \u0107e se znanstveno-stru\u010dni skup \u201eKalnik ju\u010der, danas, sutra\u201c, koji okuplja znanstvenike, stru\u010dnjake i razvojne dionike s ciljem predstavljanja najnovijih istra\u017eivanja o Kalniku te otvaranja pitanja njegove obnove, valorizacije i budu\u0107e uloge u regionalnom razvoju. Program skupa strukturiran je kroz\u2026","rel":"","context":"U &quot;Novosti&quot;","block_context":{"text":"Novosti","link":"https:\/\/historiografija.hr\/?cat=3"},"img":{"alt_text":"","src":"https:\/\/i0.wp.com\/historiografija.hr\/wp-content\/uploads\/2026\/05\/Kalnik-skup-2026.jpg?fit=1200%2C675&ssl=1&resize=350%2C200","width":350,"height":200,"srcset":"https:\/\/i0.wp.com\/historiografija.hr\/wp-content\/uploads\/2026\/05\/Kalnik-skup-2026.jpg?fit=1200%2C675&ssl=1&resize=350%2C200 1x, https:\/\/i0.wp.com\/historiografija.hr\/wp-content\/uploads\/2026\/05\/Kalnik-skup-2026.jpg?fit=1200%2C675&ssl=1&resize=525%2C300 1.5x, https:\/\/i0.wp.com\/historiografija.hr\/wp-content\/uploads\/2026\/05\/Kalnik-skup-2026.jpg?fit=1200%2C675&ssl=1&resize=700%2C400 2x, https:\/\/i0.wp.com\/historiografija.hr\/wp-content\/uploads\/2026\/05\/Kalnik-skup-2026.jpg?fit=1200%2C675&ssl=1&resize=1050%2C600 3x"},"classes":[]},{"id":54813,"url":"https:\/\/historiografija.hr\/?p=54813","url_meta":{"origin":37986,"position":2},"title":"Objavljen 9. broj \u010dasopisa \u201ePodplje\u0161ivi\u010dki grani\u010dari\u201c za 2025. godinu","author":"Branimir Jankovi\u0107","date":"27. srpnja 2026.","format":false,"excerpt":"Objavljen je 9. broj \u010dasopisa \u201ePodplje\u0161ivi\u010dki grani\u010dari\u201c u kojemu se objavljuju znanstveni i stru\u010dni prilozi iz podru\u010dja povijesne znanosti. Ve\u0107ina radova su radovi autora koji su sudjelovali na znanstveno-stru\u010dnom skupu \u201cOp\u0107ina Saborsko i okolica u pro\u0161losti i sada\u0161njosti\u201d koji je odr\u017ean u Saborskom 17. svibnja 2025. Kad bi se gledalo\u2026","rel":"","context":"U &quot;\u010casopisi&quot;","block_context":{"text":"\u010casopisi","link":"https:\/\/historiografija.hr\/?cat=21"},"img":{"alt_text":"","src":"https:\/\/i0.wp.com\/historiografija.hr\/wp-content\/uploads\/2026\/07\/Podpljesivicki-granicari-scaled.jpg?fit=844%2C1200&ssl=1&resize=350%2C200","width":350,"height":200,"srcset":"https:\/\/i0.wp.com\/historiografija.hr\/wp-content\/uploads\/2026\/07\/Podpljesivicki-granicari-scaled.jpg?fit=844%2C1200&ssl=1&resize=350%2C200 1x, https:\/\/i0.wp.com\/historiografija.hr\/wp-content\/uploads\/2026\/07\/Podpljesivicki-granicari-scaled.jpg?fit=844%2C1200&ssl=1&resize=525%2C300 1.5x, https:\/\/i0.wp.com\/historiografija.hr\/wp-content\/uploads\/2026\/07\/Podpljesivicki-granicari-scaled.jpg?fit=844%2C1200&ssl=1&resize=700%2C400 2x"},"classes":[]},{"id":53402,"url":"https:\/\/historiografija.hr\/?p=53402","url_meta":{"origin":37986,"position":3},"title":"Konferencija &#8220;Krajolik u obrazovanju i obrazovanje u krajoliku&#8221; u Gospi\u0107u","author":"Filip \u0160imunjak","date":"18. svibnja 2026.","format":false,"excerpt":"Znanstvena konferencija \"Krajolik u obrazovanju i obrazovanje u krajoliku\" odr\u017eava se 22.\u201323. svibnja 2026. u Gospi\u0107u, u sklopu 9. dana \u0160ime i Ante Star\u010devi\u0107a. Organizator je skupa Odjel za nastavni\u010dke studije u Gospi\u0107u Sveu\u010dili\u0161ta u Zadru u suradnji s Institutom za kulturnu povijest Znanstveno-istra\u017eiva\u010dkoga centra Slovenske akademije znanosti i umjetnosti,\u2026","rel":"","context":"U &quot;Novosti&quot;","block_context":{"text":"Novosti","link":"https:\/\/historiografija.hr\/?cat=3"},"img":{"alt_text":"","src":"https:\/\/i0.wp.com\/historiografija.hr\/wp-content\/uploads\/2026\/05\/Krajolik-u-obrazovanju-i-obrazovanje-u-krajoliku.jpg?fit=1200%2C728&ssl=1&resize=350%2C200","width":350,"height":200,"srcset":"https:\/\/i0.wp.com\/historiografija.hr\/wp-content\/uploads\/2026\/05\/Krajolik-u-obrazovanju-i-obrazovanje-u-krajoliku.jpg?fit=1200%2C728&ssl=1&resize=350%2C200 1x, https:\/\/i0.wp.com\/historiografija.hr\/wp-content\/uploads\/2026\/05\/Krajolik-u-obrazovanju-i-obrazovanje-u-krajoliku.jpg?fit=1200%2C728&ssl=1&resize=525%2C300 1.5x, https:\/\/i0.wp.com\/historiografija.hr\/wp-content\/uploads\/2026\/05\/Krajolik-u-obrazovanju-i-obrazovanje-u-krajoliku.jpg?fit=1200%2C728&ssl=1&resize=700%2C400 2x, https:\/\/i0.wp.com\/historiografija.hr\/wp-content\/uploads\/2026\/05\/Krajolik-u-obrazovanju-i-obrazovanje-u-krajoliku.jpg?fit=1200%2C728&ssl=1&resize=1050%2C600 3x"},"classes":[]},{"id":54583,"url":"https:\/\/historiografija.hr\/?p=54583","url_meta":{"origin":37986,"position":4},"title":"Novi interaktivni sadr\u017eaj u Muzejskoj zoni Zra\u010dne luke Franjo Tu\u0111man o nacionalnim simbolima","author":"Branimir Jankovi\u0107","date":"14. srpnja 2026.","format":false,"excerpt":"Zagreb, 9. srpnja 2026. \u2013 Hrvatski povijesni muzej i Me\u0111unarodna zra\u010dna luka Zagreb predstavili su prvo pro\u0161irenje Muzejske zone u putni\u010dkom terminalu. Izlo\u017eba \"Zvijezde hrvatske povijesti: Nebo im je granica. Upoznaj ih!\", otvorena u velja\u010di 2025. godine, od danas je bogatija za svoju 25. zvijezdu \u2013 hrvatsku zastavu. Novi interaktivni\u2026","rel":"","context":"U &quot;Novosti&quot;","block_context":{"text":"Novosti","link":"https:\/\/historiografija.hr\/?cat=3"},"img":{"alt_text":"","src":"https:\/\/i0.wp.com\/historiografija.hr\/wp-content\/uploads\/2026\/07\/Nacionalni-simboli.jpg?fit=1200%2C800&ssl=1&resize=350%2C200","width":350,"height":200,"srcset":"https:\/\/i0.wp.com\/historiografija.hr\/wp-content\/uploads\/2026\/07\/Nacionalni-simboli.jpg?fit=1200%2C800&ssl=1&resize=350%2C200 1x, https:\/\/i0.wp.com\/historiografija.hr\/wp-content\/uploads\/2026\/07\/Nacionalni-simboli.jpg?fit=1200%2C800&ssl=1&resize=525%2C300 1.5x, https:\/\/i0.wp.com\/historiografija.hr\/wp-content\/uploads\/2026\/07\/Nacionalni-simboli.jpg?fit=1200%2C800&ssl=1&resize=700%2C400 2x, https:\/\/i0.wp.com\/historiografija.hr\/wp-content\/uploads\/2026\/07\/Nacionalni-simboli.jpg?fit=1200%2C800&ssl=1&resize=1050%2C600 3x"},"classes":[]},{"id":52830,"url":"https:\/\/historiografija.hr\/?p=52830","url_meta":{"origin":37986,"position":5},"title":"Znanstveni skup \u201eFa\u0161izam: teorija i povijest jedne ideje\u201c","author":"Filip \u0160imunjak","date":"5. svibnja 2026.","format":false,"excerpt":"U sklopu Festivala povijesti Kliofest, u petak 8. svibnja, s po\u010detkom u 12 sati u Knji\u017enici Fakulteta hrvatskih studija Sveu\u010dili\u0161ta u Zagrebu (Borongajska cesta 83d), odr\u017eava se me\u0111unarodni znanstveni skup \u201eFa\u0161izam: teorija i povijest jedne ideje\u201c. Rije\u010d je o \u010detvrtom u nizu interdisciplinarnih znanstvenih skupova koji se svake godine posve\u0107uju\u2026","rel":"","context":"U &quot;Novosti&quot;","block_context":{"text":"Novosti","link":"https:\/\/historiografija.hr\/?cat=3"},"img":{"alt_text":"","src":"https:\/\/i0.wp.com\/historiografija.hr\/wp-content\/uploads\/2026\/05\/Fasizam-teorija-i-povijest-jedne-ideje.jpg?fit=1069%2C800&ssl=1&resize=350%2C200","width":350,"height":200,"srcset":"https:\/\/i0.wp.com\/historiografija.hr\/wp-content\/uploads\/2026\/05\/Fasizam-teorija-i-povijest-jedne-ideje.jpg?fit=1069%2C800&ssl=1&resize=350%2C200 1x, https:\/\/i0.wp.com\/historiografija.hr\/wp-content\/uploads\/2026\/05\/Fasizam-teorija-i-povijest-jedne-ideje.jpg?fit=1069%2C800&ssl=1&resize=525%2C300 1.5x, https:\/\/i0.wp.com\/historiografija.hr\/wp-content\/uploads\/2026\/05\/Fasizam-teorija-i-povijest-jedne-ideje.jpg?fit=1069%2C800&ssl=1&resize=700%2C400 2x, https:\/\/i0.wp.com\/historiografija.hr\/wp-content\/uploads\/2026\/05\/Fasizam-teorija-i-povijest-jedne-ideje.jpg?fit=1069%2C800&ssl=1&resize=1050%2C600 3x"},"classes":[]}],"_links":{"self":[{"href":"https:\/\/historiografija.hr\/index.php?rest_route=\/wp\/v2\/posts\/37986","targetHints":{"allow":["GET"]}}],"collection":[{"href":"https:\/\/historiografija.hr\/index.php?rest_route=\/wp\/v2\/posts"}],"about":[{"href":"https:\/\/historiografija.hr\/index.php?rest_route=\/wp\/v2\/types\/post"}],"author":[{"embeddable":true,"href":"https:\/\/historiografija.hr\/index.php?rest_route=\/wp\/v2\/users\/2"}],"replies":[{"embeddable":true,"href":"https:\/\/historiografija.hr\/index.php?rest_route=%2Fwp%2Fv2%2Fcomments&post=37986"}],"version-history":[{"count":3,"href":"https:\/\/historiografija.hr\/index.php?rest_route=\/wp\/v2\/posts\/37986\/revisions"}],"predecessor-version":[{"id":37990,"href":"https:\/\/historiografija.hr\/index.php?rest_route=\/wp\/v2\/posts\/37986\/revisions\/37990"}],"wp:featuredmedia":[{"embeddable":true,"href":"https:\/\/historiografija.hr\/index.php?rest_route=\/wp\/v2\/media\/34361"}],"wp:attachment":[{"href":"https:\/\/historiografija.hr\/index.php?rest_route=%2Fwp%2Fv2%2Fmedia&parent=37986"}],"wp:term":[{"taxonomy":"category","embeddable":true,"href":"https:\/\/historiografija.hr\/index.php?rest_route=%2Fwp%2Fv2%2Fcategories&post=37986"},{"taxonomy":"post_tag","embeddable":true,"href":"https:\/\/historiografija.hr\/index.php?rest_route=%2Fwp%2Fv2%2Ftags&post=37986"}],"curies":[{"name":"wp","href":"https:\/\/api.w.org\/{rel}","templated":true}]}}