{"id":37981,"date":"2023-11-09T22:47:01","date_gmt":"2023-11-09T22:47:01","guid":{"rendered":"http:\/\/historiografija.hr\/?p=37981"},"modified":"2023-11-09T22:47:51","modified_gmt":"2023-11-09T22:47:51","slug":"10-motovunski-kolokvij-grcko-rimsko-i-kanonsko-pravo-granica-i-razgranicenje","status":"publish","type":"post","link":"https:\/\/historiografija.hr\/?p=37981","title":{"rendered":"10. Motovunski kolokvij: Gr\u010dko-rimsko i kanonsko pravo \u2013 granica i razgrani\u010denje"},"content":{"rendered":"\n<p>Me\u0111unarodni znanstveni skup 10. Motovunski kolokvij s temom \u201eGr\u010dko-rimsko i kanonsko pravo \u2013 granica i razgrani\u010denje\u201c odr\u017eat \u0107e se od 10. do 11. studenog\u00a02023. u Gradskoj kuli (Novagradska vrata) i Galeriji Pet kula u Motovunu. Organizatori doga\u0111anja su Dr\u017eavni arhiv u Pazinu, Josip Tur\u010dinovi\u0107, Op\u0107ina Motovun, Turisti\u010dka zajednica Op\u0107ine Motovun i Udruga fotografa Fotovun.<\/p>\n\n\n\n<hr class=\"wp-block-separator\"\/>\n\n\n\n<p>Program:<\/p>\n\n\n\n<hr class=\"wp-block-separator\"\/>\n\n\n\n<figure class=\"wp-block-embed-wordpress wp-block-embed is-type-wp-embed is-provider-istarsko-povijesno-drustvo-societa-storica-istriana\"><div class=\"wp-block-embed__wrapper\">\n<blockquote class=\"wp-embedded-content\" data-secret=\"8dRnYwprqG\"><a href=\"https:\/\/ipd-ssi.hr\/2023\/11\/09\/21743\/\">10. Motovunski kolokvij u Motovunu<\/a><\/blockquote><iframe loading=\"lazy\" class=\"wp-embedded-content\" sandbox=\"allow-scripts\" security=\"restricted\" style=\"position: absolute; clip: rect(1px, 1px, 1px, 1px);\" title=\"&#8220;10. Motovunski kolokvij u Motovunu&#8221; &#8212; Istarsko povijesno dru\u0161tvo - Societ\u00e0 Storica Istriana\" src=\"https:\/\/ipd-ssi.hr\/2023\/11\/09\/21743\/embed\/#?secret=h7IAShG7Q8#?secret=8dRnYwprqG\" data-secret=\"8dRnYwprqG\" width=\"600\" height=\"338\" frameborder=\"0\" marginwidth=\"0\" marginheight=\"0\" scrolling=\"no\"><\/iframe>\n<\/div><\/figure>\n\n\n\n<figure class=\"wp-block-embed-wordpress wp-block-embed is-type-wp-embed is-provider-drzavni-arhiv-u-pazinu\"><div class=\"wp-block-embed__wrapper\">\n<blockquote class=\"wp-embedded-content\" data-secret=\"Y1kXo64Gvv\"><a href=\"https:\/\/www.dapa.hr\/10-motovunski-kolokvij\/\">10. Motovunski kolokvij<\/a><\/blockquote><iframe loading=\"lazy\" class=\"wp-embedded-content\" sandbox=\"allow-scripts\" security=\"restricted\" style=\"position: absolute; clip: rect(1px, 1px, 1px, 1px);\" title=\"&#8220;10. Motovunski kolokvij&#8221; &#8212; Dr\u017eavni arhiv u Pazinu\" src=\"https:\/\/www.dapa.hr\/10-motovunski-kolokvij\/embed\/#?secret=hkwnV8nZLw#?secret=Y1kXo64Gvv\" data-secret=\"Y1kXo64Gvv\" width=\"600\" height=\"338\" frameborder=\"0\" marginwidth=\"0\" marginheight=\"0\" scrolling=\"no\"><\/iframe>\n<\/div><\/figure>\n\n\n\n<hr class=\"wp-block-separator\"\/>\n","protected":false},"excerpt":{"rendered":"","protected":false},"author":2,"featured_media":37982,"comment_status":"open","ping_status":"open","sticky":false,"template":"","format":"standard","meta":{"_acf_changed":false,"jetpack_post_was_ever_published":false,"_jetpack_newsletter_access":"","_jetpack_dont_email_post_to_subs":false,"_jetpack_newsletter_tier_id":0,"_jetpack_memberships_contains_paywalled_content":false,"_jetpack_memberships_contains_paid_content":false,"footnotes":"","jetpack_publicize_message":"","jetpack_publicize_feature_enabled":true,"jetpack_social_post_already_shared":true,"jetpack_social_options":{"image_generator_settings":{"template":"highway","default_image_id":0,"font":"","enabled":false},"version":2}},"categories":[3,9],"tags":[],"class_list":["post-37981","post","type-post","status-publish","format-standard","has-post-thumbnail","hentry","category-novosti","category-skupovi"],"acf":{"facebook_opis":""},"jetpack_publicize_connections":[],"jetpack_featured_media_url":"https:\/\/i0.wp.com\/historiografija.hr\/wp-content\/uploads\/2023\/11\/Granica.jpg?fit=1080%2C1350&ssl=1","jetpack_sharing_enabled":true,"jetpack-related-posts":[],"_links":{"self":[{"href":"https:\/\/historiografija.hr\/index.php?rest_route=\/wp\/v2\/posts\/37981","targetHints":{"allow":["GET"]}}],"collection":[{"href":"https:\/\/historiografija.hr\/index.php?rest_route=\/wp\/v2\/posts"}],"about":[{"href":"https:\/\/historiografija.hr\/index.php?rest_route=\/wp\/v2\/types\/post"}],"author":[{"embeddable":true,"href":"https:\/\/historiografija.hr\/index.php?rest_route=\/wp\/v2\/users\/2"}],"replies":[{"embeddable":true,"href":"https:\/\/historiografija.hr\/index.php?rest_route=%2Fwp%2Fv2%2Fcomments&post=37981"}],"version-history":[{"count":2,"href":"https:\/\/historiografija.hr\/index.php?rest_route=\/wp\/v2\/posts\/37981\/revisions"}],"predecessor-version":[{"id":37984,"href":"https:\/\/historiografija.hr\/index.php?rest_route=\/wp\/v2\/posts\/37981\/revisions\/37984"}],"wp:featuredmedia":[{"embeddable":true,"href":"https:\/\/historiografija.hr\/index.php?rest_route=\/wp\/v2\/media\/37982"}],"wp:attachment":[{"href":"https:\/\/historiografija.hr\/index.php?rest_route=%2Fwp%2Fv2%2Fmedia&parent=37981"}],"wp:term":[{"taxonomy":"category","embeddable":true,"href":"https:\/\/historiografija.hr\/index.php?rest_route=%2Fwp%2Fv2%2Fcategories&post=37981"},{"taxonomy":"post_tag","embeddable":true,"href":"https:\/\/historiografija.hr\/index.php?rest_route=%2Fwp%2Fv2%2Ftags&post=37981"}],"curies":[{"name":"wp","href":"https:\/\/api.w.org\/{rel}","templated":true}]}}