{"id":37975,"date":"2023-11-09T22:15:59","date_gmt":"2023-11-09T22:15:59","guid":{"rendered":"http:\/\/historiografija.hr\/?p=37975"},"modified":"2023-11-09T22:15:59","modified_gmt":"2023-11-09T22:15:59","slug":"the-war-to-end-all-wars-rat-za-kraj-svih-ratova-projekt-history-rocks-autori-sabaton-i-yarnhub","status":"publish","type":"post","link":"https:\/\/historiografija.hr\/?p=37975","title":{"rendered":"THE WAR TO END ALL WARS \/ RAT ZA KRAJ SVIH RATOVA Projekt History Rocks \/ autori: Sabaton i YarnHub"},"content":{"rendered":"\n<p><strong>Ustanova: <\/strong>Kino Gaj, Gajeva 1, Vara\u017edin<br><strong>Datum:<\/strong> 11.11.2023.<\/p>\n\n\n\n<p>&nbsp;&nbsp;&nbsp;&nbsp;&nbsp;&nbsp;&nbsp; Gradski muzej Vara\u017edin jedan je od stotinjak svjetskih i triju hrvatskih muzeja-sudionika u me\u0111unarodnom projektu <em><strong>History Rocks<\/strong><\/em><strong>,<\/strong> u okviru kojeg \u0107e se u studenome ove godine \u0161irom svijeta premijerno prikazati dugometra\u017eni animirani film <em><strong>The War to End All Wars<\/strong><\/em><strong> \/<\/strong><em><strong> Rat za kraj svih ratova<\/strong><\/em><strong>.<\/strong> Inicijator projekta je \u0161vedski heavy metal sastav <strong>Sabaton,<\/strong> na \u010diju je autorsku glazbenu podlogu s istoimenog albuma napravljen film animacijskog studija <strong>YarnHub,<\/strong> temeljen na najva\u017enijim doga\u0111ajima iz Prvoga svjetskog rata u povodu 105. obljetnice njegova zavr\u0161etka.<\/p>\n\n\n\n<p>&nbsp;&nbsp;&nbsp;&nbsp;&nbsp;&nbsp;&nbsp; Popularni \u0161vedski \u201emetalci\u201c, koji svoje brojne fanove imaju i u Hrvatskoj, gdje su nastupili ve\u0107 nekoliko puta, nadahnu\u0107e za svoje pjesme crpe iz ratova (osobito Prvoga i Drugoga svjetskog rata) i povijesnih doga\u0111aja, a kroz projekt <em>History Rocks<\/em> \u017eele senzibilizirati javnost i potaknuti je da vi\u0161e pozornosti obrati na muzeje u svojim lokalnim zajednicama, koji se (anti)ratnom tematikom bave u sklopu svog poslanja. U Vara\u017edinu se projekcija odr\u017eava 11. studenoga u 11 sati, na dan i sat kad je prije 105 godina Prvi svjetski rat slu\u017ebeno zavr\u0161io. Ulaz na projekciju filma je besplatan. &nbsp;<\/p>\n\n\n\n<p>\u00a0\u00a0\u00a0\u00a0\u00a0\u00a0\u00a0 Prvom svjetskom ratu Gradski muzej Vara\u017edin posvetio je, u povodu obilje\u017eavanja 100. obljetnice njegova izbijanja, i izlo\u017ebu <em>Narod u nevolji \u2013 Veliki rat na vara\u017edinskom podru\u010dju<\/em>, za koju je GMV-u 2015. godine Hrvatsko muzejsko dru\u0161tvo dodijelilo godi\u0161nju <em>Nagradu za najbolju realiziranu izlo\u017ebu<\/em>.\u00a0<\/p>\n\n\n\n<hr class=\"wp-block-separator\"\/>\n\n\n\n<p>Izvor:<\/p>\n\n\n\n<p><a href=\"https:\/\/www.gmv.hr\/hr\/dogadjanja\/the-war-to-end-all-wars-_-rat-za-kraj-svih-ratova--projekt-history-rocks-_-autori-sabaton-i-yarnhub,20464.html?t=o\">https:\/\/www.gmv.hr\/hr\/dogadjanja\/the-war-to-end-all-wars-_-rat-za-kraj-svih-ratova&#8211;projekt-history-rocks-_-autori-sabaton-i-yarnhub,20464.html?t=o<\/a><\/p>\n\n\n\n<hr class=\"wp-block-separator\"\/>\n\n\n\n<p>Dodatak:<\/p>\n\n\n\n<figure class=\"wp-block-embed-wordpress wp-block-embed is-type-wp-embed is-provider-povcast\"><div class=\"wp-block-embed__wrapper\">\n<blockquote class=\"wp-embedded-content\" data-secret=\"ZnDWsY7rDI\"><a href=\"https:\/\/povcast.ffzg.unizg.hr\/today-were-all-brothers-tonight-were-all-friends-bozicno-primirje-1914-i-popularna-kultura\/\">&#8220;Today we&#8217;re all brothers, tonight we&#8217;re all friends&#8221; \u2013 Bo\u017ei\u0107no primirje 1914. i popularna kultura<\/a><\/blockquote><iframe loading=\"lazy\" class=\"wp-embedded-content\" sandbox=\"allow-scripts\" security=\"restricted\" style=\"position: absolute; clip: rect(1px, 1px, 1px, 1px);\" title=\"&#8220;&#8220;Today we&#8217;re all brothers, tonight we&#8217;re all friends&#8221; \u2013 Bo\u017ei\u0107no primirje 1914. i popularna kultura&#8221; &#8212; Povcast\" src=\"https:\/\/povcast.ffzg.unizg.hr\/today-were-all-brothers-tonight-were-all-friends-bozicno-primirje-1914-i-popularna-kultura\/embed\/#?secret=avvyd4G2WC#?secret=ZnDWsY7rDI\" data-secret=\"ZnDWsY7rDI\" width=\"600\" height=\"338\" frameborder=\"0\" marginwidth=\"0\" marginheight=\"0\" scrolling=\"no\"><\/iframe>\n<\/div><\/figure>\n\n\n\n<hr class=\"wp-block-separator\"\/>\n","protected":false},"excerpt":{"rendered":"","protected":false},"author":2,"featured_media":37976,"comment_status":"open","ping_status":"open","sticky":false,"template":"","format":"standard","meta":{"_acf_changed":false,"jetpack_post_was_ever_published":false,"_jetpack_newsletter_access":"","_jetpack_dont_email_post_to_subs":false,"_jetpack_newsletter_tier_id":0,"_jetpack_memberships_contains_paywalled_content":false,"_jetpack_memberships_contains_paid_content":false,"footnotes":"","jetpack_publicize_message":"","jetpack_publicize_feature_enabled":true,"jetpack_social_post_already_shared":true,"jetpack_social_options":{"image_generator_settings":{"template":"highway","default_image_id":0,"font":"","enabled":false},"version":2}},"categories":[13,3],"tags":[],"class_list":["post-37975","post","type-post","status-publish","format-standard","has-post-thumbnail","hentry","category-filmovi-i-serije","category-novosti"],"acf":{"facebook_opis":""},"jetpack_publicize_connections":[],"jetpack_featured_media_url":"https:\/\/i0.wp.com\/historiografija.hr\/wp-content\/uploads\/2023\/11\/the-war-to-end-all-wars.jpg?fit=880%2C500&ssl=1","jetpack_sharing_enabled":true,"jetpack-related-posts":[],"_links":{"self":[{"href":"https:\/\/historiografija.hr\/index.php?rest_route=\/wp\/v2\/posts\/37975","targetHints":{"allow":["GET"]}}],"collection":[{"href":"https:\/\/historiografija.hr\/index.php?rest_route=\/wp\/v2\/posts"}],"about":[{"href":"https:\/\/historiografija.hr\/index.php?rest_route=\/wp\/v2\/types\/post"}],"author":[{"embeddable":true,"href":"https:\/\/historiografija.hr\/index.php?rest_route=\/wp\/v2\/users\/2"}],"replies":[{"embeddable":true,"href":"https:\/\/historiografija.hr\/index.php?rest_route=%2Fwp%2Fv2%2Fcomments&post=37975"}],"version-history":[{"count":1,"href":"https:\/\/historiografija.hr\/index.php?rest_route=\/wp\/v2\/posts\/37975\/revisions"}],"predecessor-version":[{"id":37977,"href":"https:\/\/historiografija.hr\/index.php?rest_route=\/wp\/v2\/posts\/37975\/revisions\/37977"}],"wp:featuredmedia":[{"embeddable":true,"href":"https:\/\/historiografija.hr\/index.php?rest_route=\/wp\/v2\/media\/37976"}],"wp:attachment":[{"href":"https:\/\/historiografija.hr\/index.php?rest_route=%2Fwp%2Fv2%2Fmedia&parent=37975"}],"wp:term":[{"taxonomy":"category","embeddable":true,"href":"https:\/\/historiografija.hr\/index.php?rest_route=%2Fwp%2Fv2%2Fcategories&post=37975"},{"taxonomy":"post_tag","embeddable":true,"href":"https:\/\/historiografija.hr\/index.php?rest_route=%2Fwp%2Fv2%2Ftags&post=37975"}],"curies":[{"name":"wp","href":"https:\/\/api.w.org\/{rel}","templated":true}]}}