{"id":37961,"date":"2023-11-08T22:58:42","date_gmt":"2023-11-08T22:58:42","guid":{"rendered":"http:\/\/historiografija.hr\/?p=37961"},"modified":"2023-11-08T22:59:10","modified_gmt":"2023-11-08T22:59:10","slug":"pero-sudar-hod-po-ranama-zapisi-s-obilazaka-vrhbosanskih-zupa-od-1992-do-1997-godine-i-snaga-je-u-odricanju-od-sile-i-moci-razgovor-s-biskupom","status":"publish","type":"post","link":"https:\/\/historiografija.hr\/?p=37961","title":{"rendered":"Pero Sudar, \u201eHod po ranama. Zapisi s obilazaka vrhbosanskih \u017eupa od 1992. do 1997. godine\u201c i \u201eSnaga je u odricanju od sile i mo\u0107i. Razgovor s biskupom\u201c"},"content":{"rendered":"\n<p>Izdava\u010dka ku\u0107a Synopsis u suradnji s Hrvatskim leksikografskim institutom Bosne i Hercegovine iz Mostara su objavili dvije knjige biskupa Pere Sudara. Prva knjiga s naslovom Hod po ranama sadr\u017ei \u201ezapise s obilazaka vrhbosanskih \u017eupa od 1992. do 1997. godine\u201c. Druga knjiga, naslovljena Snaga je u odricanju od sile i mo\u0107i. Razgovor s biskupom, u formi je velikog intervjua koji je Sudar dao novinaru Brani Vrbi\u0107u. Urednik knjiga je Ivan Lovrenovi\u0107.<\/p>\n\n\n\n<hr class=\"wp-block-separator\"\/>\n\n\n\n<p>Izvor i dodatne obavijesti o knjigama:<\/p>\n\n\n\n<p><a href=\"https:\/\/historiografija.ba\/article.php?id=1861\">https:\/\/historiografija.ba\/article.php?id=1861<\/a><\/p>\n\n\n\n<p><a href=\"https:\/\/historiografija.ba\/article.php?id=2015\">https:\/\/historiografija.ba\/article.php?id=2015<\/a><\/p>\n\n\n\n<hr class=\"wp-block-separator\"\/>\n","protected":false},"excerpt":{"rendered":"","protected":false},"author":2,"featured_media":37962,"comment_status":"open","ping_status":"open","sticky":false,"template":"","format":"standard","meta":{"_acf_changed":false,"jetpack_post_was_ever_published":false,"_jetpack_newsletter_access":"","_jetpack_dont_email_post_to_subs":false,"_jetpack_newsletter_tier_id":0,"_jetpack_memberships_contains_paywalled_content":false,"_jetpack_memberships_contains_paid_content":false,"footnotes":"","jetpack_publicize_message":"","jetpack_publicize_feature_enabled":true,"jetpack_social_post_already_shared":true,"jetpack_social_options":{"image_generator_settings":{"template":"highway","default_image_id":0,"font":"","enabled":false},"version":2}},"categories":[8,3],"tags":[],"class_list":["post-37961","post","type-post","status-publish","format-standard","has-post-thumbnail","hentry","category-knjige","category-novosti"],"acf":{"facebook_opis":""},"jetpack_publicize_connections":[],"jetpack_featured_media_url":"https:\/\/i0.wp.com\/historiografija.hr\/wp-content\/uploads\/2023\/11\/Sudar_Pero-Zapisi.jpg?fit=555%2C397&ssl=1","jetpack_sharing_enabled":true,"jetpack-related-posts":[],"_links":{"self":[{"href":"https:\/\/historiografija.hr\/index.php?rest_route=\/wp\/v2\/posts\/37961","targetHints":{"allow":["GET"]}}],"collection":[{"href":"https:\/\/historiografija.hr\/index.php?rest_route=\/wp\/v2\/posts"}],"about":[{"href":"https:\/\/historiografija.hr\/index.php?rest_route=\/wp\/v2\/types\/post"}],"author":[{"embeddable":true,"href":"https:\/\/historiografija.hr\/index.php?rest_route=\/wp\/v2\/users\/2"}],"replies":[{"embeddable":true,"href":"https:\/\/historiografija.hr\/index.php?rest_route=%2Fwp%2Fv2%2Fcomments&post=37961"}],"version-history":[{"count":1,"href":"https:\/\/historiografija.hr\/index.php?rest_route=\/wp\/v2\/posts\/37961\/revisions"}],"predecessor-version":[{"id":37963,"href":"https:\/\/historiografija.hr\/index.php?rest_route=\/wp\/v2\/posts\/37961\/revisions\/37963"}],"wp:featuredmedia":[{"embeddable":true,"href":"https:\/\/historiografija.hr\/index.php?rest_route=\/wp\/v2\/media\/37962"}],"wp:attachment":[{"href":"https:\/\/historiografija.hr\/index.php?rest_route=%2Fwp%2Fv2%2Fmedia&parent=37961"}],"wp:term":[{"taxonomy":"category","embeddable":true,"href":"https:\/\/historiografija.hr\/index.php?rest_route=%2Fwp%2Fv2%2Fcategories&post=37961"},{"taxonomy":"post_tag","embeddable":true,"href":"https:\/\/historiografija.hr\/index.php?rest_route=%2Fwp%2Fv2%2Ftags&post=37961"}],"curies":[{"name":"wp","href":"https:\/\/api.w.org\/{rel}","templated":true}]}}