{"id":37958,"date":"2023-11-08T22:46:25","date_gmt":"2023-11-08T22:46:25","guid":{"rendered":"http:\/\/historiografija.hr\/?p=37958"},"modified":"2023-11-08T22:46:25","modified_gmt":"2023-11-08T22:46:25","slug":"znanstveni-skup-herceg-bosna-iz-povijesne-perspektive","status":"publish","type":"post","link":"https:\/\/historiografija.hr\/?p=37958","title":{"rendered":"Znanstveni skup \u201cHerceg-Bosna iz povijesne perspektive\u201d"},"content":{"rendered":"\n<p>Znanstveni skup \u201cHerceg-Bosna iz povijesne perspektive\u201d odr\u017eat \u0107e se u petak, 10. studenog 2023. u \u201eVite\u0161koj dvorani\u201c Kule nad Kamenitim vratima, Dru\u017eba \u201eBra\u0107a Hrvatskoga Zmaja\u201c, Kamenita ulica 3, Zagreb.<\/p>\n\n\n\n<hr class=\"wp-block-separator\"\/>\n\n\n\n<p>Program i Knji\u017eica sa\u017eetaka dostupni su na sljede\u0107oj poveznici:<\/p>\n\n\n\n<p><a href=\"http:\/\/www.isp.hr\/10-studenoga-2023-poziv-na-znanstveni-skup-herceg-bosna-iz-povijesne-perspektive\/\">http:\/\/www.isp.hr\/10-studenoga-2023-poziv-na-znanstveni-skup-herceg-bosna-iz-povijesne-perspektive\/<\/a><\/p>\n\n\n\n<hr class=\"wp-block-separator\"\/>\n","protected":false},"excerpt":{"rendered":"","protected":false},"author":2,"featured_media":37959,"comment_status":"open","ping_status":"open","sticky":false,"template":"","format":"standard","meta":{"_acf_changed":false,"jetpack_post_was_ever_published":false,"_jetpack_newsletter_access":"","_jetpack_dont_email_post_to_subs":false,"_jetpack_newsletter_tier_id":0,"_jetpack_memberships_contains_paywalled_content":false,"_jetpack_memberships_contains_paid_content":false,"footnotes":"","jetpack_publicize_message":"","jetpack_publicize_feature_enabled":true,"jetpack_social_post_already_shared":true,"jetpack_social_options":{"image_generator_settings":{"template":"highway","default_image_id":0,"font":"","enabled":false},"version":2}},"categories":[3,9],"tags":[],"class_list":["post-37958","post","type-post","status-publish","format-standard","has-post-thumbnail","hentry","category-novosti","category-skupovi"],"acf":{"facebook_opis":""},"jetpack_publicize_connections":[],"jetpack_featured_media_url":"https:\/\/i0.wp.com\/historiografija.hr\/wp-content\/uploads\/2023\/11\/Herceg-Bosna_Plakat.jpg?fit=600%2C776&ssl=1","jetpack_sharing_enabled":true,"jetpack-related-posts":[],"_links":{"self":[{"href":"https:\/\/historiografija.hr\/index.php?rest_route=\/wp\/v2\/posts\/37958","targetHints":{"allow":["GET"]}}],"collection":[{"href":"https:\/\/historiografija.hr\/index.php?rest_route=\/wp\/v2\/posts"}],"about":[{"href":"https:\/\/historiografija.hr\/index.php?rest_route=\/wp\/v2\/types\/post"}],"author":[{"embeddable":true,"href":"https:\/\/historiografija.hr\/index.php?rest_route=\/wp\/v2\/users\/2"}],"replies":[{"embeddable":true,"href":"https:\/\/historiografija.hr\/index.php?rest_route=%2Fwp%2Fv2%2Fcomments&post=37958"}],"version-history":[{"count":1,"href":"https:\/\/historiografija.hr\/index.php?rest_route=\/wp\/v2\/posts\/37958\/revisions"}],"predecessor-version":[{"id":37960,"href":"https:\/\/historiografija.hr\/index.php?rest_route=\/wp\/v2\/posts\/37958\/revisions\/37960"}],"wp:featuredmedia":[{"embeddable":true,"href":"https:\/\/historiografija.hr\/index.php?rest_route=\/wp\/v2\/media\/37959"}],"wp:attachment":[{"href":"https:\/\/historiografija.hr\/index.php?rest_route=%2Fwp%2Fv2%2Fmedia&parent=37958"}],"wp:term":[{"taxonomy":"category","embeddable":true,"href":"https:\/\/historiografija.hr\/index.php?rest_route=%2Fwp%2Fv2%2Fcategories&post=37958"},{"taxonomy":"post_tag","embeddable":true,"href":"https:\/\/historiografija.hr\/index.php?rest_route=%2Fwp%2Fv2%2Ftags&post=37958"}],"curies":[{"name":"wp","href":"https:\/\/api.w.org\/{rel}","templated":true}]}}