{"id":37948,"date":"2023-11-08T22:10:39","date_gmt":"2023-11-08T22:10:39","guid":{"rendered":"http:\/\/historiografija.hr\/?p=37948"},"modified":"2023-11-08T22:10:39","modified_gmt":"2023-11-08T22:10:39","slug":"conference-state-instability-and-communist-legacy-in-central-and-southeastern-europe","status":"publish","type":"post","link":"https:\/\/historiografija.hr\/?p=37948","title":{"rendered":"Conference \u201eSTATE (IN)STABILITY AND COMMUNIST LEGACY IN CENTRAL AND SOUTHEASTERN EUROPE\u201c"},"content":{"rendered":"\n<p>U Zagrebu \u0107e se 10. studenog 2023. odr\u017eati 4. me\u0111unarodna znanstvena konferencija State (in) stability, \u010dija je ovogodi\u0161nja tema STATE (IN)STABILITY AND COMMUNIST LEGACY IN CENTRAL AND SOUTHEASTERN EUROPE. Plenarno predavanje \u201eIdealism and Functionalism in the Study of East Central Europe\u201c odr\u017eat \u0107e Sabrina P. Ramet.<\/p>\n\n\n\n<hr class=\"wp-block-separator\"\/>\n\n\n\n<p>Conference Schedule:<\/p>\n\n\n\n<figure class=\"wp-block-embed-wordpress wp-block-embed is-type-wp-embed is-provider-state-in-stability-libertas-international-university-and-online-10-november-2023\"><div class=\"wp-block-embed__wrapper\">\n<blockquote class=\"wp-embedded-content\" data-secret=\"9uF0SANj6x\"><a href=\"https:\/\/stateinstability.org\/home\/conference-schedule\/\">Conference Schedule 2023<\/a><\/blockquote><iframe loading=\"lazy\" class=\"wp-embedded-content\" sandbox=\"allow-scripts\" security=\"restricted\" style=\"position: absolute; clip: rect(1px, 1px, 1px, 1px);\" title=\"&#8220;Conference Schedule 2023&#8221; &#8212; STATE (IN)STABILITY @ Libertas International University (and Online), 10 November 2023\" src=\"https:\/\/stateinstability.org\/home\/conference-schedule\/embed\/#?secret=G6FoADRJxf#?secret=9uF0SANj6x\" data-secret=\"9uF0SANj6x\" width=\"600\" height=\"338\" frameborder=\"0\" marginwidth=\"0\" marginheight=\"0\" scrolling=\"no\"><\/iframe>\n<\/div><\/figure>\n\n\n\n<hr class=\"wp-block-separator\"\/>\n","protected":false},"excerpt":{"rendered":"","protected":false},"author":2,"featured_media":34488,"comment_status":"open","ping_status":"open","sticky":false,"template":"","format":"standard","meta":{"_acf_changed":false,"jetpack_post_was_ever_published":false,"_jetpack_newsletter_access":"","_jetpack_dont_email_post_to_subs":false,"_jetpack_newsletter_tier_id":0,"_jetpack_memberships_contains_paywalled_content":false,"_jetpack_memberships_contains_paid_content":false,"footnotes":"","jetpack_publicize_message":"","jetpack_publicize_feature_enabled":true,"jetpack_social_post_already_shared":true,"jetpack_social_options":{"image_generator_settings":{"template":"highway","default_image_id":0,"font":"","enabled":false},"version":2}},"categories":[3,9],"tags":[],"class_list":["post-37948","post","type-post","status-publish","format-standard","has-post-thumbnail","hentry","category-novosti","category-skupovi"],"acf":{"facebook_opis":""},"jetpack_publicize_connections":[],"jetpack_featured_media_url":"https:\/\/i0.wp.com\/historiografija.hr\/wp-content\/uploads\/2023\/02\/cropped-logo-state-instability.png?fit=3939%2C1622&ssl=1","jetpack_sharing_enabled":true,"jetpack-related-posts":[],"_links":{"self":[{"href":"https:\/\/historiografija.hr\/index.php?rest_route=\/wp\/v2\/posts\/37948","targetHints":{"allow":["GET"]}}],"collection":[{"href":"https:\/\/historiografija.hr\/index.php?rest_route=\/wp\/v2\/posts"}],"about":[{"href":"https:\/\/historiografija.hr\/index.php?rest_route=\/wp\/v2\/types\/post"}],"author":[{"embeddable":true,"href":"https:\/\/historiografija.hr\/index.php?rest_route=\/wp\/v2\/users\/2"}],"replies":[{"embeddable":true,"href":"https:\/\/historiografija.hr\/index.php?rest_route=%2Fwp%2Fv2%2Fcomments&post=37948"}],"version-history":[{"count":1,"href":"https:\/\/historiografija.hr\/index.php?rest_route=\/wp\/v2\/posts\/37948\/revisions"}],"predecessor-version":[{"id":37949,"href":"https:\/\/historiografija.hr\/index.php?rest_route=\/wp\/v2\/posts\/37948\/revisions\/37949"}],"wp:featuredmedia":[{"embeddable":true,"href":"https:\/\/historiografija.hr\/index.php?rest_route=\/wp\/v2\/media\/34488"}],"wp:attachment":[{"href":"https:\/\/historiografija.hr\/index.php?rest_route=%2Fwp%2Fv2%2Fmedia&parent=37948"}],"wp:term":[{"taxonomy":"category","embeddable":true,"href":"https:\/\/historiografija.hr\/index.php?rest_route=%2Fwp%2Fv2%2Fcategories&post=37948"},{"taxonomy":"post_tag","embeddable":true,"href":"https:\/\/historiografija.hr\/index.php?rest_route=%2Fwp%2Fv2%2Ftags&post=37948"}],"curies":[{"name":"wp","href":"https:\/\/api.w.org\/{rel}","templated":true}]}}