{"id":37945,"date":"2023-11-08T21:59:33","date_gmt":"2023-11-08T21:59:33","guid":{"rendered":"http:\/\/historiografija.hr\/?p=37945"},"modified":"2023-11-08T21:59:33","modified_gmt":"2023-11-08T21:59:33","slug":"hrvati-u-banatu-doseljavanje-tradicijska-bastina-identitet","status":"publish","type":"post","link":"https:\/\/historiografija.hr\/?p=37945","title":{"rendered":"Hrvati u Banatu: Doseljavanje, tradicijska ba\u0161tina, identitet"},"content":{"rendered":"\n<p>U sunakladi Filozofskog fakulteta Sveu\u010dili\u0161ta u Zagrebu \u2013 Odsjeka za etnologiju i kulturnu antropologiju, <em>FF-pressa<\/em> i Zavoda za kulturu vojvo\u0111anskih Hrvata krajem listopada 2022. godine iz tiska je iza\u0161la monografija <em>Hrvati u Banatu: Doseljavanje, tradicijska ba\u0161tina, identitet<\/em>. \u010cetvrta je ovo knjiga u nizu nastala kao plod terenskog etnolo\u0161kog istra\u017eivanja me\u0111u Hrvatima u Vojvodini, u kojoj je na 438 stranica objavljeno \u010detrnaest radova petnaestero autora.<\/p>\n\n\n\n<p>Nakon \u0161to je u prvim trima monografijama, koje su tematizirale bunjeva\u010dke, \u0161oka\u010dke i srijemske Hrvate u Vojvodini, glavna urednica bila voditeljica studentskih terenskih istra\u017eivanja prof. dr. sc. Milana \u010cerneli\u0107, po njezinu odlasku u mirovinu ulogu glavne urednice u ovoj je monografiji preuzela izv. prof. dr. sc. Marijeta Rajkovi\u0107 Iveta. Recenzentice su prof. dr. sc. Milana \u010cerneli\u0107, u miru i prof. dr. sc. Jadranka Grbi\u0107, u miru. Tiskanje ove knjige nov\u010dano su pomogli Ministarstvo znanost i obrazovanja Republike Hrvatske i Zavod za kulturu vojvo\u0111anskih Hrvata iz Subotice.<\/p>\n\n\n\n<p>Glavna urednica Rajkovi\u0107 Iveta u uvodnoj rije\u010di napominje: \u201eKako do sada nije bilo sustavnih istra\u017eivanja Hrvata u Banatu, osim etnolo\u0161kih i kulturnoantropolo\u0161kih priloga u ovoj monografiji, cilj je bio objediniti sva istra\u017eivanja kako bi se dobila sveobuhvatna slika o porijeklu, doseljavanju, povijesti i kulturi pripadnika ove manjinske zajednice. Iz tog razloga prvi dio monografije \u010dine povijesni radovi.\u201c<\/p>\n\n\n\n<p>Prvi prilog pod naslovom <em>&#8216;Na\u0161i \u0160okci&#8217;: podrijetlo, migracije i dru\u0161tveni razvoj Hrvata u Banatu<\/em> napisao je povjesni\u010dar doc. dr. sc. Mario Bara. Ovaj rad klju\u010dan je za razumijevanje za\u0161to se i kada hrvatsko stanovni\u0161tvo doselilo u \u201eBanat \u2013 jugoisto\u010dni prostor nekada\u0161njeg ugarskog Podunavlja\u201c.<\/p>\n\n\n\n<p>U drugom radu Maria <em>Pre\u0161u\u0107eni kara\u0161evski Hrvati: Kara\u0161evci u vojvo\u0111anskom dijelu Banata<\/em> saznajemo i manje poznate podatke \u0161iroj javnosti da je dio Kara\u0161evaca zbog ekonomskih razloga po\u010detkom 19. stolje\u0107a iz rumunjskih sela remigrirao u druga naselja Banata i da ih se dio naselio u dana\u0161nju Republiku Srbiju, odnosno zapadni Banat u Vojvodini.<\/p>\n\n\n\n<p>Na rad Maria Bare o svim migracijskim tokovima hrvatskog stanovni\u0161tva u Banat nadovezuje se rad prof. dr. sc. Vladimira \u010cavraka <em>Predijalci Topuske opatije u Banatu&nbsp;<\/em>u kojem je fokus na pregledu povijesti Hrvata kajkavaca koji su krajem 18. stolje\u0107a preselili iz Topuske opatije u Banat.<\/p>\n\n\n\n<p>Etnolog Dalibor Mergel, rodom iz Pan\u010deva, diplomirao je na Filozofskom fakultetu Sveu\u010dili\u0161ta u Beogradu, u ovoj monografiji potpisuje tri poglavlja<em>.&nbsp;<\/em>U radu <em>Star\u010devo: stanovni\u0161tvo i povijest katoli\u010dke zajednice<\/em> prikazuje kulturnu i dru\u0161tvenu povijest Hrvata u Star\u010devu vezanu uz nastanak i djelovanje ove \u017eupe koja ne samo da okuplja vjernike ve\u0107 ima veliku ulogu u koheziji hrvatske zajednice te jo\u0161 jednom pokazuje da su kod dijasporskih i\/ili iseljeni\u010dkih zajednica etni\u010dki i religijski identitet \u010desto objedinjeni. Poglavlje <em>Etni\u010dki identitet Hrvata u Star\u010devu<\/em>, istog autora, temelji se na kvalitativnom etnolo\u0161kom i kulturnoantropolo\u0161kom istra\u017eivanju. U ovom radu daju se odgovori na pitanja kako \u010dlanovi hrvatske etni\u010dke zajednice danas sebe definiraju, kako se vide u multietni\u010dkoj, multikulturnoj i multikonfesionalnoj sredini, u kakvom su odnosu s ostalim zajednicama, na koji se na\u010din razgrani\u010davaju od drugih i sl. Dalibor Mergel potpisuje i sljede\u0107e poglavlje pod naslovom <em>O imenima i prezimenima Hrvata u Star\u010devu.&nbsp;<\/em>Onomasti\u010dka gra\u0111a za ovaj prilog prona\u0111ena je u crkvenim arhivima, odnosno razli\u010ditim maticama, popisima ku\u0107anstava\/obitelji i popisima \u017eupljana.<\/p>\n\n\n\n<p>Najve\u0107i dio istra\u017eivanja za ovu monografiju proveli su studenti preddiplomskog studija etnologije i kulturne antropologije Filozofskog fakulteta Sveu\u010dili\u0161ta u Zagrebu, tijekom 2019. i 2020. godine u okviru dvaju izbornih kolegija. Uz mentorsku pomo\u0107 osam studenata oblikovalo je \u010detiri koautorska rada koji su objavljeni u \u010dasopisu <em>Godi\u0161njak za znanstvena istra\u017eivanja Zavoda za kulturu vojvo\u0111anskih Hrvata,&nbsp;<\/em>sv. 11 (2019.), a dvoje studenata svoj zajedni\u010dki rad objavilo je u sv. 12 (2020.). Ti radovi, uz ponovnu minimalnu doradu i pro\u0161irenje, prilozi su u ovoj monografiji.<\/p>\n\n\n\n<p>Studentice Doris Dautovi\u0107 i Lara Pokos napisale su rad <em>Tradicijska prehrana u Opovu i Star\u010devu<\/em>. Cilj istra\u017eivanja je bio ne samo istra\u017eiti tradicijsku i suvremenu prehranu, ve\u0107 kroz svakodnevnu i blagdansku prehranu istra\u017eiti etni\u010dki i kulturni identitet Hrvata u Banatu.<\/p>\n\n\n\n<p>Dinko Kova\u010di\u0107 i Nikola Pulji\u0107 u radu <em>Bo\u017ei\u0107ni obi\u010daji u Star\u010devu i Opovu&nbsp;<\/em>prikazuju razdoblje od po\u010detka adventa, preko Badnjaka i Bo\u017ei\u0107a pa do Sveta tri kralja. Prikaz transformacije istra\u017eivanih obi\u010daja obuhva\u0107a razdoblje djetinjstva kaziva\u010da, od tridesetih godina 20. stolje\u0107a do dana\u0161njih dana.<\/p>\n\n\n\n<p>Valentina Jageti\u0107 i Adrijana Pu\u0161kari\u0107 u radu pod naslovom <em>Vjerovanja i primjena etnomedicine u Star\u010devu i Opovu<\/em> prikazuju rezultate svog terenskog istra\u017eivanja o vjerovanjima u nadnaravna bi\u0107a (vje\u0161tice, vile, vampire, vukodlake itd.). I dok o ve\u0107ini vjerovanja danas postoji samo sje\u0107anje, pojedine prakse, poput uroka (bacanje i za\u0161tita od uroka), postoje i danas.<\/p>\n\n\n\n<p>Viktorija \u0106urlin i \u0160ima Jeli\u0107 autorice su rada <em>Porodni obi\u010daji kod banatskih Hrvata u Star\u010devu i Opovu<\/em>. U njemu mo\u017eete \u010ditati o stavovima i vjerovanjima vezanim uz prakse (ne)planiranja obitelji, trudno\u0107i, obi\u010dajima vezanim uz babinje i novoro\u0111en\u010de te kr\u0161tenju.<\/p>\n\n\n\n<p>Studenti Branimir Bilafer i Dominik Horvat istra\u017eivali su i napisali rad o posmrtnim obi\u010dajima Hrvata u Star\u010devu i Opovu.<\/p>\n\n\n\n<p>Iako \u0107e iskusni etnolozi u radovima primijetiti nedostatke, na koje smo i sami ukazivali u bilje\u0161kama ispod crte (<em>footnotama<\/em>, primjerice nejasno je na koje se razdoblje podatak odnosi, nije pitano i sl.), va\u017eno je naglasiti da su ovo prvi studentski radovi. Objavljivanje rezultata studentskih istra\u017eiva\u010dkih radova pokazuje da je studentski anga\u017eman uvelike prema\u0161io okvire njihovih obveznih nastavnih aktivnosti. Studenti su savjesno, uz brojne druge obveze, pro\u0161li kroz \u010ditav istra\u017eiva\u010dki proces od pripreme za terenski rad, provo\u0111enja samog terenskog istra\u017eivanja izvan granica Republike Hrvatske (\u0161to je iznimno rijetko), do pripreme radova za objavu. Iz tog razloga, studenti koji su objavili radove u \u010dasopisu <em>Godi\u0161njak za znanstvena istra\u017eivanja Zavoda za kulturu vojvo\u0111anskih Hrvata&nbsp;<\/em>2019. godine, predlo\u017eeni su za godi\u0161nju studentsku nagradu Filozofskog fakulteta <em>Franjo Markovi\u0107<\/em> te 2020. godine za godi\u0161nju studentsku nagradu <em>Milovan Gavazzi<\/em> koju dodjeljuje Hrvatsko etnolo\u0161ko dru\u0161tvo. Obje nagrade su i dobili!<\/p>\n\n\n\n<p>Glavna urednica u svojoj vrlo detaljnoj uvodnoj rije\u010di poja\u0161njava kako se tema uskrsnih i svadbenih obi\u010daja prihvatila Katica Nagli\u0107 iz Sur\u010dina, aktivna u dru\u0161tvenom i kulturnom \u017eivotu Hrvata u Vojvodini. U maniri naputaka osniva\u010da hrvatske etnologije Antuna Radi\u0107a s kraja 19. stolje\u0107a, da \u0161kolovani pripadnici lokalne zajednice trebaju zapisivati tradicijsku kulturu i obi\u010daje svoga kraja, pod mentorstvom profesorice Milane \u010cerneli\u0107, Katica Nagli\u0107 se kao visokoobrazovana osoba rado prihvatila prikupljanja etnografske gra\u0111e o ovim dvjema neistra\u017eenim temama. U radu <em>Svadbeni obi\u010daji u Opovu i Star\u010devu&nbsp;<\/em>pi\u0161e o svadbenim obi\u010dajima Hrvata u Banatu od po\u010detka 20. stolje\u0107a do danas. Autorica si je dala u zadatak opisati obi\u010daje koji su gotovo i\u0161\u010dezli te ukazati na razloge njihove transformacije. Autorica Katica Nagli\u0107 je u radu <em>Uskrsni obi\u010daji u Star\u010devu i Opovu&nbsp;<\/em>fokus terenskog istra\u017eivanja stavila na va\u017ene obi\u010daje tijekom korizme, po\u010dev\u0161i od \u010ciste srijede, preko Cvjetnice i Velikog tjedna, zavr\u0161avaju\u0107i na Uskrs i Uskrsni ponedjeljak. Istra\u017eivanje obuhva\u0107a razdoblje od po\u010detka 20. stolje\u0107a do danas.<\/p>\n\n\n\n<p>Zavr\u0161no poglavlje nudi uvid u bibliografiju o Hrvatima u Banatu koju je sastavila Katarina \u010celikovi\u0107. Ona je, naglasiv\u0161i kako su Hrvati u Banatu najmanja regionalna skupina Hrvata u Srbiji, upozorila da im nedostaje institucionalne organiziranosti u podru\u010dju kulture i obrazovanja.<\/p>\n\n\n\n<p>Na kraju monografije nalaze se sa\u017eeci priloga na engleskom jeziku, popis kaziva\u010da prema mjestu stanovanja (koje je \u010desto identi\u010dno mjestu ro\u0111enja) te podacima o autorima priloga.<\/p>\n\n\n\n<p>Objavljivanje rezultata ovih istra\u017eivanja, koja su ujedno i prva sustavna etnolo\u0161ka i kulturnoantropolo\u0161ka istra\u017eivanja Hrvata u Banatu, predstavlja va\u017ean doprinos poznavanju tradicijske ba\u0161tine ove hrvatske zajednice, a time i hrvatske kulture op\u0107enito.<\/p>\n\n\n\n<hr class=\"wp-block-separator\"\/>\n\n\n\n<p>Izvor:<\/p>\n\n\n\n<p><a href=\"https:\/\/www.zkvh.org.rs\/index.php\/izdavastvo-post\/knjige-izdavastva\/hrvati-u-banatu-doseljavanje-tradicijska-bastina-identitet\">https:\/\/www.zkvh.org.rs\/index.php\/izdavastvo-post\/knjige-izdavastva\/hrvati-u-banatu-doseljavanje-tradicijska-bastina-identitet<\/a><\/p>\n\n\n\n<hr class=\"wp-block-separator\"\/>\n\n\n\n<p>Dodatne obavijesti:<\/p>\n\n\n\n<p><a href=\"https:\/\/www.zkvh.org.rs\/aktualnosti-post\/aktivnosti-zavoda\/nagrada-emerik-pavic-za-2022-godinu-hrvati-u-banatu-doseljavanje-tradicijska-bastina-identitet\">https:\/\/www.zkvh.org.rs\/aktualnosti-post\/aktivnosti-zavoda\/nagrada-emerik-pavic-za-2022-godinu-hrvati-u-banatu-doseljavanje-tradicijska-bastina-identitet<\/a><\/p>\n\n\n\n<p><a href=\"https:\/\/web2020.ffzg.unizg.hr\/blog\/2023\/11\/03\/najbolja-knjiga-u-2022-godini-hrvati-u-banatu-doseljavanje-tradicijska-bastina-identitet\/\">https:\/\/web2020.ffzg.unizg.hr\/blog\/2023\/11\/03\/najbolja-knjiga-u-2022-godini-hrvati-u-banatu-doseljavanje-tradicijska-bastina-identitet\/<\/a><\/p>\n\n\n\n<hr class=\"wp-block-separator\"\/>\n","protected":false},"excerpt":{"rendered":"","protected":false},"author":2,"featured_media":37946,"comment_status":"open","ping_status":"open","sticky":false,"template":"","format":"standard","meta":{"_acf_changed":false,"jetpack_post_was_ever_published":false,"_jetpack_newsletter_access":"","_jetpack_dont_email_post_to_subs":false,"_jetpack_newsletter_tier_id":0,"_jetpack_memberships_contains_paywalled_content":false,"_jetpack_memberships_contains_paid_content":false,"footnotes":"","jetpack_publicize_message":"","jetpack_publicize_feature_enabled":true,"jetpack_social_post_already_shared":true,"jetpack_social_options":{"image_generator_settings":{"template":"highway","default_image_id":0,"font":"","enabled":false},"version":2}},"categories":[8,3],"tags":[],"class_list":["post-37945","post","type-post","status-publish","format-standard","has-post-thumbnail","hentry","category-knjige","category-novosti"],"acf":{"facebook_opis":""},"jetpack_publicize_connections":[],"jetpack_featured_media_url":"https:\/\/i0.wp.com\/historiografija.hr\/wp-content\/uploads\/2023\/11\/hrvati-u-banatu-doseljavanje-tradicijska-bastina-identitet.jpg?fit=510%2C715&ssl=1","jetpack_sharing_enabled":true,"jetpack-related-posts":[{"id":52502,"url":"https:\/\/historiografija.hr\/?p=52502","url_meta":{"origin":37945,"position":0},"title":"Novi znanstveni projekt Hrvatskog instituta za povijest: \u201c\u017drtve ratova i dr\u017eavnog\/politi\u010dkog nasilja u hrvatskoj povijesti 20. stolje\u0107a\u201d","author":"Branimir Jankovi\u0107","date":"17. travnja 2026.","format":false,"excerpt":"Na redovitoj sjednici Vlade RH, 16. travnja 2026., donijet je Zaklju\u010dak kojim se pokre\u0107e znanstveni projekt \u201c\u017drtve ratova i dr\u017eavnog\/politi\u010dkog nasilja u hrvatskoj povijesti 20. stolje\u0107a\u201d. Projekt \u0107e provoditi i koordinirati Hrvatski institut za povijest u razdoblju trajanja projekta od pet godina. Zakljucak Vlade RH Iz teksta projektnog prijedloga: Problematika\u2026","rel":"","context":"U &quot;Novosti&quot;","block_context":{"text":"Novosti","link":"https:\/\/historiografija.hr\/?cat=3"},"img":{"alt_text":"","src":"https:\/\/i0.wp.com\/historiografija.hr\/wp-content\/uploads\/2026\/04\/Vlada-RH.jpg?fit=1200%2C557&ssl=1&resize=350%2C200","width":350,"height":200,"srcset":"https:\/\/i0.wp.com\/historiografija.hr\/wp-content\/uploads\/2026\/04\/Vlada-RH.jpg?fit=1200%2C557&ssl=1&resize=350%2C200 1x, https:\/\/i0.wp.com\/historiografija.hr\/wp-content\/uploads\/2026\/04\/Vlada-RH.jpg?fit=1200%2C557&ssl=1&resize=525%2C300 1.5x, https:\/\/i0.wp.com\/historiografija.hr\/wp-content\/uploads\/2026\/04\/Vlada-RH.jpg?fit=1200%2C557&ssl=1&resize=700%2C400 2x, https:\/\/i0.wp.com\/historiografija.hr\/wp-content\/uploads\/2026\/04\/Vlada-RH.jpg?fit=1200%2C557&ssl=1&resize=1050%2C600 3x"},"classes":[]},{"id":52592,"url":"https:\/\/historiografija.hr\/?p=52592","url_meta":{"origin":37945,"position":1},"title":"Predstavljanje knjige &#8220;Turska ku\u0107a u Rijeci&#8221; u Zagrebu","author":"Branimir Jankovi\u0107","date":"22. travnja 2026.","format":false,"excerpt":"U prostorijama Turskog kulturnog centra Yunus Emre u Zagrebu, u utorak 21. travnja 2026. godine, odr\u017eano je sve\u010dano predstavljanje dopunjenog izdanja knjige Turska ku\u0107a u Rijeci, u organizaciji Hrvatsko-turskog dru\u0161tva Rijeka i partnerstvu sa Skupinom prijateljstva Hrvatska-Turska Hrvatskog sabora, Veleposlanstvom Republike Turske u Republici Hrvatskoj te Turskim kulturnim centrom Yunus\u2026","rel":"","context":"U &quot;Novosti&quot;","block_context":{"text":"Novosti","link":"https:\/\/historiografija.hr\/?cat=3"},"img":{"alt_text":"","src":"https:\/\/i0.wp.com\/historiografija.hr\/wp-content\/uploads\/2026\/04\/Turska-kuca-ZG.jpg?fit=1200%2C800&ssl=1&resize=350%2C200","width":350,"height":200,"srcset":"https:\/\/i0.wp.com\/historiografija.hr\/wp-content\/uploads\/2026\/04\/Turska-kuca-ZG.jpg?fit=1200%2C800&ssl=1&resize=350%2C200 1x, https:\/\/i0.wp.com\/historiografija.hr\/wp-content\/uploads\/2026\/04\/Turska-kuca-ZG.jpg?fit=1200%2C800&ssl=1&resize=525%2C300 1.5x, https:\/\/i0.wp.com\/historiografija.hr\/wp-content\/uploads\/2026\/04\/Turska-kuca-ZG.jpg?fit=1200%2C800&ssl=1&resize=700%2C400 2x, https:\/\/i0.wp.com\/historiografija.hr\/wp-content\/uploads\/2026\/04\/Turska-kuca-ZG.jpg?fit=1200%2C800&ssl=1&resize=1050%2C600 3x"},"classes":[]},{"id":52499,"url":"https:\/\/historiografija.hr\/?p=52499","url_meta":{"origin":37945,"position":2},"title":"POTPISAN UGOVOR O ZNANSTVENO-ISTRA\u017dIVA\u010cKOJ SURADNJI: PROJEKT \u201eTEMELJI HRVATSKE SAMOSTALNOSTI\u201d","author":"Branimir Jankovi\u0107","date":"17. travnja 2026.","format":false,"excerpt":"Hrvatski institut za povijest, Sveu\u010dili\u0161te obrane i sigurnosti \u201eDr. Franjo Tu\u0111man\u201d, Institut dru\u0161tvenih znanosti Ivo Pilar i Hrvatski dr\u017eavni arhiv\u00a0potpisali su 23. o\u017eujka 2026.\u00a0Ugovor o znanstveno-istra\u017eiva\u010dkoj suradnji s ciljem provedbe projekta \u201eTemelji hrvatske samostalnosti\u201d. Tim projektom obuhva\u0107a se istra\u017eivanje arhivskoga gradiva, priprema znanstvenih publikacija, digitalizacija i javna prezentacija rezultata istra\u017eivanja\u2026","rel":"","context":"U &quot;Novosti&quot;","block_context":{"text":"Novosti","link":"https:\/\/historiografija.hr\/?cat=3"},"img":{"alt_text":"","src":"https:\/\/i0.wp.com\/historiografija.hr\/wp-content\/uploads\/2026\/04\/THS_sporazum.jpg?fit=1200%2C583&ssl=1&resize=350%2C200","width":350,"height":200,"srcset":"https:\/\/i0.wp.com\/historiografija.hr\/wp-content\/uploads\/2026\/04\/THS_sporazum.jpg?fit=1200%2C583&ssl=1&resize=350%2C200 1x, https:\/\/i0.wp.com\/historiografija.hr\/wp-content\/uploads\/2026\/04\/THS_sporazum.jpg?fit=1200%2C583&ssl=1&resize=525%2C300 1.5x, https:\/\/i0.wp.com\/historiografija.hr\/wp-content\/uploads\/2026\/04\/THS_sporazum.jpg?fit=1200%2C583&ssl=1&resize=700%2C400 2x, https:\/\/i0.wp.com\/historiografija.hr\/wp-content\/uploads\/2026\/04\/THS_sporazum.jpg?fit=1200%2C583&ssl=1&resize=1050%2C600 3x"},"classes":[]},{"id":52666,"url":"https:\/\/historiografija.hr\/?p=52666","url_meta":{"origin":37945,"position":3},"title":"Najava programa Festivala povijesti Kliofest (5-8. V. 2026)","author":"Branimir Jankovi\u0107","date":"24. travnja 2026.","format":false,"excerpt":"Po trinaesti put odr\u017eava se Festival povijesti Kliofest! Do petka \u0107emo odr\u017eati osam okruglih stolova i dva kolokvija te niz predstavljanja knjiga i projekata razli\u010dite tematike, od antike do suvremenosti. Bit \u0107e predstavljeno i nekoliko izlo\u017ebi te odr\u017ean jedan povijesni kviz. Prikazat \u0107emo i jedan film \u2013 o generalu Boroevi\u0107u.\u2026","rel":"","context":"U &quot;Novosti&quot;","block_context":{"text":"Novosti","link":"https:\/\/historiografija.hr\/?cat=3"},"img":{"alt_text":"","src":"https:\/\/i0.wp.com\/historiografija.hr\/wp-content\/uploads\/2026\/04\/Kliofest-2026.jpg?fit=526%2C526&ssl=1&resize=350%2C200","width":350,"height":200,"srcset":"https:\/\/i0.wp.com\/historiografija.hr\/wp-content\/uploads\/2026\/04\/Kliofest-2026.jpg?fit=526%2C526&ssl=1&resize=350%2C200 1x, https:\/\/i0.wp.com\/historiografija.hr\/wp-content\/uploads\/2026\/04\/Kliofest-2026.jpg?fit=526%2C526&ssl=1&resize=525%2C300 1.5x"},"classes":[]},{"id":52657,"url":"https:\/\/historiografija.hr\/?p=52657","url_meta":{"origin":37945,"position":4},"title":"[Predavanje] Jezik i drugost u (post)socijalisti\u010dkoj Srbiji: diskurzivne politike identiteta (YugoLab)","author":"Branimir Jankovi\u0107","date":"24. travnja 2026.","format":false,"excerpt":"U sklopu projekta Prizma \/ IMAGINATION (\u201eZami\u0161ljanje nacije: srpski nacionalni narativi u sporu (XX\u2013XXI vek)\u201c), koji se realizuje na Institutu za filozofiju i dru\u0161tvenu teoriju Univerziteta u Beogradu (2024\u20132027) uz finansijsku podr\u0161ku Fonda za nauku Republike Srbije, organizuje se serija predavanja na kojoj istra\u017eiva\u010di i istra\u017eiva\u010dice projekta predstavljaju rezultate svojih\u2026","rel":"","context":"U &quot;Novosti&quot;","block_context":{"text":"Novosti","link":"https:\/\/historiografija.hr\/?cat=3"},"img":{"alt_text":"","src":"https:\/\/i0.wp.com\/historiografija.hr\/wp-content\/uploads\/2026\/04\/IFDT_28_IV.png?fit=1200%2C675&ssl=1&resize=350%2C200","width":350,"height":200,"srcset":"https:\/\/i0.wp.com\/historiografija.hr\/wp-content\/uploads\/2026\/04\/IFDT_28_IV.png?fit=1200%2C675&ssl=1&resize=350%2C200 1x, https:\/\/i0.wp.com\/historiografija.hr\/wp-content\/uploads\/2026\/04\/IFDT_28_IV.png?fit=1200%2C675&ssl=1&resize=525%2C300 1.5x, https:\/\/i0.wp.com\/historiografija.hr\/wp-content\/uploads\/2026\/04\/IFDT_28_IV.png?fit=1200%2C675&ssl=1&resize=700%2C400 2x, https:\/\/i0.wp.com\/historiografija.hr\/wp-content\/uploads\/2026\/04\/IFDT_28_IV.png?fit=1200%2C675&ssl=1&resize=1050%2C600 3x"},"classes":[]},{"id":52539,"url":"https:\/\/historiografija.hr\/?p=52539","url_meta":{"origin":37945,"position":5},"title":"Drugi po redu studentski simpozij &#8220;In fonte veritas&#8221;","author":"Branimir Jankovi\u0107","date":"20. travnja 2026.","format":false,"excerpt":"U srijedu, 22. travnja 2026. godine, u dvorani C 0.4 na Hrvatskom katoli\u010dkom sveu\u010dili\u0161tu odr\u017eat \u0107e se drugi studentski simpozij \u201eIn fonte veritas\". Ovogodi\u0161nja sredi\u0161nja tema simpozija je Papinstvo. Kroz istra\u017eiva\u010dko suo\u010davanje s povijesnim izvorima deset \u0107e studenata predstaviti rezultate svojih istra\u017eivanja o instituciji koja je stolje\u0107ima oblikovala europsku i\u2026","rel":"","context":"U &quot;Novosti&quot;","block_context":{"text":"Novosti","link":"https:\/\/historiografija.hr\/?cat=3"},"img":{"alt_text":"","src":"https:\/\/i0.wp.com\/historiografija.hr\/wp-content\/uploads\/2026\/04\/Papinstvo.png?fit=1024%2C500&ssl=1&resize=350%2C200","width":350,"height":200,"srcset":"https:\/\/i0.wp.com\/historiografija.hr\/wp-content\/uploads\/2026\/04\/Papinstvo.png?fit=1024%2C500&ssl=1&resize=350%2C200 1x, https:\/\/i0.wp.com\/historiografija.hr\/wp-content\/uploads\/2026\/04\/Papinstvo.png?fit=1024%2C500&ssl=1&resize=525%2C300 1.5x, https:\/\/i0.wp.com\/historiografija.hr\/wp-content\/uploads\/2026\/04\/Papinstvo.png?fit=1024%2C500&ssl=1&resize=700%2C400 2x"},"classes":[]}],"_links":{"self":[{"href":"https:\/\/historiografija.hr\/index.php?rest_route=\/wp\/v2\/posts\/37945","targetHints":{"allow":["GET"]}}],"collection":[{"href":"https:\/\/historiografija.hr\/index.php?rest_route=\/wp\/v2\/posts"}],"about":[{"href":"https:\/\/historiografija.hr\/index.php?rest_route=\/wp\/v2\/types\/post"}],"author":[{"embeddable":true,"href":"https:\/\/historiografija.hr\/index.php?rest_route=\/wp\/v2\/users\/2"}],"replies":[{"embeddable":true,"href":"https:\/\/historiografija.hr\/index.php?rest_route=%2Fwp%2Fv2%2Fcomments&post=37945"}],"version-history":[{"count":1,"href":"https:\/\/historiografija.hr\/index.php?rest_route=\/wp\/v2\/posts\/37945\/revisions"}],"predecessor-version":[{"id":37947,"href":"https:\/\/historiografija.hr\/index.php?rest_route=\/wp\/v2\/posts\/37945\/revisions\/37947"}],"wp:featuredmedia":[{"embeddable":true,"href":"https:\/\/historiografija.hr\/index.php?rest_route=\/wp\/v2\/media\/37946"}],"wp:attachment":[{"href":"https:\/\/historiografija.hr\/index.php?rest_route=%2Fwp%2Fv2%2Fmedia&parent=37945"}],"wp:term":[{"taxonomy":"category","embeddable":true,"href":"https:\/\/historiografija.hr\/index.php?rest_route=%2Fwp%2Fv2%2Fcategories&post=37945"},{"taxonomy":"post_tag","embeddable":true,"href":"https:\/\/historiografija.hr\/index.php?rest_route=%2Fwp%2Fv2%2Ftags&post=37945"}],"curies":[{"name":"wp","href":"https:\/\/api.w.org\/{rel}","templated":true}]}}