{"id":37943,"date":"2023-11-08T21:51:31","date_gmt":"2023-11-08T21:51:31","guid":{"rendered":"http:\/\/historiografija.hr\/?p=37943"},"modified":"2023-11-08T21:51:31","modified_gmt":"2023-11-08T21:51:31","slug":"jezikoslovne-rasprave-stjepan-blazetin-hrvati-u-madarskoj-povijest-kultura-skolstvo-i-izdavastvo","status":"publish","type":"post","link":"https:\/\/historiografija.hr\/?p=37943","title":{"rendered":"Jezikoslovne rasprave: Stjepan Bla\u017eetin, \u201eHrvati u Ma\u0111arskoj \u2013 povijest, kultura, \u0161kolstvo i izdava\u0161tvo\u201c"},"content":{"rendered":"\n<p>Institut za hrvatski jezik poziva u sklopu kroatisti\u010dkoga i jezikoslovnoga seminara<\/p>\n\n\n\n<p><strong><em>Jezikoslovne rasprave<\/em><\/strong><\/p>\n\n\n\n<p>na izlaganje<\/p>\n\n\n\n<p><strong>dr. sc.<\/strong> <strong>Stjepana Bla\u017eetina<\/strong><\/p>\n\n\n\n<p>(Katedra za hrvatski jezik i knji\u017eevnost, Institut za slavistiku, Filozofski fakultet, Sveu\u010dili\u0161te u Pe\u010duhu, Ma\u0111arska)<\/p>\n\n\n\n<p><strong><em>Hrvati u Ma\u0111arskoj \u2013 povijest, kultura, \u0161kolstvo i izdava\u0161tvo<\/em><\/strong><\/p>\n\n\n\n<p>Izlaganje \u0107e se odr\u017eati u <strong>petak 10. studenoga 2023. u 13 sati <\/strong>u Vije\u0107nici Instituta za hrvatski jezik u Zagrebu.<\/p>\n\n\n\n<hr class=\"wp-block-separator\"\/>\n\n\n\n<p>Izvor:<\/p>\n\n\n\n<p><a href=\"http:\/\/ihjj.hr\/clanak\/jezikoslovne-rasprave-dr-sc-stjepan-blazetin\/7670\/\">http:\/\/ihjj.hr\/clanak\/jezikoslovne-rasprave-dr-sc-stjepan-blazetin\/7670\/<\/a><\/p>\n\n\n\n<hr class=\"wp-block-separator\"\/>\n","protected":false},"excerpt":{"rendered":"","protected":false},"author":2,"featured_media":35962,"comment_status":"open","ping_status":"open","sticky":false,"template":"","format":"standard","meta":{"_acf_changed":false,"jetpack_post_was_ever_published":false,"_jetpack_newsletter_access":"","_jetpack_dont_email_post_to_subs":false,"_jetpack_newsletter_tier_id":0,"_jetpack_memberships_contains_paywalled_content":false,"_jetpack_memberships_contains_paid_content":false,"footnotes":"","jetpack_publicize_message":"","jetpack_publicize_feature_enabled":true,"jetpack_social_post_already_shared":true,"jetpack_social_options":{"image_generator_settings":{"template":"highway","default_image_id":0,"font":"","enabled":false},"version":2}},"categories":[3],"tags":[],"class_list":["post-37943","post","type-post","status-publish","format-standard","has-post-thumbnail","hentry","category-novosti"],"acf":{"facebook_opis":""},"jetpack_publicize_connections":[],"jetpack_featured_media_url":"https:\/\/i0.wp.com\/historiografija.hr\/wp-content\/uploads\/2023\/06\/ihj.jpg?fit=1160%2C755&ssl=1","jetpack_sharing_enabled":true,"jetpack-related-posts":[],"_links":{"self":[{"href":"https:\/\/historiografija.hr\/index.php?rest_route=\/wp\/v2\/posts\/37943","targetHints":{"allow":["GET"]}}],"collection":[{"href":"https:\/\/historiografija.hr\/index.php?rest_route=\/wp\/v2\/posts"}],"about":[{"href":"https:\/\/historiografija.hr\/index.php?rest_route=\/wp\/v2\/types\/post"}],"author":[{"embeddable":true,"href":"https:\/\/historiografija.hr\/index.php?rest_route=\/wp\/v2\/users\/2"}],"replies":[{"embeddable":true,"href":"https:\/\/historiografija.hr\/index.php?rest_route=%2Fwp%2Fv2%2Fcomments&post=37943"}],"version-history":[{"count":1,"href":"https:\/\/historiografija.hr\/index.php?rest_route=\/wp\/v2\/posts\/37943\/revisions"}],"predecessor-version":[{"id":37944,"href":"https:\/\/historiografija.hr\/index.php?rest_route=\/wp\/v2\/posts\/37943\/revisions\/37944"}],"wp:featuredmedia":[{"embeddable":true,"href":"https:\/\/historiografija.hr\/index.php?rest_route=\/wp\/v2\/media\/35962"}],"wp:attachment":[{"href":"https:\/\/historiografija.hr\/index.php?rest_route=%2Fwp%2Fv2%2Fmedia&parent=37943"}],"wp:term":[{"taxonomy":"category","embeddable":true,"href":"https:\/\/historiografija.hr\/index.php?rest_route=%2Fwp%2Fv2%2Fcategories&post=37943"},{"taxonomy":"post_tag","embeddable":true,"href":"https:\/\/historiografija.hr\/index.php?rest_route=%2Fwp%2Fv2%2Ftags&post=37943"}],"curies":[{"name":"wp","href":"https:\/\/api.w.org\/{rel}","templated":true}]}}