{"id":37935,"date":"2023-11-07T22:49:56","date_gmt":"2023-11-07T22:49:56","guid":{"rendered":"http:\/\/historiografija.hr\/?p=37935"},"modified":"2023-11-07T22:50:07","modified_gmt":"2023-11-07T22:50:07","slug":"stjepan-mesic-progon-i-nacionalno-budenje-borba-za-demokratsku-hrvatsku-sv-1-i-2","status":"publish","type":"post","link":"https:\/\/historiografija.hr\/?p=37935","title":{"rendered":"Stjepan Mesi\u0107, \u201eProgon i nacionalno bu\u0111enje. Borba za demokratsku Hrvatsku\u201c (sv. 1 i 2)"},"content":{"rendered":"\n<p>&#8220;Stoga vjerujem da je stiglo vrijeme istinskog progovaranja &#8211; ono je rezultat mojih unutarnjih promi\u0161ljanja: odgovoriti i otkloniti neke od pogre\u0161nih interpretacija, zaklju\u010daka, ocjena i ostaviti \u010ditateljima slobodu da sami ocjene \u0161to je istina, ali i \u010dinjenice da hrvatsko dru\u0161tvo vapi za nekim od klju\u010dnih odgovora iz novije posvijesti.<\/p>\n\n\n\n<p>Svoje spoznaje dijelom temeljim na osobnu iskustvu i osobnim zapa\u017eanjima, a dijelom i na zapisima mojih suvremenika. Dr\u017eim da je sve to samo djeli\u0107 nepoznate zamr\u0161ene strukture doga\u0111anja devedesetih godina pro\u0161loga stolje\u0107a.&#8221;<\/p>\n\n\n\n<p>Iz predgovora: Stjepan Mesi\u0107<\/p>\n\n\n\n<hr class=\"wp-block-separator\"\/>\n\n\n\n<p>Nakladnik: Golden marketing &#8211; Tehni\u010dka knjiga<\/p>\n\n\n\n<p>Broj stranica: 442 i 904<\/p>\n\n\n\n<p>Godina izdanja: 2023.<\/p>\n\n\n\n<hr class=\"wp-block-separator\"\/>\n\n\n\n<p>Izvor:<\/p>\n\n\n\n<p><a href=\"https:\/\/www.ljevak.hr\/stjepan-mesic\/31721-progon-i-nacionalno-budenje.html\">https:\/\/www.ljevak.hr\/stjepan-mesic\/31721-progon-i-nacionalno-budenje.html<\/a><\/p>\n\n\n\n<hr class=\"wp-block-separator\"\/>\n\n\n\n<p>Iz medija:<\/p>\n\n\n\n<p><a href=\"https:\/\/www.jutarnji.hr\/vijesti\/hrvatska\/eksplozivni-mesicevi-memoari-tudman-je-bio-cinovnik-u-ministarstvu-domobranstva-ndh-15389985\">https:\/\/www.jutarnji.hr\/vijesti\/hrvatska\/eksplozivni-mesicevi-memoari-tudman-je-bio-cinovnik-u-ministarstvu-domobranstva-ndh-15389985<\/a><\/p>\n\n\n\n<figure class=\"wp-block-embed-wordpress wp-block-embed is-type-wp-embed is-provider-nacional-hr\"><div class=\"wp-block-embed__wrapper\">\n<blockquote class=\"wp-embedded-content\" data-secret=\"GdbAvksmOU\"><a href=\"https:\/\/www.nacional.hr\/stjepan-mesic-bivsi-hrvatski-predsjednik-otkriva-kako-su-se-agenti-udbe-infiltrirali-kao-delegati-na-prvi-sabor-hdz-a\/\">Stjepan Mesi\u0107: Biv\u0161i hrvatski predsjednik otkriva kako su se agenti Udbe infiltrirali kao delegati na Prvi sabor HDZ-a<\/a><\/blockquote><iframe loading=\"lazy\" class=\"wp-embedded-content\" sandbox=\"allow-scripts\" security=\"restricted\" style=\"position: absolute; clip: rect(1px, 1px, 1px, 1px);\" title=\"&#8220;Stjepan Mesi\u0107: Biv\u0161i hrvatski predsjednik otkriva kako su se agenti Udbe infiltrirali kao delegati na Prvi sabor HDZ-a&#8221; &#8212; NACIONAL.HR\" src=\"https:\/\/www.nacional.hr\/stjepan-mesic-bivsi-hrvatski-predsjednik-otkriva-kako-su-se-agenti-udbe-infiltrirali-kao-delegati-na-prvi-sabor-hdz-a\/embed\/#?secret=GdbAvksmOU\" data-secret=\"GdbAvksmOU\" width=\"600\" height=\"338\" frameborder=\"0\" marginwidth=\"0\" marginheight=\"0\" scrolling=\"no\"><\/iframe>\n<\/div><\/figure>\n\n\n\n<p><a href=\"https:\/\/www.telegram.hr\/politika-kriminal\/stjepan-mesic-izdaje-bombasticne-memoare-kad-je-tudman-umro-u-sefu-smo-mu-nasli-skrivene-milijune-koje-je-dijaspora-slala-za-hrvatsku\/\">https:\/\/www.telegram.hr\/politika-kriminal\/stjepan-mesic-izdaje-bombasticne-memoare-kad-je-tudman-umro-u-sefu-smo-mu-nasli-skrivene-milijune-koje-je-dijaspora-slala-za-hrvatsku\/<\/a><\/p>\n\n\n\n<p><a href=\"https:\/\/www.vecernji.hr\/vijesti\/reakcije-na-memoare-stjepana-mesica-nista-neocekivano-od-njega-nikakvih-milijuna-nije-bilo-u-sefu-1722065\">https:\/\/www.vecernji.hr\/vijesti\/reakcije-na-memoare-stjepana-mesica-nista-neocekivano-od-njega-nikakvih-milijuna-nije-bilo-u-sefu-1722065<\/a><\/p>\n\n\n\n<hr class=\"wp-block-separator\"\/>\n","protected":false},"excerpt":{"rendered":"","protected":false},"author":2,"featured_media":37936,"comment_status":"open","ping_status":"open","sticky":false,"template":"","format":"standard","meta":{"_acf_changed":false,"jetpack_post_was_ever_published":false,"_jetpack_newsletter_access":"","_jetpack_dont_email_post_to_subs":false,"_jetpack_newsletter_tier_id":0,"_jetpack_memberships_contains_paywalled_content":false,"_jetpack_memberships_contains_paid_content":false,"footnotes":"","jetpack_publicize_message":"","jetpack_publicize_feature_enabled":true,"jetpack_social_post_already_shared":true,"jetpack_social_options":{"image_generator_settings":{"template":"highway","default_image_id":0,"font":"","enabled":false},"version":2}},"categories":[8,3],"tags":[],"class_list":["post-37935","post","type-post","status-publish","format-standard","has-post-thumbnail","hentry","category-knjige","category-novosti"],"acf":{"facebook_opis":""},"jetpack_publicize_connections":[],"jetpack_featured_media_url":"https:\/\/i0.wp.com\/historiografija.hr\/wp-content\/uploads\/2023\/11\/progon-i-nacionalno-budenje.jpg?fit=570%2C678&ssl=1","jetpack_sharing_enabled":true,"jetpack-related-posts":[],"_links":{"self":[{"href":"https:\/\/historiografija.hr\/index.php?rest_route=\/wp\/v2\/posts\/37935","targetHints":{"allow":["GET"]}}],"collection":[{"href":"https:\/\/historiografija.hr\/index.php?rest_route=\/wp\/v2\/posts"}],"about":[{"href":"https:\/\/historiografija.hr\/index.php?rest_route=\/wp\/v2\/types\/post"}],"author":[{"embeddable":true,"href":"https:\/\/historiografija.hr\/index.php?rest_route=\/wp\/v2\/users\/2"}],"replies":[{"embeddable":true,"href":"https:\/\/historiografija.hr\/index.php?rest_route=%2Fwp%2Fv2%2Fcomments&post=37935"}],"version-history":[{"count":1,"href":"https:\/\/historiografija.hr\/index.php?rest_route=\/wp\/v2\/posts\/37935\/revisions"}],"predecessor-version":[{"id":37937,"href":"https:\/\/historiografija.hr\/index.php?rest_route=\/wp\/v2\/posts\/37935\/revisions\/37937"}],"wp:featuredmedia":[{"embeddable":true,"href":"https:\/\/historiografija.hr\/index.php?rest_route=\/wp\/v2\/media\/37936"}],"wp:attachment":[{"href":"https:\/\/historiografija.hr\/index.php?rest_route=%2Fwp%2Fv2%2Fmedia&parent=37935"}],"wp:term":[{"taxonomy":"category","embeddable":true,"href":"https:\/\/historiografija.hr\/index.php?rest_route=%2Fwp%2Fv2%2Fcategories&post=37935"},{"taxonomy":"post_tag","embeddable":true,"href":"https:\/\/historiografija.hr\/index.php?rest_route=%2Fwp%2Fv2%2Ftags&post=37935"}],"curies":[{"name":"wp","href":"https:\/\/api.w.org\/{rel}","templated":true}]}}