{"id":37932,"date":"2023-11-07T22:37:42","date_gmt":"2023-11-07T22:37:42","guid":{"rendered":"http:\/\/historiografija.hr\/?p=37932"},"modified":"2023-11-07T22:37:42","modified_gmt":"2023-11-07T22:37:42","slug":"boris-raseta-tito-povjerljivo-i-osobno","status":"publish","type":"post","link":"https:\/\/historiografija.hr\/?p=37932","title":{"rendered":"Boris Ra\u0161eta, \u201eTito \u2013 povjerljivo i osobno\u201c"},"content":{"rendered":"\n<p>Josip Broz Tito bez ikakve je sumnje najva\u017enija povijesna li\u010dnost koja se rodila u na\u0161im krajevima. Kazali\u0161ni amater, bravar, vojnik, nagra\u0111ivani ma\u010devalac, ratni zarobljenik, crvenoarmejac, politi\u010dki radnik, ilegalac, terorist, sekretar Komunisti\u010dke partije, vo\u0111a ustanka, mar\u0161al, predsjednik, svjetski putnik, bonvivan&#8230; sve to i \u0161to\u0161ta drugo bio je Josip Broz, \u010dovjek s mnogo imena i lica, ali uvijek s jasnom vizijom: da \u0107e biti uspje\u0161an. Od dje\u010daka sa Sutle do dr\u017eavnika \u010dijem je sprovodu prisustvovalo najvi\u0161e delegacija i predstavnika dr\u017eava. Jedini \u010delnik pobjedni\u010dke koalicije u Drugom svjetskom ratu koji je bio na bojnom polju i vodio jedinice, te bio ranjen u njema\u010dkom bombardiranju.<\/p>\n\n\n\n<p><em>Tito, povjerljivo i osobno<\/em> nova je biografija Josipa Broza, a od postoje\u0107ih se razlikuje time \u0161to je napisana pregledno, zabavno, pitko i \u010ditko, \u0161to ne \u010dudi jer joj je autor na\u0161 ponajbolji novinar i publicist Boris Ra\u0161eta. Puna pikanterija i zabavnih epizoda, knjiga Tito, povjerljivo i osobno sagledava Titov \u017eivot iz svih kutova i perspektiva. Ra\u0161etina biografija bit \u0107e zanimljiva znalcima, ali i svima kojima je dvadeseto stolje\u0107e daleka pro\u0161lost.<\/p>\n\n\n\n<hr class=\"wp-block-separator\"\/>\n\n\n\n<p>Broj stranica: 696<\/p>\n\n\n\n<p>Datum izdanja: listopad 2023.<\/p>\n\n\n\n<hr class=\"wp-block-separator\"\/>\n\n\n\n<p>Izvor:<\/p>\n\n\n\n<p><a href=\"https:\/\/fraktura.hr\/tito-povjerljivo-i-osobno.html\">https:\/\/fraktura.hr\/tito-povjerljivo-i-osobno.html<\/a><\/p>\n\n\n\n<hr class=\"wp-block-separator\"\/>\n\n\n\n<p>Obavijest je objavljena i na portalu <strong>Historiografija.ba<\/strong>:<\/p>\n\n\n\n<p><a href=\"https:\/\/historiografija.ba\/article.php?id=1991\">https:\/\/historiografija.ba\/article.php?id=1991<\/a><\/p>\n\n\n\n<hr class=\"wp-block-separator\"\/>\n","protected":false},"excerpt":{"rendered":"","protected":false},"author":2,"featured_media":37933,"comment_status":"open","ping_status":"open","sticky":false,"template":"","format":"standard","meta":{"_acf_changed":false,"jetpack_post_was_ever_published":false,"_jetpack_newsletter_access":"","_jetpack_dont_email_post_to_subs":false,"_jetpack_newsletter_tier_id":0,"_jetpack_memberships_contains_paywalled_content":false,"_jetpack_memberships_contains_paid_content":false,"footnotes":"","jetpack_publicize_message":"","jetpack_publicize_feature_enabled":true,"jetpack_social_post_already_shared":true,"jetpack_social_options":{"image_generator_settings":{"template":"highway","default_image_id":0,"font":"","enabled":false},"version":2}},"categories":[8,3],"tags":[],"class_list":["post-37932","post","type-post","status-publish","format-standard","has-post-thumbnail","hentry","category-knjige","category-novosti"],"acf":{"facebook_opis":""},"jetpack_publicize_connections":[],"jetpack_featured_media_url":"https:\/\/i0.wp.com\/historiografija.hr\/wp-content\/uploads\/2023\/11\/tito_povjerljivo_i_osobno.jpg?fit=402%2C610&ssl=1","jetpack_sharing_enabled":true,"jetpack-related-posts":[],"_links":{"self":[{"href":"https:\/\/historiografija.hr\/index.php?rest_route=\/wp\/v2\/posts\/37932","targetHints":{"allow":["GET"]}}],"collection":[{"href":"https:\/\/historiografija.hr\/index.php?rest_route=\/wp\/v2\/posts"}],"about":[{"href":"https:\/\/historiografija.hr\/index.php?rest_route=\/wp\/v2\/types\/post"}],"author":[{"embeddable":true,"href":"https:\/\/historiografija.hr\/index.php?rest_route=\/wp\/v2\/users\/2"}],"replies":[{"embeddable":true,"href":"https:\/\/historiografija.hr\/index.php?rest_route=%2Fwp%2Fv2%2Fcomments&post=37932"}],"version-history":[{"count":1,"href":"https:\/\/historiografija.hr\/index.php?rest_route=\/wp\/v2\/posts\/37932\/revisions"}],"predecessor-version":[{"id":37934,"href":"https:\/\/historiografija.hr\/index.php?rest_route=\/wp\/v2\/posts\/37932\/revisions\/37934"}],"wp:featuredmedia":[{"embeddable":true,"href":"https:\/\/historiografija.hr\/index.php?rest_route=\/wp\/v2\/media\/37933"}],"wp:attachment":[{"href":"https:\/\/historiografija.hr\/index.php?rest_route=%2Fwp%2Fv2%2Fmedia&parent=37932"}],"wp:term":[{"taxonomy":"category","embeddable":true,"href":"https:\/\/historiografija.hr\/index.php?rest_route=%2Fwp%2Fv2%2Fcategories&post=37932"},{"taxonomy":"post_tag","embeddable":true,"href":"https:\/\/historiografija.hr\/index.php?rest_route=%2Fwp%2Fv2%2Ftags&post=37932"}],"curies":[{"name":"wp","href":"https:\/\/api.w.org\/{rel}","templated":true}]}}