{"id":37920,"date":"2023-11-07T22:05:00","date_gmt":"2023-11-07T22:05:00","guid":{"rendered":"http:\/\/historiografija.hr\/?p=37920"},"modified":"2023-11-07T22:05:00","modified_gmt":"2023-11-07T22:05:00","slug":"21-zagreb-film-festival","status":"publish","type":"post","link":"https:\/\/historiografija.hr\/?p=37920","title":{"rendered":"21. Zagreb Film Festival"},"content":{"rendered":"\n<p>U Zagrebu se od 6. do 12. studenog 2023. odr\u017eava 21. Zagreb Film Festival. Program sadr\u017ei nekoliko filmova povijesne tematike, npr.: \u201eOtet\u201c Marca Bellocchia o stvarnom slu\u010daju iz 19. st. papinskodr\u017eavne otmice kr\u0161tenog \u017eidovskog dje\u010daka, \u201eMoj stan\u201c Zvonimira Berkovi\u0107a o zagreba\u010dkoj obitelji i njihovom novom malom stanu po\u010detkom 1960-ih, \u201e\u010cuvari formule\u201c Dragana Bjelogrli\u0107a koji pri\u010dom o ozra\u010denim jugoslavenskim znanstvenicima tematizira stvarni \u201eslu\u010daj Vin\u010da\u201c 1950-ih, \u201eLost Country\u201c Vladimira Peri\u0161i\u0107a koji tematizira Srbiju 1996. u jeku studentskih demonstracija.<\/p>\n\n\n\n<hr class=\"wp-block-separator\"\/>\n\n\n\n<p>Izvori i dodatne obavijesti:<\/p>\n\n\n\n<figure class=\"wp-block-embed-wordpress wp-block-embed is-type-wp-embed is-provider-zagreb-film-festival\"><div class=\"wp-block-embed__wrapper\">\n<blockquote class=\"wp-embedded-content\" data-secret=\"hUS2Mkbwsz\"><a href=\"https:\/\/zff.hr\/\">Zagreb Film Festival<\/a><\/blockquote><iframe loading=\"lazy\" class=\"wp-embedded-content\" sandbox=\"allow-scripts\" security=\"restricted\" style=\"position: absolute; clip: rect(1px, 1px, 1px, 1px);\" title=\"&#8220;Zagreb Film Festival&#8221; &#8212; Zagreb Film Festival\" src=\"https:\/\/zff.hr\/embed\/#?secret=Be1U6b4Cj5#?secret=hUS2Mkbwsz\" data-secret=\"hUS2Mkbwsz\" width=\"600\" height=\"338\" frameborder=\"0\" marginwidth=\"0\" marginheight=\"0\" scrolling=\"no\"><\/iframe>\n<\/div><\/figure>\n\n\n\n<figure class=\"wp-block-embed-wordpress wp-block-embed is-type-wp-embed is-provider-zagreb-film-festival\"><div class=\"wp-block-embed__wrapper\">\n<blockquote class=\"wp-embedded-content\" data-secret=\"pPSz2rw1bc\"><a href=\"https:\/\/zff.hr\/movies\/otet\/\">Otet<\/a><\/blockquote><iframe loading=\"lazy\" class=\"wp-embedded-content\" sandbox=\"allow-scripts\" security=\"restricted\" style=\"position: absolute; clip: rect(1px, 1px, 1px, 1px);\" title=\"&#8220;Otet&#8221; &#8212; Zagreb Film Festival\" src=\"https:\/\/zff.hr\/movies\/otet\/embed\/#?secret=UbG9ISCMM8#?secret=pPSz2rw1bc\" data-secret=\"pPSz2rw1bc\" width=\"600\" height=\"338\" frameborder=\"0\" marginwidth=\"0\" marginheight=\"0\" scrolling=\"no\"><\/iframe>\n<\/div><\/figure>\n\n\n\n<figure class=\"wp-block-embed-wordpress wp-block-embed is-type-wp-embed is-provider-zagreb-film-festival\"><div class=\"wp-block-embed__wrapper\">\n<blockquote class=\"wp-embedded-content\" data-secret=\"BrUjOVotQ1\"><a href=\"https:\/\/zff.hr\/movies\/moj-stan\/\">Moj stan<\/a><\/blockquote><iframe loading=\"lazy\" class=\"wp-embedded-content\" sandbox=\"allow-scripts\" security=\"restricted\" style=\"position: absolute; clip: rect(1px, 1px, 1px, 1px);\" title=\"&#8220;Moj stan&#8221; &#8212; Zagreb Film Festival\" src=\"https:\/\/zff.hr\/movies\/moj-stan\/embed\/#?secret=bunWJkBDrl#?secret=BrUjOVotQ1\" data-secret=\"BrUjOVotQ1\" width=\"600\" height=\"338\" frameborder=\"0\" marginwidth=\"0\" marginheight=\"0\" scrolling=\"no\"><\/iframe>\n<\/div><\/figure>\n\n\n\n<figure class=\"wp-block-embed-wordpress wp-block-embed is-type-wp-embed is-provider-zagreb-film-festival\"><div class=\"wp-block-embed__wrapper\">\n<blockquote class=\"wp-embedded-content\" data-secret=\"etoKIpDQw2\"><a href=\"https:\/\/zff.hr\/movies\/cuvari-formule\/\">\u010cuvari formule<\/a><\/blockquote><iframe loading=\"lazy\" class=\"wp-embedded-content\" sandbox=\"allow-scripts\" security=\"restricted\" style=\"position: absolute; clip: rect(1px, 1px, 1px, 1px);\" title=\"&#8220;\u010cuvari formule&#8221; &#8212; Zagreb Film Festival\" src=\"https:\/\/zff.hr\/movies\/cuvari-formule\/embed\/#?secret=sjtFgyjp6e#?secret=etoKIpDQw2\" data-secret=\"etoKIpDQw2\" width=\"600\" height=\"338\" frameborder=\"0\" marginwidth=\"0\" marginheight=\"0\" scrolling=\"no\"><\/iframe>\n<\/div><\/figure>\n\n\n\n<figure class=\"wp-block-embed-wordpress wp-block-embed is-type-wp-embed is-provider-zagreb-film-festival\"><div class=\"wp-block-embed__wrapper\">\n<blockquote class=\"wp-embedded-content\" data-secret=\"rk3EbRapfc\"><a href=\"https:\/\/zff.hr\/movies\/lost-country\/\">Lost Country<\/a><\/blockquote><iframe loading=\"lazy\" class=\"wp-embedded-content\" sandbox=\"allow-scripts\" security=\"restricted\" style=\"position: absolute; clip: rect(1px, 1px, 1px, 1px);\" title=\"&#8220;Lost Country&#8221; &#8212; Zagreb Film Festival\" src=\"https:\/\/zff.hr\/movies\/lost-country\/embed\/#?secret=6D8oZ8KCY6#?secret=rk3EbRapfc\" data-secret=\"rk3EbRapfc\" width=\"600\" height=\"338\" frameborder=\"0\" marginwidth=\"0\" marginheight=\"0\" scrolling=\"no\"><\/iframe>\n<\/div><\/figure>\n\n\n\n<figure class=\"wp-block-embed-wordpress wp-block-embed is-type-wp-embed is-provider-zagreb-film-festival\"><div class=\"wp-block-embed__wrapper\">\n<blockquote class=\"wp-embedded-content\" data-secret=\"sXhPKovA3l\"><a href=\"https:\/\/zff.hr\/stvarnost-mastovitija-od-fikcije-filmovi-po-istinitim-dogadajima\/\">Stvarnost ma\u0161tovitija od fikcije: filmovi po istinitim doga\u0111ajima<\/a><\/blockquote><iframe loading=\"lazy\" class=\"wp-embedded-content\" sandbox=\"allow-scripts\" security=\"restricted\" style=\"position: absolute; clip: rect(1px, 1px, 1px, 1px);\" title=\"&#8220;Stvarnost ma\u0161tovitija od fikcije: filmovi po istinitim doga\u0111ajima&#8221; &#8212; Zagreb Film Festival\" src=\"https:\/\/zff.hr\/stvarnost-mastovitija-od-fikcije-filmovi-po-istinitim-dogadajima\/embed\/#?secret=5gaOdS0KdI#?secret=sXhPKovA3l\" data-secret=\"sXhPKovA3l\" width=\"600\" height=\"338\" frameborder=\"0\" marginwidth=\"0\" marginheight=\"0\" scrolling=\"no\"><\/iframe>\n<\/div><\/figure>\n\n\n\n<hr class=\"wp-block-separator\"\/>\n","protected":false},"excerpt":{"rendered":"","protected":false},"author":2,"featured_media":37921,"comment_status":"open","ping_status":"open","sticky":false,"template":"","format":"standard","meta":{"_acf_changed":false,"jetpack_post_was_ever_published":false,"_jetpack_newsletter_access":"","_jetpack_dont_email_post_to_subs":false,"_jetpack_newsletter_tier_id":0,"_jetpack_memberships_contains_paywalled_content":false,"_jetpack_memberships_contains_paid_content":false,"footnotes":"","jetpack_publicize_message":"","jetpack_publicize_feature_enabled":true,"jetpack_social_post_already_shared":true,"jetpack_social_options":{"image_generator_settings":{"template":"highway","default_image_id":0,"font":"","enabled":false},"version":2}},"categories":[13,3],"tags":[],"class_list":["post-37920","post","type-post","status-publish","format-standard","has-post-thumbnail","hentry","category-filmovi-i-serije","category-novosti"],"acf":{"facebook_opis":""},"jetpack_publicize_connections":[],"jetpack_featured_media_url":"https:\/\/i0.wp.com\/historiografija.hr\/wp-content\/uploads\/2023\/11\/zagreb-film-festival.jpg?fit=1200%2C567&ssl=1","jetpack_sharing_enabled":true,"jetpack-related-posts":[],"_links":{"self":[{"href":"https:\/\/historiografija.hr\/index.php?rest_route=\/wp\/v2\/posts\/37920","targetHints":{"allow":["GET"]}}],"collection":[{"href":"https:\/\/historiografija.hr\/index.php?rest_route=\/wp\/v2\/posts"}],"about":[{"href":"https:\/\/historiografija.hr\/index.php?rest_route=\/wp\/v2\/types\/post"}],"author":[{"embeddable":true,"href":"https:\/\/historiografija.hr\/index.php?rest_route=\/wp\/v2\/users\/2"}],"replies":[{"embeddable":true,"href":"https:\/\/historiografija.hr\/index.php?rest_route=%2Fwp%2Fv2%2Fcomments&post=37920"}],"version-history":[{"count":1,"href":"https:\/\/historiografija.hr\/index.php?rest_route=\/wp\/v2\/posts\/37920\/revisions"}],"predecessor-version":[{"id":37922,"href":"https:\/\/historiografija.hr\/index.php?rest_route=\/wp\/v2\/posts\/37920\/revisions\/37922"}],"wp:featuredmedia":[{"embeddable":true,"href":"https:\/\/historiografija.hr\/index.php?rest_route=\/wp\/v2\/media\/37921"}],"wp:attachment":[{"href":"https:\/\/historiografija.hr\/index.php?rest_route=%2Fwp%2Fv2%2Fmedia&parent=37920"}],"wp:term":[{"taxonomy":"category","embeddable":true,"href":"https:\/\/historiografija.hr\/index.php?rest_route=%2Fwp%2Fv2%2Fcategories&post=37920"},{"taxonomy":"post_tag","embeddable":true,"href":"https:\/\/historiografija.hr\/index.php?rest_route=%2Fwp%2Fv2%2Ftags&post=37920"}],"curies":[{"name":"wp","href":"https:\/\/api.w.org\/{rel}","templated":true}]}}