{"id":37889,"date":"2023-11-06T16:56:33","date_gmt":"2023-11-06T16:56:33","guid":{"rendered":"http:\/\/historiografija.hr\/?p=37889"},"modified":"2023-11-06T16:56:33","modified_gmt":"2023-11-06T16:56:33","slug":"6th-international-scientific-symposium-in-honour-of-stjepan-gunjaca-political-and-social-structures-in-early-medieval-central-south-and-eastern-europe-9th-15th-centuries","status":"publish","type":"post","link":"https:\/\/historiografija.hr\/?p=37889","title":{"rendered":"6th International Scientific Symposium in honour of Stjepan Gunja\u010da: Political and Social Structures in Early Medieval Central, South and Eastern Europe (9th \u2013 15th centuries)"},"content":{"rendered":"\n<p>Od 8. do 11. studenog 2023. u Muzeju hrvatskih arheolo\u0161kih spomenika \u2013 Split odr\u017eat \u0107e se 6. Me\u0111unarodni znanstveni simpozij u \u010dast Stjepana Gunja\u010de:<\/p>\n\n\n\n<p><strong>Political and Social Structures in Early Medieval Central, South and Eastern Europe (9th \u2013 15th centuries). Archaeological and historical evidence.<\/strong><\/p>\n\n\n\n<p>Na simpoziju \u0107emo ugostiti kolege iz Austrije, Bugarske, \u010ce\u0161ke, Kosova, Ma\u0111arske, Rumunjske, Slova\u010dke, Slovenije, Srbije i Ukrajine koji \u0107e zajedno s na\u0161im kolegama iz muzeja i Hrvatske izlagati radove na temu ranosrednjovjekovnih politi\u010dkih i dru\u0161tvenih struktura.<\/p>\n\n\n\n<p>Politi\u010dkim strukturama se arheolozi i povjesni\u010dari ranosrednjovjekovlja \u010desto bave, ali novi arheolo\u0161ki nalazi ili druga\u010dije \u010ditanje izvora \u010desto nadopunjuju ili pak mijenjaju na\u0161a saznanja. Dru\u0161tvene pak strukture, zbog manjka povijesnih izvora i izravnih arheolo\u0161kih indikatora, te\u0161ko je jasno razaznati i objasniti pa su sve nove informacije iznimno vrijedne. Vjerujemo, stoga, da \u0107e ovaj simpozij biti pravo vrelo novih informacija pa time i zaklju\u010daka o va\u017enim temama.<\/p>\n\n\n\n<p>Simpozij je otvoren za javnost, za sve zainteresirane.<\/p>\n\n\n\n<hr class=\"wp-block-separator\"\/>\n\n\n\n<p>Otvaranje izlo\u017ebe <strong>Knez iz Bojne &#8211; novo poglavlje hrvatske povijesti<\/strong> u organizaciji Ministarstva kulture i medija RH, Hrvatskog restauratorskog zavoda, Arheolo\u0161kog muzeja u Zagrebu, Gradskog muzeja Sisak, Instituta za antropologiju i Muzeja hrvatskih arheolo\u0161kih spomenika \u2013 Split.<\/p>\n\n\n\n<p>&#8220;Arheolo\u0161ko nalazi\u0161te Bojna \u2013 Brekinjova Kosa od izuzetne je va\u017enosti za poznavanje razdoblja od 7. do 9. stolje\u0107a, pogotovo u krajevima o kojima smo dosad znali vrlo malo. Nalazi frana\u010dkog ma\u010da i luksuznoga groba u kojem je pokojnik bio pokopan s istom opremom kao i njegov suvremenik u Biskupiji kod Knina, govore o povezanosti \u0161ire regije Siska s onda\u0161njom sredi\u0161njom Hrvatskom. Gotovo identi\u010dni predmeti nedvojbeno govore o pripadnosti obojice pokojnika istom elitnom sloju koji se uzdigao potkraj 8. i po\u010detkom 9. stolje\u0107a da bi na velikom dijelu nekada\u0161nje anti\u010dke Dalmacije stvorio hrvatsku kne\u017eevinu. Zbog toga \u0161to raspola\u017eemo s vrlo malo povijesnih tekstova koji bi nam o tom procesu pru\u017eili dostatne obavijesti, takvi nam arheolo\u0161ki nalazi pru\u017eaju dragocjene informacije. Zahvaljuju\u0107i nalazima na Bojni \u2013 Brekinjovoj Kosi, danas mo\u017eemo s ve\u0107om sigurno\u0161\u0107u tvrditi da se vlast hrvatskoga kneza pru\u017eala do okolice Siska. No osim va\u017enosti za politi\u010dku povijest rane Hrvatske, cijeli kompleks nalazi\u0161ta daje nam rijetku sliku o izgledu i \u017eivotu lokalne zajednice smje\u0161tene unutar i oko utvr\u0111enoga lokaliteta.&#8221;<\/p>\n\n\n\n<p>Izlo\u017eba \u0107e biti otvorena 8. studenoga 2023. g. u 19:00 sati u sklopu znanstvenog me\u0111unarodnog skupa u \u010dast akademika Stjepana Gunja\u010de \u201eDani Stjepana Gunja\u010de\u201c.<\/p>\n\n\n\n<hr class=\"wp-block-separator\"\/>\n\n\n\n<p>Izvori i dodatne informacije:<\/p>\n\n\n\n<p><a href=\"https:\/\/www.facebook.com\/muzejHAS\/\">https:\/\/www.facebook.com\/muzejHAS\/<\/a><\/p>\n\n\n\n<hr class=\"wp-block-separator\"\/>\n","protected":false},"excerpt":{"rendered":"","protected":false},"author":2,"featured_media":37890,"comment_status":"open","ping_status":"open","sticky":false,"template":"","format":"standard","meta":{"_acf_changed":false,"jetpack_post_was_ever_published":false,"_jetpack_newsletter_access":"","_jetpack_dont_email_post_to_subs":false,"_jetpack_newsletter_tier_id":0,"_jetpack_memberships_contains_paywalled_content":false,"_jetpack_memberships_contains_paid_content":false,"footnotes":"","jetpack_publicize_message":"","jetpack_publicize_feature_enabled":true,"jetpack_social_post_already_shared":true,"jetpack_social_options":{"image_generator_settings":{"template":"highway","default_image_id":0,"font":"","enabled":false},"version":2}},"categories":[3,9],"tags":[],"class_list":["post-37889","post","type-post","status-publish","format-standard","has-post-thumbnail","hentry","category-novosti","category-skupovi"],"acf":{"facebook_opis":""},"jetpack_publicize_connections":[],"jetpack_featured_media_url":"https:\/\/i0.wp.com\/historiografija.hr\/wp-content\/uploads\/2023\/11\/Gunjaca.jpg?fit=1287%2C911&ssl=1","jetpack_sharing_enabled":true,"jetpack-related-posts":[],"_links":{"self":[{"href":"https:\/\/historiografija.hr\/index.php?rest_route=\/wp\/v2\/posts\/37889","targetHints":{"allow":["GET"]}}],"collection":[{"href":"https:\/\/historiografija.hr\/index.php?rest_route=\/wp\/v2\/posts"}],"about":[{"href":"https:\/\/historiografija.hr\/index.php?rest_route=\/wp\/v2\/types\/post"}],"author":[{"embeddable":true,"href":"https:\/\/historiografija.hr\/index.php?rest_route=\/wp\/v2\/users\/2"}],"replies":[{"embeddable":true,"href":"https:\/\/historiografija.hr\/index.php?rest_route=%2Fwp%2Fv2%2Fcomments&post=37889"}],"version-history":[{"count":1,"href":"https:\/\/historiografija.hr\/index.php?rest_route=\/wp\/v2\/posts\/37889\/revisions"}],"predecessor-version":[{"id":37891,"href":"https:\/\/historiografija.hr\/index.php?rest_route=\/wp\/v2\/posts\/37889\/revisions\/37891"}],"wp:featuredmedia":[{"embeddable":true,"href":"https:\/\/historiografija.hr\/index.php?rest_route=\/wp\/v2\/media\/37890"}],"wp:attachment":[{"href":"https:\/\/historiografija.hr\/index.php?rest_route=%2Fwp%2Fv2%2Fmedia&parent=37889"}],"wp:term":[{"taxonomy":"category","embeddable":true,"href":"https:\/\/historiografija.hr\/index.php?rest_route=%2Fwp%2Fv2%2Fcategories&post=37889"},{"taxonomy":"post_tag","embeddable":true,"href":"https:\/\/historiografija.hr\/index.php?rest_route=%2Fwp%2Fv2%2Ftags&post=37889"}],"curies":[{"name":"wp","href":"https:\/\/api.w.org\/{rel}","templated":true}]}}