{"id":37883,"date":"2023-11-04T23:30:54","date_gmt":"2023-11-04T23:30:54","guid":{"rendered":"http:\/\/historiografija.hr\/?p=37883"},"modified":"2023-11-04T23:30:54","modified_gmt":"2023-11-04T23:30:54","slug":"richard-firth-godbehere-ljudska-povijest-emocija-kako-su-nasi-osjecaji-sagradili-svijet-kakav-poznajemo","status":"publish","type":"post","link":"https:\/\/historiografija.hr\/?p=37883","title":{"rendered":"Richard Firth Godbehere, \u201eLjudska povijest emocija \u2013 Kako su na\u0161i osje\u0107aji sagradili svijet kakav poznajemo\u201c"},"content":{"rendered":"\n<p>Ljudi vjeruju da se logi\u010dkim razmi\u0161ljanjem i intelektom slu\u017ee kako bi pre\u017eivjeli. Me\u0111utim, mnogi od najva\u017enijih trenutaka u povijesti imali su malo veze s konkretnim i neospornim \u010dinjenicama, ve\u0107 su bili oblikovani kompleksnim i mo\u0107nim emocijama. Doga\u0111aji poput nastanka filozofije i glavnih svjetskih religija, pad Zapadnog Rimskog Carstva, znanstvene revolucije i neki od najkrvavijih ratova mogu se razumjeti samo ako razumijemo ljudske emocije.<\/p>\n\n\n\n<p><br>Zaronjen u povijest psihologije, neuroznanosti, filozofije, umjetnosti i religije, u knjizi <em>Ljudska povijest emocija<\/em>, istra\u017eiva\u010d i stru\u010dnjak za emocije Richard Firth-Godbehere vodi \u010ditatelja na \u0161iroko i fascinantno putovanje diljem svijeta otkrivaju\u0107i klju\u010dnu i \u010desto podcijenjenu ulogu koju su emocije igrale u razli\u010ditim dru\u0161tvima tijekom povijesti &#8211; od drevne Gr\u010dke do Gambije, Japana, Osmanskog Carstva, Sjedinjenih Ameri\u010dkih Dr\u017eava i dalje.<\/p>\n\n\n\n<p><br><em>Ljudska povijest emocija<\/em> ilustrira s bogatstvom detalja kako su se na\u0161a iskustva, razumijevanje i vjerovanje o emocijama &#8211; i sami osje\u0107aji &#8211; mijenjali tijekom vremena i kako su duboko oblikovali svijet u kojemu \u017eivimo.<\/p>\n\n\n\n<hr class=\"wp-block-separator\"\/>\n\n\n\n<p><br>O autoru:<br>Richard Firth-Godbehere jedan je od vode\u0107ih stru\u010dnjaka u podru\u010dju emocija, a isto tako je neovisni istra\u017eiva\u010d i konzultant u podru\u010djima povijesti, jezika, znanosti i filozofije emocija. Doktor je znanosti i ima \u010dast biti istra\u017eiva\u010d u Centru za istra\u017eivanje povijesti emocija na Sveu\u010dili\u0161tu Queen Mary u Londonu. Diplomirao je s po\u010dastima na Sveu\u010dili\u0161tu u Londonu gdje je dobio i dva priznanja za izvrsnost u akademskim postignu\u0107ima.<br>Tako\u0111er je stekao magisterij na Sveu\u010dili\u0161tu u Cambridgeu i doktorat na Sveu\u010dili\u0161tu Queen Mary u Londonu.<\/p>\n\n\n\n<hr class=\"wp-block-separator\"\/>\n\n\n\n<p>&#8220;Bri\u017eljivo napisana i ispunjena \u010dinjenicama, ova knjiga putuje \u0161irom svijeta. Oni koji su zainteresirani za povijest emocija ovdje \u0107e prona\u0107i dobro mjesto za po\u010detak.&#8221;<br>\u2014 Publishers Weekly<\/p>\n\n\n\n<hr class=\"wp-block-separator\"\/>\n\n\n\n<p>S engleskoga preveo: Vedran Pavli\u0107<\/p>\n\n\n\n<hr class=\"wp-block-separator\"\/>\n\n\n\n<p>Izdava\u010d: \u0160kolska knjiga<\/p>\n\n\n\n<p>Broj stranica: 304<\/p>\n\n\n\n<p>Godina izdanja: 2023<\/p>\n\n\n\n<hr class=\"wp-block-separator\"\/>\n\n\n\n<p>Prelistaj izdanje:<\/p>\n\n\n\n<p><a href=\"https:\/\/shop.skolskaknjiga.hr\/ljudska-povijest-emocija-kako-su-nasi-osjecaji-sagradili-svijet-kakav-poznajemo.html\">https:\/\/shop.skolskaknjiga.hr\/ljudska-povijest-emocija-kako-su-nasi-osjecaji-sagradili-svijet-kakav-poznajemo.html<\/a><\/p>\n\n\n\n<hr class=\"wp-block-separator\"\/>\n","protected":false},"excerpt":{"rendered":"","protected":false},"author":2,"featured_media":37884,"comment_status":"open","ping_status":"open","sticky":false,"template":"","format":"standard","meta":{"_acf_changed":false,"jetpack_post_was_ever_published":false,"_jetpack_newsletter_access":"","_jetpack_dont_email_post_to_subs":false,"_jetpack_newsletter_tier_id":0,"_jetpack_memberships_contains_paywalled_content":false,"_jetpack_memberships_contains_paid_content":false,"footnotes":"","jetpack_publicize_message":"","jetpack_publicize_feature_enabled":true,"jetpack_social_post_already_shared":true,"jetpack_social_options":{"image_generator_settings":{"template":"highway","default_image_id":0,"font":"","enabled":false},"version":2}},"categories":[8,3],"tags":[],"class_list":["post-37883","post","type-post","status-publish","format-standard","has-post-thumbnail","hentry","category-knjige","category-novosti"],"acf":{"facebook_opis":""},"jetpack_publicize_connections":[],"jetpack_featured_media_url":"https:\/\/i0.wp.com\/historiografija.hr\/wp-content\/uploads\/2023\/11\/Povijest-emocija.jpg?fit=687%2C1000&ssl=1","jetpack_sharing_enabled":true,"jetpack-related-posts":[],"_links":{"self":[{"href":"https:\/\/historiografija.hr\/index.php?rest_route=\/wp\/v2\/posts\/37883","targetHints":{"allow":["GET"]}}],"collection":[{"href":"https:\/\/historiografija.hr\/index.php?rest_route=\/wp\/v2\/posts"}],"about":[{"href":"https:\/\/historiografija.hr\/index.php?rest_route=\/wp\/v2\/types\/post"}],"author":[{"embeddable":true,"href":"https:\/\/historiografija.hr\/index.php?rest_route=\/wp\/v2\/users\/2"}],"replies":[{"embeddable":true,"href":"https:\/\/historiografija.hr\/index.php?rest_route=%2Fwp%2Fv2%2Fcomments&post=37883"}],"version-history":[{"count":1,"href":"https:\/\/historiografija.hr\/index.php?rest_route=\/wp\/v2\/posts\/37883\/revisions"}],"predecessor-version":[{"id":37885,"href":"https:\/\/historiografija.hr\/index.php?rest_route=\/wp\/v2\/posts\/37883\/revisions\/37885"}],"wp:featuredmedia":[{"embeddable":true,"href":"https:\/\/historiografija.hr\/index.php?rest_route=\/wp\/v2\/media\/37884"}],"wp:attachment":[{"href":"https:\/\/historiografija.hr\/index.php?rest_route=%2Fwp%2Fv2%2Fmedia&parent=37883"}],"wp:term":[{"taxonomy":"category","embeddable":true,"href":"https:\/\/historiografija.hr\/index.php?rest_route=%2Fwp%2Fv2%2Fcategories&post=37883"},{"taxonomy":"post_tag","embeddable":true,"href":"https:\/\/historiografija.hr\/index.php?rest_route=%2Fwp%2Fv2%2Ftags&post=37883"}],"curies":[{"name":"wp","href":"https:\/\/api.w.org\/{rel}","templated":true}]}}