{"id":37875,"date":"2023-11-04T22:37:24","date_gmt":"2023-11-04T22:37:24","guid":{"rendered":"http:\/\/historiografija.hr\/?p=37875"},"modified":"2023-11-07T22:54:43","modified_gmt":"2023-11-07T22:54:43","slug":"interliber-2023-predstavljanje-knjige-hrvoja-barberica-enciklopedija-suvremeni-ratovi-i-drugi-oblici-kolektivnog-nasilja-nakon-1945-godine","status":"publish","type":"post","link":"https:\/\/historiografija.hr\/?p=37875","title":{"rendered":"Interliber 2023: Predstavljanje knjige Hrvoja Barberi\u0107a \u201eEnciklopedija: Suvremeni ratovi i drugi oblici kolektivnog nasilja nakon 1945. godine\u201c"},"content":{"rendered":"\n<p><strong>Utorak, 7. studenoga 2023. \/ 18h<\/strong><\/p>\n\n\n\n<p><strong>Paviljon 5 Zagreba\u010dkog velesajma, pozornica izlo\u017ebenog prostora \u0160kolske knjige.<\/strong><\/p>\n\n\n\n<p>Knjigu \u0107e predstaviti dr. sc. <strong>Ante \u017du\u017eul<\/strong>, predsjednik Upravnog odbora \u0160kolske knjige, dr. sc. <strong>Deniver Vukeli\u0107<\/strong>, urednik knjige, <strong>Miroslava Vu\u010di\u0107<\/strong>, glavna urednica, i <strong>Hrvoje Barberi\u0107<\/strong>, autor.<\/p>\n\n\n\n<hr class=\"wp-block-separator\"\/>\n\n\n\n<p>Op\u0161irnije o knjizi:<\/p>\n\n\n\n<p><a href=\"https:\/\/shop.skolskaknjiga.hr\/enciklopedija-suvremeni-ratovi-i-drugi-oblici-kolektivnog-nasilja-nakon-1945.html\">https:\/\/shop.skolskaknjiga.hr\/enciklopedija-suvremeni-ratovi-i-drugi-oblici-kolektivnog-nasilja-nakon-1945.html<\/a><\/p>\n\n\n\n<hr class=\"wp-block-separator\"\/>\n","protected":false},"excerpt":{"rendered":"","protected":false},"author":2,"featured_media":37876,"comment_status":"open","ping_status":"open","sticky":false,"template":"","format":"standard","meta":{"_acf_changed":false,"_jetpack_newsletter_access":"","_jetpack_dont_email_post_to_subs":false,"_jetpack_newsletter_tier_id":0,"_jetpack_memberships_contains_paywalled_content":false,"_jetpack_memberships_contains_paid_content":false,"footnotes":"","jetpack_publicize_message":"","jetpack_publicize_feature_enabled":true,"jetpack_social_post_already_shared":true,"jetpack_social_options":{"image_generator_settings":{"template":"highway","default_image_id":0,"font":"","enabled":false},"version":2},"jetpack_post_was_ever_published":false},"categories":[3],"tags":[],"class_list":["post-37875","post","type-post","status-publish","format-standard","has-post-thumbnail","hentry","category-novosti"],"acf":{"facebook_opis":""},"jetpack_publicize_connections":[],"jetpack_featured_media_url":"https:\/\/i0.wp.com\/historiografija.hr\/wp-content\/uploads\/2023\/11\/Pozivnica_Interliber_2023-scaled.jpg?fit=2400%2C2560&ssl=1","jetpack_sharing_enabled":true,"jetpack-related-posts":[{"id":53169,"url":"https:\/\/historiografija.hr\/?p=53169","url_meta":{"origin":37875,"position":0},"title":"Snimka razgovora sa Maxom Bergholzom &#8220;Da li je pravedno sje\u0107anje mogu\u0107e?&#8221;","author":"Branimir Jankovi\u0107","date":"12. svibnja 2026.","format":false,"excerpt":"KONT Talk \u201eDa li je pravedno sje\u0107anje mogu\u0107e?\u201c bio je razgovor sa Max Bergholz sa Concordia University, fokusiran na memorijalnu arhitekturu i na\u010dine na koje se pamte masovni zlo\u010dini. Razgovor je gra\u0111en kroz tri primjera: Kulen Vakuf, Garavice i Glina. U Kulen Vakufu otvorena je pri\u010da o cikli\u010dnom nasilju i\u2026","rel":"","context":"U &quot;Novosti&quot;","block_context":{"text":"Novosti","link":"https:\/\/historiografija.hr\/?cat=3"},"img":{"alt_text":"","src":"https:\/\/i0.wp.com\/historiografija.hr\/wp-content\/uploads\/2026\/03\/KONT-TALKS-MAX-BERGHOLZ.png?fit=850%2C478&ssl=1&resize=350%2C200","width":350,"height":200,"srcset":"https:\/\/i0.wp.com\/historiografija.hr\/wp-content\/uploads\/2026\/03\/KONT-TALKS-MAX-BERGHOLZ.png?fit=850%2C478&ssl=1&resize=350%2C200 1x, https:\/\/i0.wp.com\/historiografija.hr\/wp-content\/uploads\/2026\/03\/KONT-TALKS-MAX-BERGHOLZ.png?fit=850%2C478&ssl=1&resize=525%2C300 1.5x, https:\/\/i0.wp.com\/historiografija.hr\/wp-content\/uploads\/2026\/03\/KONT-TALKS-MAX-BERGHOLZ.png?fit=850%2C478&ssl=1&resize=700%2C400 2x"},"classes":[]},{"id":54592,"url":"https:\/\/historiografija.hr\/?p=54592","url_meta":{"origin":37875,"position":1},"title":"Rashid I. Khalidi, &#8220;Stogodi\u0161nji rat protiv Palestine&#8221;","author":"Branimir Jankovi\u0107","date":"14. srpnja 2026.","format":false,"excerpt":"Hrabro, briljantno i referentno, ovo izvanredno djelo s polja povijesne znanosti tako\u0111er obiluje dramati\u010dno\u0161\u0107u i zapanjuju\u0107om naracijom. Khalidi iznosi uvjerljive dokaze za preispitivanje konvencionalnog zapadnja\u010dkog poimanja spomenute teme, a njegova knjiga predstavlja prekretnicu u prou\u010davanju arapsko-izraelskog sukoba. Avi Shlaim, autor knjige The Iron Wall: Israel and the Arab World Stogodi\u0161nji\u2026","rel":"","context":"U &quot;Knjige&quot;","block_context":{"text":"Knjige","link":"https:\/\/historiografija.hr\/?cat=8"},"img":{"alt_text":"","src":"https:\/\/i0.wp.com\/historiografija.hr\/wp-content\/uploads\/2026\/07\/PK_Stogodisnji-Rat-Protiv-Palestine.jpg?fit=660%2C417&ssl=1&resize=350%2C200","width":350,"height":200,"srcset":"https:\/\/i0.wp.com\/historiografija.hr\/wp-content\/uploads\/2026\/07\/PK_Stogodisnji-Rat-Protiv-Palestine.jpg?fit=660%2C417&ssl=1&resize=350%2C200 1x, https:\/\/i0.wp.com\/historiografija.hr\/wp-content\/uploads\/2026\/07\/PK_Stogodisnji-Rat-Protiv-Palestine.jpg?fit=660%2C417&ssl=1&resize=525%2C300 1.5x"},"classes":[]},{"id":54425,"url":"https:\/\/historiografija.hr\/?p=54425","url_meta":{"origin":37875,"position":2},"title":"Tanja Petrovi\u0107, &#8220;Utopija uniforme&#8221;","author":"Branimir Jankovi\u0107","date":"2. srpnja 2026.","format":false,"excerpt":"Knjiga \u201eUtopija uniforme\u201c autorice Tanje Petrovi\u0107 objavljena je u izdanju Akademske knjige iz Novog Sada, a s engleskoga ju je prevela Katarina Jovanovi\u0107.\u00a0 O knjizi Obavezni vojni rok u Jugoslovenskoj narodnoj armiji (JNA) stvarao je me\u0111u mladim mu\u0161karcima veze koje su nadilazile etni\u010dke, verske i dru\u0161tvene podele. Ove veze opstale\u2026","rel":"","context":"U &quot;Knjige&quot;","block_context":{"text":"Knjige","link":"https:\/\/historiografija.hr\/?cat=8"},"img":{"alt_text":"","src":"https:\/\/i0.wp.com\/historiografija.hr\/wp-content\/uploads\/2026\/07\/Utopija-uniforme.jpg?fit=928%2C1200&ssl=1&resize=350%2C200","width":350,"height":200,"srcset":"https:\/\/i0.wp.com\/historiografija.hr\/wp-content\/uploads\/2026\/07\/Utopija-uniforme.jpg?fit=928%2C1200&ssl=1&resize=350%2C200 1x, https:\/\/i0.wp.com\/historiografija.hr\/wp-content\/uploads\/2026\/07\/Utopija-uniforme.jpg?fit=928%2C1200&ssl=1&resize=525%2C300 1.5x, https:\/\/i0.wp.com\/historiografija.hr\/wp-content\/uploads\/2026\/07\/Utopija-uniforme.jpg?fit=928%2C1200&ssl=1&resize=700%2C400 2x"},"classes":[]},{"id":55050,"url":"https:\/\/historiografija.hr\/?p=55050","url_meta":{"origin":37875,"position":3},"title":"Francesca Albanese, &#8220;Kad svijet spava&#8221;","author":"Branimir Jankovi\u0107","date":"21. kolovoza 2026.","format":false,"excerpt":"Nakon srpskog izdanja na koje smo prethodno uputili, objavljeno je i hrvatsko izdanje knjige Francesce Albanese, posebne izvjestiteljice UN-a za stanje ljudskih prava na okupiranom palestinskom teritoriju. Duh mjesta \u2013 genius loci \u2013 \u010dine ljudi i njihove pri\u010de, a Palestina je mjesto gdje se povijest i svakodnevni \u017eivot sudaraju rijetko\u2026","rel":"","context":"U &quot;Knjige&quot;","block_context":{"text":"Knjige","link":"https:\/\/historiografija.hr\/?cat=8"},"img":{"alt_text":"","src":"https:\/\/i0.wp.com\/historiografija.hr\/wp-content\/uploads\/2026\/08\/slika-8.png?fit=782%2C1200&ssl=1&resize=350%2C200","width":350,"height":200,"srcset":"https:\/\/i0.wp.com\/historiografija.hr\/wp-content\/uploads\/2026\/08\/slika-8.png?fit=782%2C1200&ssl=1&resize=350%2C200 1x, https:\/\/i0.wp.com\/historiografija.hr\/wp-content\/uploads\/2026\/08\/slika-8.png?fit=782%2C1200&ssl=1&resize=525%2C300 1.5x, https:\/\/i0.wp.com\/historiografija.hr\/wp-content\/uploads\/2026\/08\/slika-8.png?fit=782%2C1200&ssl=1&resize=700%2C400 2x"},"classes":[]},{"id":55054,"url":"https:\/\/historiografija.hr\/?p=55054","url_meta":{"origin":37875,"position":4},"title":"Predstavljanje knjige \u201ePakao se zove Jazovka\u201c u Splitu","author":"Branimir Jankovi\u0107","date":"24. kolovoza 2026.","format":false,"excerpt":"Povodom Europskog dana sje\u0107anja na \u017ertve totalitarnih i autoritarnih re\u017eima \u2013 nacizma, fa\u0161izma i komunizma, Hrvatska udruga Benedikt i Zmajski stol u Splitu Dru\u017ebe \u201eBra\u0107a Hrvatskoga Zmaja\u201c organiziraju predstavljanje knjige \u201ePakao se zove Jazovka\u201c autora Mladena Kuke. Predstavljanje \u0107e se odr\u017eati u velikoj dvorani Gradske knji\u017enice Marka Maruli\u0107a u Splitu\u2026","rel":"","context":"U &quot;Novosti&quot;","block_context":{"text":"Novosti","link":"https:\/\/historiografija.hr\/?cat=3"},"img":{"alt_text":"","src":"https:\/\/i0.wp.com\/historiografija.hr\/wp-content\/uploads\/2026\/08\/PAKAO-SE-ZOVE-JAZOVKA-PLAKAT-2.png?fit=1080%2C798&ssl=1&resize=350%2C200","width":350,"height":200,"srcset":"https:\/\/i0.wp.com\/historiografija.hr\/wp-content\/uploads\/2026\/08\/PAKAO-SE-ZOVE-JAZOVKA-PLAKAT-2.png?fit=1080%2C798&ssl=1&resize=350%2C200 1x, https:\/\/i0.wp.com\/historiografija.hr\/wp-content\/uploads\/2026\/08\/PAKAO-SE-ZOVE-JAZOVKA-PLAKAT-2.png?fit=1080%2C798&ssl=1&resize=525%2C300 1.5x, https:\/\/i0.wp.com\/historiografija.hr\/wp-content\/uploads\/2026\/08\/PAKAO-SE-ZOVE-JAZOVKA-PLAKAT-2.png?fit=1080%2C798&ssl=1&resize=700%2C400 2x, https:\/\/i0.wp.com\/historiografija.hr\/wp-content\/uploads\/2026\/08\/PAKAO-SE-ZOVE-JAZOVKA-PLAKAT-2.png?fit=1080%2C798&ssl=1&resize=1050%2C600 3x"},"classes":[]},{"id":53378,"url":"https:\/\/historiografija.hr\/?p=53378","url_meta":{"origin":37875,"position":5},"title":"&#8220;Kali Sara&#8221;: Poziv za sudjelovanje u 5. ljetnoj \u0161koli suo\u010davanja s pro\u0161lo\u0161\u0107u","author":"Branimir Jankovi\u0107","date":"15. svibnja 2026.","format":false,"excerpt":"Savez Roma u Republici Hrvatskoj \u201cKALI SARA\u201d poziva na sudjelovanje u 5. ljetnoj \u0161koli suo\u010davanja s pro\u0161lo\u0161\u0107u koja se odr\u017eava u sklopu me\u0111unarodnog projekta \"Osna\u017eivanje mladih kroz povijest\", usmjerenog na dublje razumijevanje triju mra\u010dnih doga\u0111aja 20. stolje\u0107a: Holokausta, ratnog genocida nad Romima (Samudaripena) i genocida u Srebrenici. Ljetna \u0161kola -\u2026","rel":"","context":"U &quot;Novosti&quot;","block_context":{"text":"Novosti","link":"https:\/\/historiografija.hr\/?cat=3"},"img":{"alt_text":"","src":"https:\/\/i0.wp.com\/historiografija.hr\/wp-content\/uploads\/2026\/05\/Tribina-NDH.jpg?fit=784%2C540&ssl=1&resize=350%2C200","width":350,"height":200,"srcset":"https:\/\/i0.wp.com\/historiografija.hr\/wp-content\/uploads\/2026\/05\/Tribina-NDH.jpg?fit=784%2C540&ssl=1&resize=350%2C200 1x, https:\/\/i0.wp.com\/historiografija.hr\/wp-content\/uploads\/2026\/05\/Tribina-NDH.jpg?fit=784%2C540&ssl=1&resize=525%2C300 1.5x, https:\/\/i0.wp.com\/historiografija.hr\/wp-content\/uploads\/2026\/05\/Tribina-NDH.jpg?fit=784%2C540&ssl=1&resize=700%2C400 2x"},"classes":[]}],"_links":{"self":[{"href":"https:\/\/historiografija.hr\/index.php?rest_route=\/wp\/v2\/posts\/37875","targetHints":{"allow":["GET"]}}],"collection":[{"href":"https:\/\/historiografija.hr\/index.php?rest_route=\/wp\/v2\/posts"}],"about":[{"href":"https:\/\/historiografija.hr\/index.php?rest_route=\/wp\/v2\/types\/post"}],"author":[{"embeddable":true,"href":"https:\/\/historiografija.hr\/index.php?rest_route=\/wp\/v2\/users\/2"}],"replies":[{"embeddable":true,"href":"https:\/\/historiografija.hr\/index.php?rest_route=%2Fwp%2Fv2%2Fcomments&post=37875"}],"version-history":[{"count":2,"href":"https:\/\/historiografija.hr\/index.php?rest_route=\/wp\/v2\/posts\/37875\/revisions"}],"predecessor-version":[{"id":37938,"href":"https:\/\/historiografija.hr\/index.php?rest_route=\/wp\/v2\/posts\/37875\/revisions\/37938"}],"wp:featuredmedia":[{"embeddable":true,"href":"https:\/\/historiografija.hr\/index.php?rest_route=\/wp\/v2\/media\/37876"}],"wp:attachment":[{"href":"https:\/\/historiografija.hr\/index.php?rest_route=%2Fwp%2Fv2%2Fmedia&parent=37875"}],"wp:term":[{"taxonomy":"category","embeddable":true,"href":"https:\/\/historiografija.hr\/index.php?rest_route=%2Fwp%2Fv2%2Fcategories&post=37875"},{"taxonomy":"post_tag","embeddable":true,"href":"https:\/\/historiografija.hr\/index.php?rest_route=%2Fwp%2Fv2%2Ftags&post=37875"}],"curies":[{"name":"wp","href":"https:\/\/api.w.org\/{rel}","templated":true}]}}