{"id":37858,"date":"2023-11-03T21:12:22","date_gmt":"2023-11-03T21:12:22","guid":{"rendered":"http:\/\/historiografija.hr\/?p=37858"},"modified":"2023-11-03T21:12:22","modified_gmt":"2023-11-03T21:12:22","slug":"predavanje-igor-duda-nigdje-nema-idealne-mjesne-zajednice-ali-o-drustvenom-samoupravljanju-u-jugoslaviji-yugolab","status":"publish","type":"post","link":"https:\/\/historiografija.hr\/?p=37858","title":{"rendered":"[Predavanje] Igor Duda \u2013 \u201eNigdje nema idealne mjesne zajednice, ali\u2026\u201c: o dru\u0161tvenom samoupravljanju u Jugoslaviji (YugoLab)"},"content":{"rendered":"\n<p>Datum: 9. Novembar 2023<\/p>\n\n\n\n<p>Vreme: 18:00 &#8211; 19:30<\/p>\n\n\n\n<p>Lokacija: Institut za filozofiju i dru\u0161tvenu teoriju, Kraljice Natalije 45, Beograd<\/p>\n\n\n\n<hr class=\"wp-block-separator\"\/>\n\n\n\n<p>Na temelju iskustva s radni\u010dkim samoupravljanjem, mjesnim odborima i stambenim zajednicama u Jugoslaviji se ustavima iz 1963. i 1974. uvode i afirmiraju mjesne zajednice kao samoupravno-teritorijalni oblik okupljanja radnih ljudi i gra\u0111ana unutar op\u0107ine, u naselju ili dijelu naselja. Zajedno s organizacijama udru\u017eenog rada i samoupravnim interesnim zajednicama \u010dinile su samoupravni trokut unutar kojeg su dogovorom rje\u0161avana pitanja raspodjele dohotka i ulaganja u dru\u0161tveni standard sukladno srednjoro\u010dnim planovima razvoja. Do klju\u010dnih se odluka dolazilo po\u0161tuju\u0107i na\u010dela dru\u0161tvenog samoupravljanja, neposredne socijalisti\u010dke demokracije te uzajamnosti i solidarnosti. Pored toga, mjesne zajednice bile su zami\u0161ljene i kao prostor za humanizaciju odnosa u susjedstvu i oblikovanje lokalne sredine po modelu pro\u0161irene obitelji. Je li takav model u praksi mogao funkcionirati i na kakve je prepreke nailazio? U \u010demu su aktivisti i gra\u0111ani kao samoupravlja\u010di imali uspjeha, a u \u010demu se nisu snalazili? U istra\u017eivanju kori\u0161teni izvori upu\u0107uju na \u0161iroko podru\u010dje djelovanja mjesnih zajednica u Jugoslaviji i razli\u010dita iskustva koja su se tijekom vremena mijenjala.<\/p>\n\n\n\n<p>O participaciji gra\u0111ana i svakodnevnim praksama samoupravljanja govore primjeri koji se odnose na tematiku osnivanja mjesnih zajednica, samodoprinosa, za\u0161tite potro\u0161a\u010da, mirovnih vije\u0107a, civilne za\u0161tite, bratimljenja i solidarnosti.<\/p>\n\n\n\n<p><strong>Igor Duda<\/strong> je povjesni\u010dar, redoviti profesor na Odsjeku za povijest Filozofskog fakulteta Sveu\u010dili\u0161ta Jurja Dobrile u Puli te istra\u017eiva\u010d u sveu\u010dili\u0161nom Centru za kulturolo\u0161ka i povijesna istra\u017eivanja socijalizma, \u010diji je suosniva\u010d i pokreta\u010d mnogih aktivnosti. Od 2011. vanjski je suradnik Filozofskog fakulteta Sveu\u010dili\u0161ta u Zagrebu, od 2021. Research Fellow na Leibnizovu Institutu za istra\u017eivanje isto\u010dne i jugoisto\u010dne Europe (IOS) u Regensburgu. Na Filozofskom fakultetu u Zagrebu diplomirao je povijest i kroatistiku te magistrirao i doktorirao povijest. Bavi se povije\u0161\u0107u svakodnevice i dru\u0161tvenom povijesti socijalisti\u010dke Jugoslavije, ponajvi\u0161e temama slobodnog vremena, turizma, potro\u0161a\u010dke kulture, \u017eivotnog standarda, djetinjstva, oblikovanja socijalisti\u010dkog \u010dovjeka i sudjelovanja gra\u0111ana u dru\u0161tvenom samoupravljanju. Od 2018. do 2023. bio je voditelj istra\u017eiva\u010dkog projekta\u00a0 Mikrostrukture jugoslavenskoga socijalizma: Hrvatska 1970-1990., \u010diji su rezultati njegova \u010detvrta autorska knjiga <em>Socijalizam na ku\u0107nom pragu. Mjesna zajednica i svakodnevica dru\u0161tvenog samoupravljanja u Jugoslaviji<\/em> (2023) i zbornik <em>Mikrosocijalizam (2023).<\/em><\/p>\n\n\n\n<hr class=\"wp-block-separator\"\/>\n\n\n\n<p>Izvor:<\/p>\n\n\n\n<figure class=\"wp-block-embed-wordpress wp-block-embed is-type-wp-embed is-provider-institut-za-filozofiju-i-drustvenu-teoriju\"><div class=\"wp-block-embed__wrapper\">\n<blockquote class=\"wp-embedded-content\" data-secret=\"D3x44DFflj\"><a href=\"https:\/\/ifdt.bg.ac.rs\/events\/predavanje-igor-duda-nigdje-nema-idealne-mjesne-zajednice-ali-o-drustvenom-samoupravljanju-u-jugoslaviji-yugolab\/\">[Predavanje] Igor Duda &#8211; \u201eNigdje nema idealne mjesne zajednice, ali\u2026\u201c: o dru\u0161tvenom samoupravljanju u Jugoslaviji (YugoLab)<\/a><\/blockquote><iframe loading=\"lazy\" class=\"wp-embedded-content\" sandbox=\"allow-scripts\" security=\"restricted\" style=\"position: absolute; clip: rect(1px, 1px, 1px, 1px);\" title=\"&#132;[Predavanje] Igor Duda &#8211; \u201eNigdje nema idealne mjesne zajednice, ali\u2026\u201c: o dru\u0161tvenom samoupravljanju u Jugoslaviji (YugoLab)&#147; &#8212; INSTITUT ZA FILOZOFIJU I DRU\u0160TVENU TEORIJU\" src=\"https:\/\/ifdt.bg.ac.rs\/events\/predavanje-igor-duda-nigdje-nema-idealne-mjesne-zajednice-ali-o-drustvenom-samoupravljanju-u-jugoslaviji-yugolab\/embed\/#?secret=ooQuqkVwMe#?secret=D3x44DFflj\" data-secret=\"D3x44DFflj\" width=\"600\" height=\"338\" frameborder=\"0\" marginwidth=\"0\" marginheight=\"0\" scrolling=\"no\"><\/iframe>\n<\/div><\/figure>\n\n\n\n<hr class=\"wp-block-separator\"\/>\n","protected":false},"excerpt":{"rendered":"","protected":false},"author":2,"featured_media":37859,"comment_status":"open","ping_status":"open","sticky":false,"template":"","format":"standard","meta":{"_acf_changed":false,"_jetpack_newsletter_access":"","_jetpack_dont_email_post_to_subs":false,"_jetpack_newsletter_tier_id":0,"_jetpack_memberships_contains_paywalled_content":false,"_jetpack_memberships_contains_paid_content":false,"footnotes":"","jetpack_publicize_message":"","jetpack_publicize_feature_enabled":true,"jetpack_social_post_already_shared":true,"jetpack_social_options":{"image_generator_settings":{"template":"highway","default_image_id":0,"font":"","enabled":false},"version":2},"jetpack_post_was_ever_published":false},"categories":[3],"tags":[],"class_list":["post-37858","post","type-post","status-publish","format-standard","has-post-thumbnail","hentry","category-novosti"],"acf":{"facebook_opis":""},"jetpack_publicize_connections":[],"jetpack_featured_media_url":"https:\/\/i0.wp.com\/historiografija.hr\/wp-content\/uploads\/2023\/11\/Duda-Tijana-Matijevic-scaled.jpg?fit=2560%2C1920&ssl=1","jetpack_sharing_enabled":true,"jetpack-related-posts":[{"id":53994,"url":"https:\/\/historiografija.hr\/?p=53994","url_meta":{"origin":37858,"position":0},"title":"Doga\u0111anja CKPIS-a: Predavanje Melvina Bernarda o dodjeli stanova u kasnom socijalizmu","author":"Branimir Jankovi\u0107","date":"10. lipnja 2026.","format":false,"excerpt":"U organizaciji sveu\u010dili\u0161nog Centra za kulturolo\u0161ka i povijesna istra\u017eivanja socijalizma \u2013 u utorak, 2. lipnja 2026., u 17.00 sati u dv. 221\u00a0na Filozofskom fakultetu u Puli (Negrijeva 6, prvi kat) \u2013 gostuju\u0107e javno predavanje pod naslovom Workers\u2019 Self-Management in Practice: Company Housing Distribution in Late Socialist Yugoslavia\u00a0odr\u017eao\u00a0je\u00a0Melvin Bernard, doktorand na\u00a0\u00c9cole\u2026","rel":"","context":"U &quot;Novosti&quot;","block_context":{"text":"Novosti","link":"https:\/\/historiografija.hr\/?cat=3"},"img":{"alt_text":"","src":"https:\/\/i0.wp.com\/historiografija.hr\/wp-content\/uploads\/2026\/06\/Bernard-scaled.jpg?fit=1200%2C578&ssl=1&resize=350%2C200","width":350,"height":200,"srcset":"https:\/\/i0.wp.com\/historiografija.hr\/wp-content\/uploads\/2026\/06\/Bernard-scaled.jpg?fit=1200%2C578&ssl=1&resize=350%2C200 1x, https:\/\/i0.wp.com\/historiografija.hr\/wp-content\/uploads\/2026\/06\/Bernard-scaled.jpg?fit=1200%2C578&ssl=1&resize=525%2C300 1.5x, https:\/\/i0.wp.com\/historiografija.hr\/wp-content\/uploads\/2026\/06\/Bernard-scaled.jpg?fit=1200%2C578&ssl=1&resize=700%2C400 2x, https:\/\/i0.wp.com\/historiografija.hr\/wp-content\/uploads\/2026\/06\/Bernard-scaled.jpg?fit=1200%2C578&ssl=1&resize=1050%2C600 3x"},"classes":[]},{"id":54545,"url":"https:\/\/historiografija.hr\/?p=54545","url_meta":{"origin":37858,"position":1},"title":"Viktoria Ko\u0161ak, &#8220;Povijest \u0161kola sestara Klanjateljica Krvi Kristove u Bosni i Hercegovini (1880. \u2013 1945.)\u201c","author":"Branimir Jankovi\u0107","date":"10. srpnja 2026.","format":false,"excerpt":"Viktoria Ko\u0161ak u knjizi \"Povijest \u0161kola sestara Klanjateljica Krvi Kristove u Bosni i Hercegovini (1880. \u2013 1945.)\u201c analizira povijest \u0161kola sestara Klanjateljica Krvi Kristove na podru\u010dju Bosne i Hercegovine nagla\u0161avaju\u0107i njihovu va\u017enu ulogu u obrazovanju, promicanju pismenosti i dru\u0161tvu.\u00a0 O knjizi\u00a0 Monografija dr. sc. Viktorije Ko\u0161ak pod naslovom \u201ePovijest \u0161kola\u2026","rel":"","context":"U &quot;Knjige&quot;","block_context":{"text":"Knjige","link":"https:\/\/historiografija.hr\/?cat=8"},"img":{"alt_text":"","src":"https:\/\/i0.wp.com\/historiografija.hr\/wp-content\/uploads\/2026\/07\/Kosak.jpg?fit=1028%2C812&ssl=1&resize=350%2C200","width":350,"height":200,"srcset":"https:\/\/i0.wp.com\/historiografija.hr\/wp-content\/uploads\/2026\/07\/Kosak.jpg?fit=1028%2C812&ssl=1&resize=350%2C200 1x, https:\/\/i0.wp.com\/historiografija.hr\/wp-content\/uploads\/2026\/07\/Kosak.jpg?fit=1028%2C812&ssl=1&resize=525%2C300 1.5x, https:\/\/i0.wp.com\/historiografija.hr\/wp-content\/uploads\/2026\/07\/Kosak.jpg?fit=1028%2C812&ssl=1&resize=700%2C400 2x"},"classes":[]},{"id":53742,"url":"https:\/\/historiografija.hr\/?p=53742","url_meta":{"origin":37858,"position":2},"title":"Javna predavanja &#8220;Kulturalna povijest kolektivnog stanovanja i komercijalni urbanizam&#8221;","author":"Branimir Jankovi\u0107","date":"26. svibnja 2026.","format":false,"excerpt":"U okviru ERC projekta Housing.Yu, Lea Horvat i Ivana Mihaela \u017dimbrek odr\u017eat \u0107e javna predavanja o kulturalnoj povijesti kolektivnog stanovanja i komercijalnom urbanizmu u petak, 29. svibnja 2026., u 13:00 sati na Arhitektonskom fakultetu u Zagrebu (Ka\u010di\u0107eva 26, 2. kat, soba 221). Lea HorvatKako nam kulturalna povijest poma\u017ee razumjeti kolektivno\u2026","rel":"","context":"U &quot;Novosti&quot;","block_context":{"text":"Novosti","link":"https:\/\/historiografija.hr\/?cat=3"},"img":{"alt_text":"","src":"https:\/\/i0.wp.com\/historiografija.hr\/wp-content\/uploads\/2026\/05\/erc-hyu-predavnje-ivana-zimbrek-1779202528.jpg?fit=900%2C563&ssl=1&resize=350%2C200","width":350,"height":200,"srcset":"https:\/\/i0.wp.com\/historiografija.hr\/wp-content\/uploads\/2026\/05\/erc-hyu-predavnje-ivana-zimbrek-1779202528.jpg?fit=900%2C563&ssl=1&resize=350%2C200 1x, https:\/\/i0.wp.com\/historiografija.hr\/wp-content\/uploads\/2026\/05\/erc-hyu-predavnje-ivana-zimbrek-1779202528.jpg?fit=900%2C563&ssl=1&resize=525%2C300 1.5x, https:\/\/i0.wp.com\/historiografija.hr\/wp-content\/uploads\/2026\/05\/erc-hyu-predavnje-ivana-zimbrek-1779202528.jpg?fit=900%2C563&ssl=1&resize=700%2C400 2x"},"classes":[]},{"id":52148,"url":"https:\/\/historiografija.hr\/?p=52148","url_meta":{"origin":37858,"position":3},"title":"Poziv za prijavu na me\u0111unarodnu znanstvenu konferenciju \u201eGranice (ne)slobode: Zadarski krug 1966. Intelektualna opozicija u totalitarnom dru\u0161tvu\u201c","author":"Branimir Jankovi\u0107","date":"27. o\u017eujka 2026.","format":false,"excerpt":"\u00a0\u00a0\u00a0\u00a0 Povodom \u0161ezdesete obljetnice poku\u0161aja osnivanja \u010dasopisa Slobodan glas u Zadru 1966. godine, pozivamo vas na znanstvenu konferenciju posve\u0107enu istra\u017eivanju disidentstva, intelektualne opozicije i granica divergentnog mi\u0161ljenja nasuprot slu\u017ebenoj ideologiji u komunisti\u010dkoj Jugoslaviji. Ideja konferencije je analizirati konkretan fenomen zadarskog slu\u010daja razloge i okolnosti njegove pojave, ali uz otvaranje komparativnih\u2026","rel":"","context":"U &quot;Novosti&quot;","block_context":{"text":"Novosti","link":"https:\/\/historiografija.hr\/?cat=3"},"img":{"alt_text":"","src":"https:\/\/i0.wp.com\/historiografija.hr\/wp-content\/uploads\/2026\/03\/Poziv-konferencija-Zadar.jpg?fit=1200%2C509&ssl=1&resize=350%2C200","width":350,"height":200,"srcset":"https:\/\/i0.wp.com\/historiografija.hr\/wp-content\/uploads\/2026\/03\/Poziv-konferencija-Zadar.jpg?fit=1200%2C509&ssl=1&resize=350%2C200 1x, https:\/\/i0.wp.com\/historiografija.hr\/wp-content\/uploads\/2026\/03\/Poziv-konferencija-Zadar.jpg?fit=1200%2C509&ssl=1&resize=525%2C300 1.5x, https:\/\/i0.wp.com\/historiografija.hr\/wp-content\/uploads\/2026\/03\/Poziv-konferencija-Zadar.jpg?fit=1200%2C509&ssl=1&resize=700%2C400 2x, https:\/\/i0.wp.com\/historiografija.hr\/wp-content\/uploads\/2026\/03\/Poziv-konferencija-Zadar.jpg?fit=1200%2C509&ssl=1&resize=1050%2C600 3x"},"classes":[]},{"id":53705,"url":"https:\/\/historiografija.hr\/?p=53705","url_meta":{"origin":37858,"position":4},"title":"Povjesni\u010dar s Hrvatskog instituta za povijest dobitnik je presti\u017ene Fernand Braudel Senior Fellowship na Europskom sveu\u010dili\u0161nom institutu (EUI) u Firenci","author":"Branimir Jankovi\u0107","date":"25. svibnja 2026.","format":false,"excerpt":"Izme\u0111u listopada i prosinca 2026. dr. sc. Dino Mujad\u017eevi\u0107 iz Podru\u017enice Hrvatskog instituta za povijest u Slavonskom Brodu boravit \u0107e na Odjelu za povijest Europskog sveu\u010dili\u0161nog instituta u Firenci (Department of History\u00a0at the European University Institute, EUI) kao Fernand Braudel Senior Fellow. Ondje \u0107e istra\u017eivati u suradnji s profesorom Giancarlom\u2026","rel":"","context":"U &quot;Novosti&quot;","block_context":{"text":"Novosti","link":"https:\/\/historiografija.hr\/?cat=3"},"img":{"alt_text":"","src":"https:\/\/i0.wp.com\/historiografija.hr\/wp-content\/uploads\/2026\/05\/Snimka-zaslona-Mujadzevic.png?fit=960%2C280&ssl=1&resize=350%2C200","width":350,"height":200,"srcset":"https:\/\/i0.wp.com\/historiografija.hr\/wp-content\/uploads\/2026\/05\/Snimka-zaslona-Mujadzevic.png?fit=960%2C280&ssl=1&resize=350%2C200 1x, https:\/\/i0.wp.com\/historiografija.hr\/wp-content\/uploads\/2026\/05\/Snimka-zaslona-Mujadzevic.png?fit=960%2C280&ssl=1&resize=525%2C300 1.5x, https:\/\/i0.wp.com\/historiografija.hr\/wp-content\/uploads\/2026\/05\/Snimka-zaslona-Mujadzevic.png?fit=960%2C280&ssl=1&resize=700%2C400 2x"},"classes":[]},{"id":54840,"url":"https:\/\/historiografija.hr\/?p=54840","url_meta":{"origin":37858,"position":5},"title":"Chiara Bonfiglioli, &#8220;\u017dene i industrija na Balkanu. Uspon i pad tekstilne industrije u Jugoslaviji&#8221;","author":"Branimir Jankovi\u0107","date":"30. srpnja 2026.","format":false,"excerpt":"Knjiga donosi pri\u010du o \u017eenama koje su desetlje\u0107ima \u010dinile okosnicu jedne od najva\u017enijih industrijskih grana socijalisti\u010dke Jugoslavije. Kroz njihove glasove otvara se povijest tekstilne industrije \u2013 od poslijeratne industrijalizacije i \u0161irenja tvornica, koje su mijenjale \u017eivote \u017eena i lokalnih zajednica, do dramati\u010dne deindustrijalizacije, zatvaranja pogona i gubitka stotina tisu\u0107a radnih\u2026","rel":"","context":"U &quot;Knjige&quot;","block_context":{"text":"Knjige","link":"https:\/\/historiografija.hr\/?cat=8"},"img":{"alt_text":"","src":"https:\/\/i0.wp.com\/historiografija.hr\/wp-content\/uploads\/2026\/07\/Zene-i-industrija-na-Balkanu.jpg?fit=1200%2C734&ssl=1&resize=350%2C200","width":350,"height":200,"srcset":"https:\/\/i0.wp.com\/historiografija.hr\/wp-content\/uploads\/2026\/07\/Zene-i-industrija-na-Balkanu.jpg?fit=1200%2C734&ssl=1&resize=350%2C200 1x, https:\/\/i0.wp.com\/historiografija.hr\/wp-content\/uploads\/2026\/07\/Zene-i-industrija-na-Balkanu.jpg?fit=1200%2C734&ssl=1&resize=525%2C300 1.5x, https:\/\/i0.wp.com\/historiografija.hr\/wp-content\/uploads\/2026\/07\/Zene-i-industrija-na-Balkanu.jpg?fit=1200%2C734&ssl=1&resize=700%2C400 2x, https:\/\/i0.wp.com\/historiografija.hr\/wp-content\/uploads\/2026\/07\/Zene-i-industrija-na-Balkanu.jpg?fit=1200%2C734&ssl=1&resize=1050%2C600 3x"},"classes":[]}],"_links":{"self":[{"href":"https:\/\/historiografija.hr\/index.php?rest_route=\/wp\/v2\/posts\/37858","targetHints":{"allow":["GET"]}}],"collection":[{"href":"https:\/\/historiografija.hr\/index.php?rest_route=\/wp\/v2\/posts"}],"about":[{"href":"https:\/\/historiografija.hr\/index.php?rest_route=\/wp\/v2\/types\/post"}],"author":[{"embeddable":true,"href":"https:\/\/historiografija.hr\/index.php?rest_route=\/wp\/v2\/users\/2"}],"replies":[{"embeddable":true,"href":"https:\/\/historiografija.hr\/index.php?rest_route=%2Fwp%2Fv2%2Fcomments&post=37858"}],"version-history":[{"count":1,"href":"https:\/\/historiografija.hr\/index.php?rest_route=\/wp\/v2\/posts\/37858\/revisions"}],"predecessor-version":[{"id":37860,"href":"https:\/\/historiografija.hr\/index.php?rest_route=\/wp\/v2\/posts\/37858\/revisions\/37860"}],"wp:featuredmedia":[{"embeddable":true,"href":"https:\/\/historiografija.hr\/index.php?rest_route=\/wp\/v2\/media\/37859"}],"wp:attachment":[{"href":"https:\/\/historiografija.hr\/index.php?rest_route=%2Fwp%2Fv2%2Fmedia&parent=37858"}],"wp:term":[{"taxonomy":"category","embeddable":true,"href":"https:\/\/historiografija.hr\/index.php?rest_route=%2Fwp%2Fv2%2Fcategories&post=37858"},{"taxonomy":"post_tag","embeddable":true,"href":"https:\/\/historiografija.hr\/index.php?rest_route=%2Fwp%2Fv2%2Ftags&post=37858"}],"curies":[{"name":"wp","href":"https:\/\/api.w.org\/{rel}","templated":true}]}}