{"id":37852,"date":"2023-11-03T20:44:27","date_gmt":"2023-11-03T20:44:27","guid":{"rendered":"http:\/\/historiografija.hr\/?p=37852"},"modified":"2023-11-03T20:44:27","modified_gmt":"2023-11-03T20:44:27","slug":"ante-bralic-prema-talijanskom-ujedinjenju","status":"publish","type":"post","link":"https:\/\/historiografija.hr\/?p=37852","title":{"rendered":"Ante Brali\u0107, \u201ePrema talijanskom ujedinjenju\u201c"},"content":{"rendered":"\n<p>U izdanju Sveu\u010dili\u0161ta u Zadru objavljena je knjiga \u201ePrema talijanskom ujedinjenju\u201c autora Ante Brali\u0107a.<\/p>\n\n\n\n<p>Knjiga kronolo\u0161ki prati stanje u talijanskim dr\u017eavama i pokrajinama prije po\u010detka Francuske revolucije kroz poku\u0161aje apsolutisti\u010dkih vladara da prosvjetiteljskim mjerama reformiraju dr\u017eavnu upravu, gospodarstvo, a \u010dak djelomi\u010dno i dru\u0161tvo u cilju stvaranja administrativne monarhije. Talijanski su vladari tijekom druge polovice 18. stolje\u0107a, uz pomo\u0107 tada vrhunskih \u010dinovnika i intelektualaca, poku\u0161avali nadvladati talijansko zaostajanje za zapadnom Europom, a korijene tog stanja nalazimo jo\u0161 od kraja 16. stolje\u0107a, \u0161to se produbljivalo sve do po\u010detka 18. stolje\u0107a. Reforme su imale samo djelomi\u010dni uspjeh, a \u010ditav se reformski hod prekinuo izbijanjem Francuske revolucije \u0161to je izazvalo strah vladaju\u0107ih elita od socijalnog prevrata. Knjiga zavr\u0161ava talijanskim osvajanjem Rima 1870. godine iz ruku papinske vlasti.<\/p>\n\n\n\n<hr class=\"wp-block-separator\"\/>\n\n\n\n<p>Izvor i dodatne obavijesti:<\/p>\n\n\n\n<p><a href=\"https:\/\/www.unizd.hr\/obavijesti\/view\/objavljena-knjiga-prema-talijanskom-ujedinjenju\">https:\/\/www.unizd.hr\/obavijesti\/view\/objavljena-knjiga-prema-talijanskom-ujedinjenju<\/a><\/p>\n\n\n\n<hr class=\"wp-block-separator\"\/>\n","protected":false},"excerpt":{"rendered":"","protected":false},"author":2,"featured_media":37853,"comment_status":"open","ping_status":"open","sticky":false,"template":"","format":"standard","meta":{"_acf_changed":false,"jetpack_post_was_ever_published":false,"_jetpack_newsletter_access":"","_jetpack_dont_email_post_to_subs":false,"_jetpack_newsletter_tier_id":0,"_jetpack_memberships_contains_paywalled_content":false,"_jetpack_memberships_contains_paid_content":false,"footnotes":"","jetpack_publicize_message":"","jetpack_publicize_feature_enabled":true,"jetpack_social_post_already_shared":true,"jetpack_social_options":{"image_generator_settings":{"template":"highway","default_image_id":0,"font":"","enabled":false},"version":2}},"categories":[8,3],"tags":[],"class_list":["post-37852","post","type-post","status-publish","format-standard","has-post-thumbnail","hentry","category-knjige","category-novosti"],"acf":{"facebook_opis":""},"jetpack_publicize_connections":[],"jetpack_featured_media_url":"https:\/\/i0.wp.com\/historiografija.hr\/wp-content\/uploads\/2023\/11\/Prema-talijanskom-ujedinjenju.png?fit=305%2C407&ssl=1","jetpack_sharing_enabled":true,"jetpack-related-posts":[],"_links":{"self":[{"href":"https:\/\/historiografija.hr\/index.php?rest_route=\/wp\/v2\/posts\/37852","targetHints":{"allow":["GET"]}}],"collection":[{"href":"https:\/\/historiografija.hr\/index.php?rest_route=\/wp\/v2\/posts"}],"about":[{"href":"https:\/\/historiografija.hr\/index.php?rest_route=\/wp\/v2\/types\/post"}],"author":[{"embeddable":true,"href":"https:\/\/historiografija.hr\/index.php?rest_route=\/wp\/v2\/users\/2"}],"replies":[{"embeddable":true,"href":"https:\/\/historiografija.hr\/index.php?rest_route=%2Fwp%2Fv2%2Fcomments&post=37852"}],"version-history":[{"count":1,"href":"https:\/\/historiografija.hr\/index.php?rest_route=\/wp\/v2\/posts\/37852\/revisions"}],"predecessor-version":[{"id":37854,"href":"https:\/\/historiografija.hr\/index.php?rest_route=\/wp\/v2\/posts\/37852\/revisions\/37854"}],"wp:featuredmedia":[{"embeddable":true,"href":"https:\/\/historiografija.hr\/index.php?rest_route=\/wp\/v2\/media\/37853"}],"wp:attachment":[{"href":"https:\/\/historiografija.hr\/index.php?rest_route=%2Fwp%2Fv2%2Fmedia&parent=37852"}],"wp:term":[{"taxonomy":"category","embeddable":true,"href":"https:\/\/historiografija.hr\/index.php?rest_route=%2Fwp%2Fv2%2Fcategories&post=37852"},{"taxonomy":"post_tag","embeddable":true,"href":"https:\/\/historiografija.hr\/index.php?rest_route=%2Fwp%2Fv2%2Ftags&post=37852"}],"curies":[{"name":"wp","href":"https:\/\/api.w.org\/{rel}","templated":true}]}}