{"id":37833,"date":"2023-11-02T18:11:00","date_gmt":"2023-11-02T18:11:00","guid":{"rendered":"http:\/\/historiografija.hr\/?p=37833"},"modified":"2023-11-02T18:11:31","modified_gmt":"2023-11-02T18:11:31","slug":"predstavljanje-17-broja-casopisa-pro-tempore","status":"publish","type":"post","link":"https:\/\/historiografija.hr\/?p=37833","title":{"rendered":"Predstavljanje 17. broja \u010dasopisa \u201ePro tempore\u201c"},"content":{"rendered":"\n<p>Predstavljanje 17. broja Pro tempore, \u010dasopisa studenata povijesti s Odsjeka za povijest Filozofskog fakulteta, odr\u017eat \u0107e se 7. studenog 2023. u Dvorani VI (DVI) na Filozofskom fakultetu (Ivana Lu\u010di\u0107a 3, Zagreb) s po\u010detkom u 17 sati. <\/p>\n\n\n\n<p>Sudjeluju prof. dr. sc. Zrinka Nikoli\u0107 Jakus, pro\u010delnica Odsjeka, prof. dr. sc. Zrinka Bla\u017eevi\u0107 i doc. dr. sc. Filip \u0160imetin \u0160egvi\u0107.<\/p>\n\n\n\n<hr class=\"wp-block-separator\"\/>\n","protected":false},"excerpt":{"rendered":"","protected":false},"author":2,"featured_media":37834,"comment_status":"open","ping_status":"open","sticky":false,"template":"","format":"standard","meta":{"_acf_changed":false,"jetpack_post_was_ever_published":false,"_jetpack_newsletter_access":"","_jetpack_dont_email_post_to_subs":false,"_jetpack_newsletter_tier_id":0,"_jetpack_memberships_contains_paywalled_content":false,"_jetpack_memberships_contains_paid_content":false,"footnotes":"","jetpack_publicize_message":"","jetpack_publicize_feature_enabled":true,"jetpack_social_post_already_shared":true,"jetpack_social_options":{"image_generator_settings":{"template":"highway","default_image_id":0,"font":"","enabled":false},"version":2}},"categories":[21,3],"tags":[],"class_list":["post-37833","post","type-post","status-publish","format-standard","has-post-thumbnail","hentry","category-casopisi","category-novosti"],"acf":{"facebook_opis":""},"jetpack_publicize_connections":[],"jetpack_featured_media_url":"https:\/\/i0.wp.com\/historiografija.hr\/wp-content\/uploads\/2023\/11\/Pro-tempore-pozivnica-PNG.png?fit=25138%2C10624&ssl=1","jetpack_sharing_enabled":true,"jetpack-related-posts":[],"_links":{"self":[{"href":"https:\/\/historiografija.hr\/index.php?rest_route=\/wp\/v2\/posts\/37833","targetHints":{"allow":["GET"]}}],"collection":[{"href":"https:\/\/historiografija.hr\/index.php?rest_route=\/wp\/v2\/posts"}],"about":[{"href":"https:\/\/historiografija.hr\/index.php?rest_route=\/wp\/v2\/types\/post"}],"author":[{"embeddable":true,"href":"https:\/\/historiografija.hr\/index.php?rest_route=\/wp\/v2\/users\/2"}],"replies":[{"embeddable":true,"href":"https:\/\/historiografija.hr\/index.php?rest_route=%2Fwp%2Fv2%2Fcomments&post=37833"}],"version-history":[{"count":1,"href":"https:\/\/historiografija.hr\/index.php?rest_route=\/wp\/v2\/posts\/37833\/revisions"}],"predecessor-version":[{"id":37835,"href":"https:\/\/historiografija.hr\/index.php?rest_route=\/wp\/v2\/posts\/37833\/revisions\/37835"}],"wp:featuredmedia":[{"embeddable":true,"href":"https:\/\/historiografija.hr\/index.php?rest_route=\/wp\/v2\/media\/37834"}],"wp:attachment":[{"href":"https:\/\/historiografija.hr\/index.php?rest_route=%2Fwp%2Fv2%2Fmedia&parent=37833"}],"wp:term":[{"taxonomy":"category","embeddable":true,"href":"https:\/\/historiografija.hr\/index.php?rest_route=%2Fwp%2Fv2%2Fcategories&post=37833"},{"taxonomy":"post_tag","embeddable":true,"href":"https:\/\/historiografija.hr\/index.php?rest_route=%2Fwp%2Fv2%2Ftags&post=37833"}],"curies":[{"name":"wp","href":"https:\/\/api.w.org\/{rel}","templated":true}]}}