{"id":37829,"date":"2023-11-02T18:03:42","date_gmt":"2023-11-02T18:03:42","guid":{"rendered":"http:\/\/historiografija.hr\/?p=37829"},"modified":"2023-11-08T22:17:09","modified_gmt":"2023-11-08T22:17:09","slug":"izlozba-izmedu-slave-i-zaborava-lea-deutsch-cudo-od-djeteta-i-zrtva-holokausta-u-berlinu","status":"publish","type":"post","link":"https:\/\/historiografija.hr\/?p=37829","title":{"rendered":"Izlo\u017eba \u201cIzme\u0111u slave i zaborava. Lea Deutsch, \u010dudo od djeteta i \u017ertva Holokausta\u201d u Berlinu"},"content":{"rendered":"\n<p>Nakon Hrvatske i Poljske (Zagreb i Krakov) izlo\u017eba o Lei Deutsch, <em>Izme\u0111u slave i zaborava<\/em>, putuje u Njema\u010dku.<\/p>\n\n\n\n<p>Izlo\u017eba se otvara 8. studenoga 2023. u Berlinu.<\/p>\n\n\n\n<p>Autori izlo\u017ebe: Martina Bitunjac i Damir Agi\u010di\u0107.<\/p>\n\n\n\n<hr class=\"wp-block-separator\"\/>\n\n\n\n<p>Op\u0161irnije:<\/p>\n\n\n\n<figure class=\"wp-block-embed-wordpress wp-block-embed is-type-wp-embed is-provider-srednja-europa\"><div class=\"wp-block-embed__wrapper\">\n<blockquote class=\"wp-embedded-content\" data-secret=\"EcuSW4ADZb\"><a href=\"https:\/\/srednja-europa.hr\/dogadaji\/izlozba-o-lei-deutsch-putuje-u-njemacku\/\">Izlo\u017eba o Lei Deutsch putuje u Njema\u010dku!<\/a><\/blockquote><iframe loading=\"lazy\" class=\"wp-embedded-content\" sandbox=\"allow-scripts\" security=\"restricted\" style=\"position: absolute; clip: rect(1px, 1px, 1px, 1px);\" title=\"&#8220;Izlo\u017eba o Lei Deutsch putuje u Njema\u010dku!&#8221; &#8212; Srednja Europa\" src=\"https:\/\/srednja-europa.hr\/dogadaji\/izlozba-o-lei-deutsch-putuje-u-njemacku\/embed\/#?secret=EcuSW4ADZb\" data-secret=\"EcuSW4ADZb\" width=\"600\" height=\"338\" frameborder=\"0\" marginwidth=\"0\" marginheight=\"0\" scrolling=\"no\"><\/iframe>\n<\/div><\/figure>\n\n\n\n<p><a href=\"https:\/\/www.facebook.com\/profile.php?id=100064795953767\">https:\/\/www.facebook.com\/profile.php?id=100064795953767<\/a><\/p>\n\n\n\n<hr class=\"wp-block-separator\"\/>\n\n\n\n<p><strong>Er\u00f6ffnung der Ausstellung: \u201eZwischen Ruhm und Vergessenheit. Lea Deutsch: Wunderkind und Holocaust-Opfer\u201c<\/strong><\/p>\n\n\n\n<p><a href=\"https:\/\/www.mmz-potsdam.de\/aktuelles\/veranstaltungen\/2023\/zwischen-ruhm-und-vergessenheit-lea-deutsch-wunderkind-und-holocaust-opfer\">https:\/\/www.mmz-potsdam.de\/aktuelles\/veranstaltungen\/2023\/zwischen-ruhm-und-vergessenheit-lea-deutsch-wunderkind-und-holocaust-opfer<\/a><\/p>\n\n\n\n<hr class=\"wp-block-separator\"\/>\n\n\n\n<p><a href=\"https:\/\/www.uni-potsdam.de\/de\/veranstaltungen\/detail\/2023-11-08-zwischen-ruhm-und-vergessenheit-lea-deutsch-wunderkind-und-holocaust-opfer?fbclid=IwAR2IgHwSPd9t2wiagdPErLlt5VnLzu7zI8jWzmYojsTuzfQ9DkUMoNQiWlA\">https:\/\/www.uni-potsdam.de\/de\/veranstaltungen\/detail\/2023-11-08-zwischen-ruhm-und-vergessenheit-lea-deutsch-wunderkind-und-holocaust-opfer<\/a><\/p>\n\n\n\n<p><a href=\"https:\/\/www.aviva-berlin.de\/aviva\/content_Literatur_Juedisches%20Leben.php?id=1420595&amp;fbclid=IwAR1thzwM4ElNQUG4pmwbWKII2--_NKvd-JTu32GSceG2cNfYQh4N1SFyhcM\">https:\/\/www.aviva-berlin.de\/aviva\/content_Literatur_Juedisches%20Leben.php?id=1420595<\/a><\/p>\n\n\n\n<hr class=\"wp-block-separator\"\/>\n","protected":false},"excerpt":{"rendered":"","protected":false},"author":2,"featured_media":37830,"comment_status":"open","ping_status":"open","sticky":false,"template":"","format":"standard","meta":{"_acf_changed":false,"jetpack_post_was_ever_published":false,"_jetpack_newsletter_access":"","_jetpack_dont_email_post_to_subs":false,"_jetpack_newsletter_tier_id":0,"_jetpack_memberships_contains_paywalled_content":false,"_jetpack_memberships_contains_paid_content":false,"footnotes":"","jetpack_publicize_message":"","jetpack_publicize_feature_enabled":true,"jetpack_social_post_already_shared":true,"jetpack_social_options":{"image_generator_settings":{"template":"highway","default_image_id":0,"font":"","enabled":false},"version":2}},"categories":[10,3],"tags":[],"class_list":["post-37829","post","type-post","status-publish","format-standard","has-post-thumbnail","hentry","category-izlozbe","category-novosti"],"acf":{"facebook_opis":""},"jetpack_publicize_connections":[],"jetpack_featured_media_url":"https:\/\/i0.wp.com\/historiografija.hr\/wp-content\/uploads\/2023\/11\/Lea_Berlin.jpg?fit=1080%2C1080&ssl=1","jetpack_sharing_enabled":true,"jetpack-related-posts":[],"_links":{"self":[{"href":"https:\/\/historiografija.hr\/index.php?rest_route=\/wp\/v2\/posts\/37829","targetHints":{"allow":["GET"]}}],"collection":[{"href":"https:\/\/historiografija.hr\/index.php?rest_route=\/wp\/v2\/posts"}],"about":[{"href":"https:\/\/historiografija.hr\/index.php?rest_route=\/wp\/v2\/types\/post"}],"author":[{"embeddable":true,"href":"https:\/\/historiografija.hr\/index.php?rest_route=\/wp\/v2\/users\/2"}],"replies":[{"embeddable":true,"href":"https:\/\/historiografija.hr\/index.php?rest_route=%2Fwp%2Fv2%2Fcomments&post=37829"}],"version-history":[{"count":4,"href":"https:\/\/historiografija.hr\/index.php?rest_route=\/wp\/v2\/posts\/37829\/revisions"}],"predecessor-version":[{"id":37951,"href":"https:\/\/historiografija.hr\/index.php?rest_route=\/wp\/v2\/posts\/37829\/revisions\/37951"}],"wp:featuredmedia":[{"embeddable":true,"href":"https:\/\/historiografija.hr\/index.php?rest_route=\/wp\/v2\/media\/37830"}],"wp:attachment":[{"href":"https:\/\/historiografija.hr\/index.php?rest_route=%2Fwp%2Fv2%2Fmedia&parent=37829"}],"wp:term":[{"taxonomy":"category","embeddable":true,"href":"https:\/\/historiografija.hr\/index.php?rest_route=%2Fwp%2Fv2%2Fcategories&post=37829"},{"taxonomy":"post_tag","embeddable":true,"href":"https:\/\/historiografija.hr\/index.php?rest_route=%2Fwp%2Fv2%2Ftags&post=37829"}],"curies":[{"name":"wp","href":"https:\/\/api.w.org\/{rel}","templated":true}]}}