{"id":37822,"date":"2023-11-02T17:44:41","date_gmt":"2023-11-02T17:44:41","guid":{"rendered":"http:\/\/historiografija.hr\/?p=37822"},"modified":"2023-11-02T17:44:41","modified_gmt":"2023-11-02T17:44:41","slug":"josef-skvorecky-kukavice","status":"publish","type":"post","link":"https:\/\/historiografija.hr\/?p=37822","title":{"rendered":"Josef \u0160kvoreck\u00fd, \u201eKukavice\u201c"},"content":{"rendered":"\n<p>S \u010de\u0161kog preveo Matija Iva\u010di\u0107<\/p>\n\n\n\n<hr class=\"wp-block-separator\"\/>\n\n\n\n<p>Kukavice su romaneskni prvijenac \u010duvenoga \u010de\u0161kog pisca Josefa \u0160kvoreckoga (1924\u20132012), koji je odmah po objavi 1958. postao politi\u010dka tema broj jedan u \u010cehoslova\u010dkoj. Autor je bio suo\u010den s javnom hajkom te primoran na medijsku samokritiku, a roman je promptno povu\u010den iz distribucije i zabranjen.<\/p>\n\n\n\n<p>\u0160to se zamjeralo \u0160kvoreckom? Prevelika sklonost \u201eneprijateljskoj\u201c ameri\u010dkoj kulturi jer su stavovi glavnoga junaka i pripovjeda\u010da Dannyja Smi\u0159ickog, opsjednutog jazzom i&nbsp; djevojkama, bili pljuska u lice dru\u0161tvenoj i politi\u010dkoj klimi onoga vremena. Jednako je to bilo i prikazivanje crvenoarmejaca kao razularenih divljaka koji pusto\u0161e, siluju i kradu, kao i kriti\u010dan odnos prema ulozi komunist\u00e2 u poratnoj restauraciji svijeta.<\/p>\n\n\n\n<p>Radnja romana odvija se u posljednjih osam dana Drugoga svjetskog u gradi\u0107u Kostelecu, kada Nijemci uzmi\u010du pred oslobodila\u010dkim pohodima Crvene armije i ameri\u010dkih trupa. Kukavice donose sliku jedne ratom iscrpljene generacije, zlatne \u201eprotektoratne\u201c mlade\u017ei koja je u besmislu kolektivnoga martirija potratila neke od svojih najboljih godina. Ne \u017eele\u0107i biti dio poratne euforije i pompe, Danny i njegovi prijatelji Benno, Lexa, Har\u00fdk, Fonda odbacuju uloge ratnih junaka. Njihovo mjesto nije u dru\u0161tvu kukavica, ali isto tako ni u dru\u0161tvu velikih heroja, oni odbija takvu dualnu podjelu svijeta\u00a0 ne bi li o\u010duvali vlastitu samosvojnost.<\/p>\n\n\n\n<hr class=\"wp-block-separator\"\/>\n\n\n\n<p>Izdava\u010d: Matica hrvatska<\/p>\n\n\n\n<p>Godina izdanja: 2023.<\/p>\n\n\n\n<p>Broj stranica: 495<\/p>\n\n\n\n<hr class=\"wp-block-separator\"\/>\n\n\n\n<p><strong>Josef \u0160kvoreck\u00fd<\/strong><\/p>\n\n\n\n<p>\u010de\u0161ki knji\u017eevnik (N\u00e1chod, 27. IX. 1924 \u2013 Toronto, 3. I. 2012), autor vi\u0161e od deset romana i knjiga pripovjedaka,\u00a0 jedan od najva\u017enijih pisaca moderne \u010de\u0161ke knji\u017eevnosti, koji je opus posvetio oblikovanju \u010de\u0161kog povijesnog iskustva komunisti\u010dkoga totalitarizma.<\/p>\n\n\n\n<hr class=\"wp-block-separator\"\/>\n\n\n\n<p>Vi\u0161e o autoru i knjizi:<\/p>\n\n\n\n<p><a href=\"https:\/\/www.matica.hr\/knjige\/kukavice-1439\/\">https:\/\/www.matica.hr\/knjige\/kukavice-1439\/<\/a><\/p>\n\n\n\n<hr class=\"wp-block-separator\"\/>\n","protected":false},"excerpt":{"rendered":"","protected":false},"author":2,"featured_media":37823,"comment_status":"open","ping_status":"open","sticky":false,"template":"","format":"standard","meta":{"_acf_changed":false,"jetpack_post_was_ever_published":false,"_jetpack_newsletter_access":"","_jetpack_dont_email_post_to_subs":false,"_jetpack_newsletter_tier_id":0,"_jetpack_memberships_contains_paywalled_content":false,"_jetpack_memberships_contains_paid_content":false,"footnotes":"","jetpack_publicize_message":"","jetpack_publicize_feature_enabled":true,"jetpack_social_post_already_shared":true,"jetpack_social_options":{"image_generator_settings":{"template":"highway","default_image_id":0,"font":"","enabled":false},"version":2}},"categories":[3,12],"tags":[],"class_list":["post-37822","post","type-post","status-publish","format-standard","has-post-thumbnail","hentry","category-novosti","category-knjizevnost"],"acf":{"facebook_opis":""},"jetpack_publicize_connections":[],"jetpack_featured_media_url":"https:\/\/i0.wp.com\/historiografija.hr\/wp-content\/uploads\/2023\/11\/kukavice.jpeg?fit=300%2C526&ssl=1","jetpack_sharing_enabled":true,"jetpack-related-posts":[],"_links":{"self":[{"href":"https:\/\/historiografija.hr\/index.php?rest_route=\/wp\/v2\/posts\/37822","targetHints":{"allow":["GET"]}}],"collection":[{"href":"https:\/\/historiografija.hr\/index.php?rest_route=\/wp\/v2\/posts"}],"about":[{"href":"https:\/\/historiografija.hr\/index.php?rest_route=\/wp\/v2\/types\/post"}],"author":[{"embeddable":true,"href":"https:\/\/historiografija.hr\/index.php?rest_route=\/wp\/v2\/users\/2"}],"replies":[{"embeddable":true,"href":"https:\/\/historiografija.hr\/index.php?rest_route=%2Fwp%2Fv2%2Fcomments&post=37822"}],"version-history":[{"count":1,"href":"https:\/\/historiografija.hr\/index.php?rest_route=\/wp\/v2\/posts\/37822\/revisions"}],"predecessor-version":[{"id":37824,"href":"https:\/\/historiografija.hr\/index.php?rest_route=\/wp\/v2\/posts\/37822\/revisions\/37824"}],"wp:featuredmedia":[{"embeddable":true,"href":"https:\/\/historiografija.hr\/index.php?rest_route=\/wp\/v2\/media\/37823"}],"wp:attachment":[{"href":"https:\/\/historiografija.hr\/index.php?rest_route=%2Fwp%2Fv2%2Fmedia&parent=37822"}],"wp:term":[{"taxonomy":"category","embeddable":true,"href":"https:\/\/historiografija.hr\/index.php?rest_route=%2Fwp%2Fv2%2Fcategories&post=37822"},{"taxonomy":"post_tag","embeddable":true,"href":"https:\/\/historiografija.hr\/index.php?rest_route=%2Fwp%2Fv2%2Ftags&post=37822"}],"curies":[{"name":"wp","href":"https:\/\/api.w.org\/{rel}","templated":true}]}}