{"id":37809,"date":"2023-11-02T17:03:25","date_gmt":"2023-11-02T17:03:25","guid":{"rendered":"http:\/\/historiografija.hr\/?p=37809"},"modified":"2023-11-02T17:03:25","modified_gmt":"2023-11-02T17:03:25","slug":"uc-berkeley-gaza-teach-in","status":"publish","type":"post","link":"https:\/\/historiografija.hr\/?p=37809","title":{"rendered":"UC Berkeley: Gaza Teach-in"},"content":{"rendered":"\n<p>Portal Historiografija.ba uputio je na razgovor \u201eGaza Teach-in\u201c koji je 1. studenog 2023. odr\u017ean na Sveu\u010dili\u0161tu Berkeley, \u010dija je snimka dostupna na Youtubeu.<\/p>\n\n\n\n<hr class=\"wp-block-separator\"\/>\n\n\n\n<p><strong>Razgovori o ratu u Gazi<\/strong><\/p>\n\n\n\n<p><a href=\"https:\/\/historiografija.ba\/article.php?id=2004\">https:\/\/historiografija.ba\/article.php?id=2004<\/a><\/p>\n\n\n\n<hr class=\"wp-block-separator\"\/>\n\n\n\n<p><strong>Gaza Teach-in<\/strong><\/p>\n\n\n\n<figure class=\"wp-block-embed-youtube wp-block-embed is-type-video is-provider-youtube wp-embed-aspect-16-9 wp-has-aspect-ratio\"><div class=\"wp-block-embed__wrapper\">\n<span class=\"embed-youtube\" style=\"text-align:center; display: block;\"><iframe loading=\"lazy\" class=\"youtube-player\" width=\"860\" height=\"484\" src=\"https:\/\/www.youtube.com\/embed\/v_lL0eFchEY?version=3&#038;rel=1&#038;showsearch=0&#038;showinfo=1&#038;iv_load_policy=1&#038;fs=1&#038;hl=hr&#038;autohide=2&#038;wmode=transparent\" allowfullscreen=\"true\" style=\"border:0;\" sandbox=\"allow-scripts allow-same-origin allow-popups allow-presentation allow-popups-to-escape-sandbox\"><\/iframe><\/span>\n<\/div><\/figure>\n\n\n\n<hr class=\"wp-block-separator\"\/>\n","protected":false},"excerpt":{"rendered":"","protected":false},"author":2,"featured_media":37810,"comment_status":"open","ping_status":"open","sticky":false,"template":"","format":"standard","meta":{"_acf_changed":false,"_jetpack_newsletter_access":"","_jetpack_dont_email_post_to_subs":false,"_jetpack_newsletter_tier_id":0,"_jetpack_memberships_contains_paywalled_content":false,"_jetpack_memberships_contains_paid_content":false,"footnotes":"","jetpack_publicize_message":"","jetpack_publicize_feature_enabled":true,"jetpack_social_post_already_shared":true,"jetpack_social_options":{"image_generator_settings":{"template":"highway","default_image_id":0,"font":"","enabled":false},"version":2},"jetpack_post_was_ever_published":false},"categories":[3],"tags":[],"class_list":["post-37809","post","type-post","status-publish","format-standard","has-post-thumbnail","hentry","category-novosti"],"acf":{"facebook_opis":""},"jetpack_publicize_connections":[],"jetpack_featured_media_url":"https:\/\/i0.wp.com\/historiografija.hr\/wp-content\/uploads\/2023\/11\/Gaza_Teach_in.jpg?fit=555%2C555&ssl=1","jetpack_sharing_enabled":true,"jetpack-related-posts":[{"id":54532,"url":"https:\/\/historiografija.hr\/?p=54532","url_meta":{"origin":37809,"position":0},"title":"Objavljen prvi broj \u010dasopisa &#8220;Savremena istorija&#8221;","author":"Branimir Jankovi\u0107","date":"9. srpnja 2026.","format":false,"excerpt":"U izdanju Instituta za savremenu istoriju iz Beograda objavljen je prvi broj novopokrenutog \u010dasopisa Savremena istorija. Cjelokupni broj dostupan je na web-stranici \u010dasopisa: https:\/\/savremenaistorija.rs\/god-1-br-1-2026\/ Informacije o \u010dasopisu dostupne su i na dru\u0161tvenim mre\u017eama: Facebook Instagram Obavijest o \u010dasopisu objavljena je i na portalu Historiografija.ba: https:\/\/historiografija.ba\/casopisi\/jugoistocna-evropa\/prvi-broj-casopisa-savremena-istorija","rel":"","context":"U &quot;\u010casopisi&quot;","block_context":{"text":"\u010casopisi","link":"https:\/\/historiografija.hr\/?cat=21"},"img":{"alt_text":"","src":"https:\/\/i0.wp.com\/historiografija.hr\/wp-content\/uploads\/2026\/07\/savremena-istorija.jpg?fit=550%2C518&ssl=1&resize=350%2C200","width":350,"height":200,"srcset":"https:\/\/i0.wp.com\/historiografija.hr\/wp-content\/uploads\/2026\/07\/savremena-istorija.jpg?fit=550%2C518&ssl=1&resize=350%2C200 1x, https:\/\/i0.wp.com\/historiografija.hr\/wp-content\/uploads\/2026\/07\/savremena-istorija.jpg?fit=550%2C518&ssl=1&resize=525%2C300 1.5x"},"classes":[]},{"id":54649,"url":"https:\/\/historiografija.hr\/?p=54649","url_meta":{"origin":37809,"position":1},"title":"Objavljen je 24. broj \u010dasopisa &#8220;Historijska traganja&#8221; (2025)","author":"Branimir Jankovi\u0107","date":"17. srpnja 2026.","format":false,"excerpt":"Institut za \u00a0historiju Univerziteta u Sarajevu objavio je 24. broj \u010dasopisa Historijska traganja. U ovom broju je objavljeno ukupno deset \u010dlanaka (od toga sedam u tematskom bloku Znanje pod nadzorom: ideologije, dru\u0161tvo i mo\u0107). Tu je i rubrika Gra\u0111a u kojoj su objavljena pisma \u0161to ih je Vejsil \u0106ur\u010di\u0107 pisao\u2026","rel":"","context":"U &quot;\u010casopisi&quot;","block_context":{"text":"\u010casopisi","link":"https:\/\/historiografija.hr\/?cat=21"},"img":{"alt_text":"","src":"https:\/\/i0.wp.com\/historiografija.hr\/wp-content\/uploads\/2026\/07\/historijska-traganja-24-2025.jpg?fit=450%2C650&ssl=1&resize=350%2C200","width":350,"height":200},"classes":[]},{"id":54238,"url":"https:\/\/historiografija.hr\/?p=54238","url_meta":{"origin":37809,"position":2},"title":"Umrla Slavenka Drakuli\u0107","author":"Branimir Jankovi\u0107","date":"22. lipnja 2026.","format":false,"excerpt":"U 77. godini umrla je knji\u017eevnica, publicistkinja i novinarka Slavenka Drakuli\u0107 (1949-2026). Posebnu javnu pa\u017enju izazvale su njezina knjiga Smrtni grijesi feminizma u kontekstu povijesti feminizma u Jugoslaviji te knjige o \u017eivotu u socijalizmu i postsocijalizmu Kako smo pre\u017eivjeli, U kavani Europa: \u017eivot poslije socijalizma, Ponovo u kavani Europa: kako\u2026","rel":"","context":"U &quot;Novosti&quot;","block_context":{"text":"Novosti","link":"https:\/\/historiografija.hr\/?cat=3"},"img":{"alt_text":"","src":"https:\/\/i0.wp.com\/historiografija.hr\/wp-content\/uploads\/2026\/06\/Drakulic.jpg?fit=640%2C499&ssl=1&resize=350%2C200","width":350,"height":200,"srcset":"https:\/\/i0.wp.com\/historiografija.hr\/wp-content\/uploads\/2026\/06\/Drakulic.jpg?fit=640%2C499&ssl=1&resize=350%2C200 1x, https:\/\/i0.wp.com\/historiografija.hr\/wp-content\/uploads\/2026\/06\/Drakulic.jpg?fit=640%2C499&ssl=1&resize=525%2C300 1.5x"},"classes":[]},{"id":42895,"url":"https:\/\/historiografija.hr\/?p=42895","url_meta":{"origin":37809,"position":3},"title":"Dragan Popovi\u0107, \u201eRat se\u0107anja u Srbiji 1980-1990.\u201c","author":"Branimir Jankovi\u0107","date":"23. listopada 2024.","format":false,"excerpt":"U izdanju Biblioteke XX vek upravo je objavljena knjiga Dragana Popovi\u0107a \u201eRat se\u0107anja u Srbiji 1980-1990.\u201c Dragan Popovi\u0107 (Kraljevo, 1980) je istori\u010dar i dugogodi\u0161nji aktivista za za\u0161titu ljudskih prava iz Beograda. Osnovne i master studije zavr\u0161io je na Pravnom fakultetu u Beogradu, a doktorsku disertaciju pod naslovom \u201ePromene u politici\u2026","rel":"","context":"U &quot;Knjige&quot;","block_context":{"text":"Knjige","link":"https:\/\/historiografija.hr\/?cat=8"},"img":{"alt_text":"","src":"https:\/\/i0.wp.com\/historiografija.hr\/wp-content\/uploads\/2024\/10\/Rat_secanja.jpg?fit=450%2C652&ssl=1&resize=350%2C200","width":350,"height":200},"classes":[]},{"id":53375,"url":"https:\/\/historiografija.hr\/?p=53375","url_meta":{"origin":37809,"position":4},"title":"Promocija knjige \u201cMoni Finci \u2013 Una persona calma\u201c u Sarajevu","author":"Branimir Jankovi\u0107","date":"15. svibnja 2026.","format":false,"excerpt":"Historijski muzej Bosne i Hercegovine organizira promociju monografije \u201cMoni Finci \u2013 Una persona calma\u201c, koju je priredila Javorka Finci-Pocrnja. Moni Finci pripadao je generaciji intelektualaca koji su svojim djelovanjem trajno obilje\u017eili kulturni i javni \u017eivot Bosne i Hercegovine. Antifa\u0161ista, publicista i kulturni radnik, bio je me\u0111u osniva\u010dima Bosna film i\u2026","rel":"","context":"U &quot;Novosti&quot;","block_context":{"text":"Novosti","link":"https:\/\/historiografija.hr\/?cat=3"},"img":{"alt_text":"","src":"https:\/\/i0.wp.com\/historiografija.hr\/wp-content\/uploads\/2026\/05\/Finci.jpg?fit=848%2C1200&ssl=1&resize=350%2C200","width":350,"height":200,"srcset":"https:\/\/i0.wp.com\/historiografija.hr\/wp-content\/uploads\/2026\/05\/Finci.jpg?fit=848%2C1200&ssl=1&resize=350%2C200 1x, https:\/\/i0.wp.com\/historiografija.hr\/wp-content\/uploads\/2026\/05\/Finci.jpg?fit=848%2C1200&ssl=1&resize=525%2C300 1.5x, https:\/\/i0.wp.com\/historiografija.hr\/wp-content\/uploads\/2026\/05\/Finci.jpg?fit=848%2C1200&ssl=1&resize=700%2C400 2x"},"classes":[]},{"id":53206,"url":"https:\/\/historiografija.hr\/?p=53206","url_meta":{"origin":37809,"position":5},"title":"Predavanje Olge Pelcer-Vuja\u010di\u0107 &#8220;Izme\u0111u planina i mora: nastanak gradova i gradske elite u rimskoj provinciji Dalmaciji&#8221; u Sarajevu","author":"Branimir Jankovi\u0107","date":"13. svibnja 2026.","format":false,"excerpt":"Centar za historijska istra\u017eivanja (CeHiS) Filozofskog fakulteta Univerziteta u Sarajevu organizira predavanje pod naslovom \"Izme\u0111u planina i mora: nastanak gradova i gradske elite u rimskoj provinciji Dalmaciji\". Predavanje \u0107e odr\u017eati dr. sc. Olga Pelcer-Vuja\u010di\u0107, vi\u0161a nau\u010dna saradnica u Istorijskom institutu Univerziteta Crne Gore. Izlaganje je posve\u0107eno procesima urbanizacije i formiranja\u2026","rel":"","context":"U &quot;Novosti&quot;","block_context":{"text":"Novosti","link":"https:\/\/historiografija.hr\/?cat=3"},"img":{"alt_text":"","src":"https:\/\/i0.wp.com\/historiografija.hr\/wp-content\/uploads\/2026\/05\/cehis-predavanje-olga.jpg?fit=847%2C1200&ssl=1&resize=350%2C200","width":350,"height":200,"srcset":"https:\/\/i0.wp.com\/historiografija.hr\/wp-content\/uploads\/2026\/05\/cehis-predavanje-olga.jpg?fit=847%2C1200&ssl=1&resize=350%2C200 1x, https:\/\/i0.wp.com\/historiografija.hr\/wp-content\/uploads\/2026\/05\/cehis-predavanje-olga.jpg?fit=847%2C1200&ssl=1&resize=525%2C300 1.5x, https:\/\/i0.wp.com\/historiografija.hr\/wp-content\/uploads\/2026\/05\/cehis-predavanje-olga.jpg?fit=847%2C1200&ssl=1&resize=700%2C400 2x"},"classes":[]}],"_links":{"self":[{"href":"https:\/\/historiografija.hr\/index.php?rest_route=\/wp\/v2\/posts\/37809","targetHints":{"allow":["GET"]}}],"collection":[{"href":"https:\/\/historiografija.hr\/index.php?rest_route=\/wp\/v2\/posts"}],"about":[{"href":"https:\/\/historiografija.hr\/index.php?rest_route=\/wp\/v2\/types\/post"}],"author":[{"embeddable":true,"href":"https:\/\/historiografija.hr\/index.php?rest_route=\/wp\/v2\/users\/2"}],"replies":[{"embeddable":true,"href":"https:\/\/historiografija.hr\/index.php?rest_route=%2Fwp%2Fv2%2Fcomments&post=37809"}],"version-history":[{"count":1,"href":"https:\/\/historiografija.hr\/index.php?rest_route=\/wp\/v2\/posts\/37809\/revisions"}],"predecessor-version":[{"id":37811,"href":"https:\/\/historiografija.hr\/index.php?rest_route=\/wp\/v2\/posts\/37809\/revisions\/37811"}],"wp:featuredmedia":[{"embeddable":true,"href":"https:\/\/historiografija.hr\/index.php?rest_route=\/wp\/v2\/media\/37810"}],"wp:attachment":[{"href":"https:\/\/historiografija.hr\/index.php?rest_route=%2Fwp%2Fv2%2Fmedia&parent=37809"}],"wp:term":[{"taxonomy":"category","embeddable":true,"href":"https:\/\/historiografija.hr\/index.php?rest_route=%2Fwp%2Fv2%2Fcategories&post=37809"},{"taxonomy":"post_tag","embeddable":true,"href":"https:\/\/historiografija.hr\/index.php?rest_route=%2Fwp%2Fv2%2Ftags&post=37809"}],"curies":[{"name":"wp","href":"https:\/\/api.w.org\/{rel}","templated":true}]}}