{"id":37799,"date":"2023-10-31T22:41:15","date_gmt":"2023-10-31T22:41:15","guid":{"rendered":"http:\/\/historiografija.hr\/?p=37799"},"modified":"2023-10-31T22:43:01","modified_gmt":"2023-10-31T22:43:01","slug":"fran-vrancic-krscanska-i-politicka-misao-georgesa-bernanosa","status":"publish","type":"post","link":"https:\/\/historiografija.hr\/?p=37799","title":{"rendered":"Fran Vran\u010di\u0107, &#8220;Kr\u0161\u0107anska i politi\u010dka misao Georgesa Bernanosa&#8221;"},"content":{"rendered":"\n<p>Objavljena je monografija <strong><em>Kr\u0161\u0107anska i politi\u010dka misao Georgesa Bernanosa <\/em><\/strong>autora Frana Vran\u010di\u0107a u izdanju Sveu\u010dili\u0161ta u Zadru.\u00a0<\/p>\n\n\n\n<hr class=\"wp-block-separator\"\/>\n\n\n\n<p>Znanstvena monografija Kr\u0161\u0107anska i politi\u010dka misao Georgesa Bernanosa Frane Vran\u010di\u0107a tematizira pomalo zaboravljenog francuskog kr\u0161\u0107anskog egzistencijalista \u010diji je opus tek odnedavno postao predmetom pove\u0107anog interesa na frankofonskoj intelektualnoj sceni. Poznati i vrlo utjecajni francuski filozof Jean Birnbaum uvrstio je autora Velikih groblja pod mjese\u010dinom u svoju recentnu zbirku eseja Hrabrost je u nijansi objavljenu u Parizu 2021. upravo zbog Bernanosove sposobnosti prihva\u0107anja drugog i druga\u010dijeg unato\u010d ponekad poprili\u010dnim svjetonazorskim razlikama. Stoga prof. dr. sc. Nenad Ivi\u0107 i potcrtava kako se ova originalna autorska studij \u00ab upisuje u revival tog interesa na relevantan na\u010din : istra\u017eivanjem biografije autora i njegovih esejisti\u010dkih tekstova u svrhu pronicanja upravo te hrabrosti nijansiranja karakteristi\u010dne za Bernanosovu misao \u00bb. Predstavljaju\u0107i \u00ab relevantan doprinos prou\u010davanju pone\u0161to zanemarenog dijela opusa Georgesa Bernanosa, kako na francuskoj, tako i na globalnoj knji\u017eevnokriti\u010dkoj sceni \u00bb Vran\u010di\u0107eva studija na vrlo temeljit na\u010din daje i va\u017ean doprinos promi\u0161ljanju suvremenog svijeta kroz prizmu katoli\u010dkog intelektualca i knji\u017eevnika, a njen dru\u0161tveni interes prema profesoru Nenadu Ivi\u0107u \u00ab le\u017ei u kvalitetno izvedenom spoju vjerske i knji\u017eevnokriti\u010dke misli, \u0161to predstavlja izuzetak u na\u0161oj uobi\u010dajenoj knji\u017eevnoj praksi \u00bb. Vran\u010di\u0107evo djelo, nagla\u0161ava izme\u0111u ostalog prvi recenzent monografije, tako popunjava odre\u0111enu prazninu u pokrivenosti cjelokupnog polja francuske knji\u017eevnosti, budu\u0107i da je u Hrvatskoj prou\u010davanje francuskih katoli\u010dkih mislilaca zapostavljeno u odnosu na kanon suvremene francuske knji\u017eevnosti. S Ivi\u0107evim mi\u0161ljenjem sla\u017ee se i drugi recenzent knjige izv. prof. dr. sc. Edi Milo\u0161 koji zaklju\u010duje kako ova monografija predstavlja istinski znanstveni doprinos \u00ab jer daje originalno tuma\u010denje Bernanosova djela i misli \u00bb, \u00ab \u010demu najvi\u0161e pridonose autorove to\u010dke gledi\u0161ta koje su razli\u010ditije i nadasve objektivnije od velike ve\u0107ine francuskih kriti\u010dara \u00bb. Prema rije\u010dima recenzenata djelo je prvenstveno namijenjeno istra\u017eiva\u010dima suvremene knji\u017eevnosti koje zanimaju posebnosti francuske katoli\u010dke literature i francuske politi\u010dke misli s kraja XIX. i prve polovice XX. st. (romanisti, komparatisti), ali i \u00ab op\u0107oj humanisti\u010dkoj i dru\u0161tvenoj populaciji, kao obavijest i dragocjen izvor za komparativna prou\u010davanja geneze i oblika politi\u010dkih stavova te stavova o tome koja je uloga knji\u017eevnosti i pisca intelektualca u dru\u0161tvenom \u017eivotu. Kona\u010dno, knjiga je namijenjena obrazovnoj publici i studentima humanistike i dru\u0161tvenih znanosti, kao ud\u017ebenik (studenti francuskog jezika i komparativne knji\u017eevnosti) i kao obavjesno djelo iz kojeg je mogu\u0107e crpiti pouzdane podatke o dru\u0161tvenom i intelektualnom \u017eivotu Francuske prve polovice XX. stolje\u0107a \u00bb (Ivi\u0107).<\/p>\n\n\n\n<hr class=\"wp-block-separator\"\/>\n\n\n\n<p>Izvor i dodatne obavijesti:<\/p>\n\n\n\n<p><a href=\"https:\/\/www.unizd.hr\/obavijesti\/view\/monografija-krscanska-i-politicka-misao-georgesa-bernanosa-frana-vrancica-u-izdanju-sveucilista-u-zadru\">https:\/\/www.unizd.hr\/obavijesti\/view\/monografija-krscanska-i-politicka-misao-georgesa-bernanosa-frana-vrancica-u-izdanju-sveucilista-u-zadru<\/a><\/p>\n\n\n\n<hr class=\"wp-block-separator\"\/>\n","protected":false},"excerpt":{"rendered":"","protected":false},"author":2,"featured_media":37802,"comment_status":"open","ping_status":"open","sticky":false,"template":"","format":"standard","meta":{"_acf_changed":false,"jetpack_post_was_ever_published":false,"_jetpack_newsletter_access":"","_jetpack_dont_email_post_to_subs":false,"_jetpack_newsletter_tier_id":0,"_jetpack_memberships_contains_paywalled_content":false,"_jetpack_memberships_contains_paid_content":false,"footnotes":"","jetpack_publicize_message":"","jetpack_publicize_feature_enabled":true,"jetpack_social_post_already_shared":true,"jetpack_social_options":{"image_generator_settings":{"template":"highway","default_image_id":0,"font":"","enabled":false},"version":2}},"categories":[8,3],"tags":[],"class_list":["post-37799","post","type-post","status-publish","format-standard","has-post-thumbnail","hentry","category-knjige","category-novosti"],"acf":{"facebook_opis":""},"jetpack_publicize_connections":[],"jetpack_featured_media_url":"https:\/\/i0.wp.com\/historiografija.hr\/wp-content\/uploads\/2023\/10\/bernanos.jpg?fit=880%2C1178&ssl=1","jetpack_sharing_enabled":true,"jetpack-related-posts":[],"_links":{"self":[{"href":"https:\/\/historiografija.hr\/index.php?rest_route=\/wp\/v2\/posts\/37799","targetHints":{"allow":["GET"]}}],"collection":[{"href":"https:\/\/historiografija.hr\/index.php?rest_route=\/wp\/v2\/posts"}],"about":[{"href":"https:\/\/historiografija.hr\/index.php?rest_route=\/wp\/v2\/types\/post"}],"author":[{"embeddable":true,"href":"https:\/\/historiografija.hr\/index.php?rest_route=\/wp\/v2\/users\/2"}],"replies":[{"embeddable":true,"href":"https:\/\/historiografija.hr\/index.php?rest_route=%2Fwp%2Fv2%2Fcomments&post=37799"}],"version-history":[{"count":1,"href":"https:\/\/historiografija.hr\/index.php?rest_route=\/wp\/v2\/posts\/37799\/revisions"}],"predecessor-version":[{"id":37801,"href":"https:\/\/historiografija.hr\/index.php?rest_route=\/wp\/v2\/posts\/37799\/revisions\/37801"}],"wp:featuredmedia":[{"embeddable":true,"href":"https:\/\/historiografija.hr\/index.php?rest_route=\/wp\/v2\/media\/37802"}],"wp:attachment":[{"href":"https:\/\/historiografija.hr\/index.php?rest_route=%2Fwp%2Fv2%2Fmedia&parent=37799"}],"wp:term":[{"taxonomy":"category","embeddable":true,"href":"https:\/\/historiografija.hr\/index.php?rest_route=%2Fwp%2Fv2%2Fcategories&post=37799"},{"taxonomy":"post_tag","embeddable":true,"href":"https:\/\/historiografija.hr\/index.php?rest_route=%2Fwp%2Fv2%2Ftags&post=37799"}],"curies":[{"name":"wp","href":"https:\/\/api.w.org\/{rel}","templated":true}]}}