{"id":37785,"date":"2023-10-30T16:47:26","date_gmt":"2023-10-30T16:47:26","guid":{"rendered":"http:\/\/historiografija.hr\/?p=37785"},"modified":"2023-10-30T16:49:48","modified_gmt":"2023-10-30T16:49:48","slug":"predstavljanje-knjige-zvonimira-glavasa-postmarksisticko-stanje-knjizevnost-politika-i-teorija","status":"publish","type":"post","link":"https:\/\/historiografija.hr\/?p=37785","title":{"rendered":"Predstavljanje knjige Zvonimira Glava\u0161a &#8220;Postmarksisti\u010dko stanje. Knji\u017eevnost, politika i teorija&#8221;"},"content":{"rendered":"\n<p>Predstavljanje knjige knji\u017eevnog teoreti\u010dara (i povjesni\u010dara) Zvonimira Glava\u0161a &#8220;Postmarksisti\u010dko stanje. Knji\u017eevnost, politika i teorija&#8221; odr\u017eat \u0107e se 31. listopada 2023. u 18 sati u Knji\u017enici i \u010ditaonici Bogdana Ogrizovi\u0107a u Zagrebu. Na predstavljanju \u0107e govoriti urednik Maroje Vi\u0161i\u0107 te Zrinka Bo\u017ei\u0107, Tomislav Brlek i autor knjige.<\/p>\n\n\n\n<hr class=\"wp-block-separator\"\/>\n\n\n\n<p>U vremenu dubinske krize ideje prosvjetiteljstva i kolapsa velike pri\u010de moderniteta, knjiga Postmarksisti\u010dko stanje. Knji\u017eevnost, politika, teorija prizivaju\u0107i u naslovu davnu knjigu Jean-Fran\u00e7oisa Lyotarda Postmoderno stanje, poku\u0161aj je da se kroz knji\u017eevnu perspektivu prizovu sablasti Marxa (u mno\u017eini), a s njima i razli\u010dita lica marksizma i na taj na\u010din jasno ocrta trag marksizma kao najeksplicitnijeg emancipacijskog modernisti\u010dkog projekta. U doma\u0107em kontekstu s jakom intelektualnom tradicijom druga\u010dijeg tipa marksizma (potisnutom u tzv. mainstream knji\u017eevnoj znanosti), takvo prizivanje je itekako dobrodo\u0161lo. (ZRINKA BO\u017dI\u0106)<\/p>\n\n\n\n<hr class=\"wp-block-separator\"\/>\n\n\n\n<p>Postmarksisti\u010dko stanje. Knji\u017eevnost, politika, teorija prva je doma\u0107a studija koja se bavi problematizacijom koncepta postmarksizma, a na\u010din na koji to \u010dini pionirski je i izvan doma\u0107ih znanstvenih krugova. Rije\u010d je op\u0107enito o prvoj studiji o postmarksizmu koja predstavlja pomak od heteroklitnog nizanja razmjerno labavo povezanih imena prema sustavnijem opisu polja, te o prvoj studiji u \u010dijem je sredi\u0161tu knji\u017eevnost. Temeljitim i pronicljivim analizama autor u knjizi ocrtava ispreplitanje politi\u010dkog i knji\u017eevnoteorijskog diskursa potaknuto onim \u0161to se u literaturi srodnih tradicija naziva napu\u0161tanjem ontolo\u0161kog realizma ili decentriranjem strukture, a pokazuje se s jedne strane diskurzivnom konceptualizacijom politike, a s druge strane koncepcijama knji\u017eevnosti kao imanentno politi\u010dke. (TOMISLAV BRLEK)<\/p>\n\n\n\n<hr class=\"wp-block-separator\"\/>\n\n\n\n<p><strong>Zvonimir Glava\u0161 <\/strong>(1989., Osijek) knji\u017eevni je teoreti\u010dar; nastavnik i istra\u017eiva\u010d zaposlen na Katedri za teoriju knji\u017eevnosti Odsjeka za kroatistiku Filozofskog fakulteta Sveu\u010dili\u0161ta u Zagrebu. Na Filozofskom fakultetu Sveu\u010dili\u0161ta Josipa Jurja Strossmayera u Osijeku zavr\u0161io je preddiplomski i diplomski dvopredmetni studij Hrvatskog jezika i knji\u017eevnosti i Povijesti. Po zavr\u0161etku diplomskog studija upisuje Poslijediplomski doktorski studij knji\u017eevnosti, izvedbenih umjetnosti, filma i kulture na Filozofskom fakultetu Sveu\u010dili\u0161ta u Zagrebu i zavr\u0161ava ga 2020., obraniv\u0161i disertaciju naslovljenu \u201eKnji\u017eevnost i knji\u017eevnoteorijsko u postmarksisti\u010dkoj teoriji\u201c. Od listopada 2014. zaposlen je na Odsjeku za kroatistiku Filozofskog fakulteta Sveu\u010dili\u0161ta u Zagrebu \u2013 prvo kao doktorand, a potom od 2020. i kao poslijedoktorand \u2013 na kojem izvodi nastavu u sklopu knji\u017eevnoteorijskih kolegija. Od 2022. \u010dlan je uredni\u0161tva \u010dasopisa <em>Umjetnost rije\u010di<\/em>. Znanstvenoistra\u017eiva\u010dki ga primarno zaokupljaju pitanja suvremene knji\u017eevne i kulturne teorije, postmarksisti\u010dke teorije, politike knji\u017eevnosti, dodirnih to\u010daka knji\u017eevne i politi\u010dke teorije te suvremene (transmedijalne) naratologije.<\/p>\n\n\n\n<hr class=\"wp-block-separator\"\/>\n\n\n\n<p>Izvori:<\/p>\n\n\n\n<p><a href=\"https:\/\/www.kgz.hr\/hr\/knjiznice\/knjiznica-i-citaonica-bogdana-ogrizovica\/72\">https:\/\/www.kgz.hr\/hr\/knjiznice\/knjiznica-i-citaonica-bogdana-ogrizovica\/72<\/a><br><\/p>\n\n\n\n<p><a href=\"https:\/\/www.facebook.com\/events\/627245086284853\/\">https:\/\/www.facebook.com\/events\/627245086284853\/<\/a><br><\/p>\n\n\n\n<p><a href=\"http:\/\/durieux.hr\/wordpress\/knjige\/esejistika-publicistika\/postmarksisticko-stanje-2\/\">http:\/\/durieux.hr\/wordpress\/knjige\/esejistika-publicistika\/postmarksisticko-stanje-2\/<\/a><\/p>\n\n\n\n<hr class=\"wp-block-separator\"\/>\n","protected":false},"excerpt":{"rendered":"","protected":false},"author":2,"featured_media":37786,"comment_status":"open","ping_status":"open","sticky":false,"template":"","format":"standard","meta":{"_acf_changed":false,"jetpack_post_was_ever_published":false,"_jetpack_newsletter_access":"","_jetpack_dont_email_post_to_subs":false,"_jetpack_newsletter_tier_id":0,"_jetpack_memberships_contains_paywalled_content":false,"_jetpack_memberships_contains_paid_content":false,"footnotes":"","jetpack_publicize_message":"","jetpack_publicize_feature_enabled":true,"jetpack_social_post_already_shared":true,"jetpack_social_options":{"image_generator_settings":{"template":"highway","default_image_id":0,"font":"","enabled":false},"version":2}},"categories":[3,12],"tags":[],"class_list":["post-37785","post","type-post","status-publish","format-standard","has-post-thumbnail","hentry","category-novosti","category-knjizevnost"],"acf":{"facebook_opis":""},"jetpack_publicize_connections":[],"jetpack_featured_media_url":"https:\/\/i0.wp.com\/historiografija.hr\/wp-content\/uploads\/2023\/10\/ellipsis-plakat-pozivnica-glavas.jpg?fit=1181%2C1671&ssl=1","jetpack_sharing_enabled":true,"jetpack-related-posts":[],"_links":{"self":[{"href":"https:\/\/historiografija.hr\/index.php?rest_route=\/wp\/v2\/posts\/37785","targetHints":{"allow":["GET"]}}],"collection":[{"href":"https:\/\/historiografija.hr\/index.php?rest_route=\/wp\/v2\/posts"}],"about":[{"href":"https:\/\/historiografija.hr\/index.php?rest_route=\/wp\/v2\/types\/post"}],"author":[{"embeddable":true,"href":"https:\/\/historiografija.hr\/index.php?rest_route=\/wp\/v2\/users\/2"}],"replies":[{"embeddable":true,"href":"https:\/\/historiografija.hr\/index.php?rest_route=%2Fwp%2Fv2%2Fcomments&post=37785"}],"version-history":[{"count":3,"href":"https:\/\/historiografija.hr\/index.php?rest_route=\/wp\/v2\/posts\/37785\/revisions"}],"predecessor-version":[{"id":37789,"href":"https:\/\/historiografija.hr\/index.php?rest_route=\/wp\/v2\/posts\/37785\/revisions\/37789"}],"wp:featuredmedia":[{"embeddable":true,"href":"https:\/\/historiografija.hr\/index.php?rest_route=\/wp\/v2\/media\/37786"}],"wp:attachment":[{"href":"https:\/\/historiografija.hr\/index.php?rest_route=%2Fwp%2Fv2%2Fmedia&parent=37785"}],"wp:term":[{"taxonomy":"category","embeddable":true,"href":"https:\/\/historiografija.hr\/index.php?rest_route=%2Fwp%2Fv2%2Fcategories&post=37785"},{"taxonomy":"post_tag","embeddable":true,"href":"https:\/\/historiografija.hr\/index.php?rest_route=%2Fwp%2Fv2%2Ftags&post=37785"}],"curies":[{"name":"wp","href":"https:\/\/api.w.org\/{rel}","templated":true}]}}