{"id":37778,"date":"2023-10-30T16:06:13","date_gmt":"2023-10-30T16:06:13","guid":{"rendered":"http:\/\/historiografija.hr\/?p=37778"},"modified":"2023-10-30T16:09:05","modified_gmt":"2023-10-30T16:09:05","slug":"konferencija-spomenicka-skulptura-posvecena-nob-u-u-jugoslaviji-1945-1991-i-promocija-knjige-shaping-revolutionary-memory-the-production-of-monuments-in-socialist","status":"publish","type":"post","link":"https:\/\/historiografija.hr\/?p=37778","title":{"rendered":"Konferencija \u201eSpomeni\u010dka skulptura posve\u0107ena NOB-u u Jugoslaviji 1945\u20131991.\u201c i promocija knjige \u201eShaping Revolutionary Memory: The Production of Monuments in Socialist Yugoslavia\u201c u Novom sadu"},"content":{"rendered":"\n<p>Nacionalna nau\u010dna konferencija sa me\u0111unarodnim u\u010de\u0161\u0107em<\/p>\n\n\n\n<p>SPOMENI\u010cKA SKULPTURA POSVE\u0106ENA NOB-u U JUGOSLAVIJI 1945\u20131991.<\/p>\n\n\n\n<p>Kino sala, Muzej savremene umetnosti Vojvodine, Dunavska 37, Novi Sad<\/p>\n\n\n\n<p>03. novembar 2023.<\/p>\n\n\n\n<hr class=\"wp-block-separator\"\/>\n\n\n\n<p><strong>Program<\/strong><\/p>\n\n\n\n<p>10:00 Pozdravna re\u010d<\/p>\n\n\n\n<p><strong><u>Panel 1: Tipologije spomenika: metodolo\u0161ki izazovi<\/u><\/strong><\/p>\n\n\n\n<p>moderatorka: dr Ana Ere\u0161<\/p>\n\n\n\n<p>10:15 &nbsp; dr Vladimir Kuli\u0107 (Dr\u017eavni univerzitet u Ajovi)<\/p>\n\n\n\n<p><strong>&nbsp;&nbsp;&nbsp;&nbsp;&nbsp;&nbsp;&nbsp;&nbsp;&nbsp;&nbsp;&nbsp; Spomenici NOB i re\u017eimi temporalnosti<\/strong><\/p>\n\n\n\n<p>10:35 &nbsp; dr Slavica Stamatovi\u0107 Vu\u010dkovi\u0107 (Arhitektonski fakultet, Univerzitet Crne Gore)<\/p>\n\n\n\n<p><strong>&nbsp;&nbsp;&nbsp;&nbsp;&nbsp;&nbsp;&nbsp;&nbsp;&nbsp;&nbsp;&nbsp; Skulptura kao geometrizovana struktura: prilog tipologiji spomenika posve\u0107enih NOB-u u Crnoj Gori<\/strong><\/p>\n\n\n\n<p>10:55 &nbsp; mr Suzana Vuksanovi\u0107, Vojislav Martinov (Muzej savremene umetnosti Vojvodine, Muzej Vojvodine, Novi Sad)<\/p>\n\n\n\n<p><strong>&nbsp;&nbsp;&nbsp;&nbsp;&nbsp;&nbsp;&nbsp;&nbsp;&nbsp;&nbsp;&nbsp; Estetika \u017ertve u herojska vremena:&nbsp;&nbsp;spomeni\u010dka skulptura posve\u0107ena stradanju civila u Vojvodini<\/strong><\/p>\n\n\n\n<p>11:15 &nbsp; dr Nenad Lajben\u0161perger (Republi\u010dki zavod za za\u0161titu spomenika kulture, Beograd)<\/p>\n\n\n\n<p><strong>&nbsp;&nbsp;&nbsp;&nbsp;&nbsp;&nbsp;&nbsp;&nbsp;&nbsp;&nbsp;&nbsp; Spomen kompleksi posve\u0107eni antifa\u0161isti\u010dkoj borbi tokom Drugog svetskog rata<\/strong><\/p>\n\n\n\n<p>11:35 &nbsp; Blagoja Varo\u0161anec (Muzej savremene umetnosti, Skoplje)<\/p>\n\n\n\n<p><strong>&nbsp;&nbsp;&nbsp;&nbsp;&nbsp;&nbsp;&nbsp;&nbsp;&nbsp;&nbsp;&nbsp; Nedefinisano (kulturno) nasle\u0111e: Spomenici narodnom oslobo\u0111enju u Makedoniji \u2013 hronologija umetni\u010dkih i arhitektonskih stilova 1950\u20131980.<\/strong><\/p>\n\n\n\n<p>11:55&nbsp;&nbsp; <strong>Diskusija<\/strong><\/p>\n\n\n\n<p>12:25&nbsp;&nbsp; Pauza za kafu<\/p>\n\n\n\n<p><strong><u>Panel 2: Semantika spomenika: problematika se\u0107anja<\/u><\/strong><\/p>\n\n\n\n<p>moderatorka: mr Suzana Vuksanovi\u0107<\/p>\n\n\n\n<p>12:45 &nbsp; dr Ana Ere\u0161, dr Vladana Putnik Prica (Filozofski fakultet, Univerzitet u Beogradu)<\/p>\n\n\n\n<p><strong>&nbsp;&nbsp;&nbsp;&nbsp;&nbsp;&nbsp;&nbsp;&nbsp;&nbsp;&nbsp;&nbsp; Apstrakcija i memorija: <em>Predlozi za spomenike <\/em>Olge Jevri\u0107 u 1950-im godinama<\/strong><\/p>\n\n\n\n<p>13:05 &nbsp; dr Sabina Tanovi\u0107 (Tehnolo\u0161ki univerzitet Delft)<\/p>\n\n\n\n<p><strong>&nbsp;&nbsp;&nbsp;&nbsp;&nbsp;&nbsp;&nbsp;&nbsp;&nbsp;&nbsp;&nbsp; Kuda vode Vra(t)ca?<\/strong><\/p>\n\n\n\n<p>13:25 &nbsp; dr Jasmina \u010cubrilo (Filozofski fakultet, Univerzitet u Beogradu)<\/p>\n\n\n\n<p><strong><em>&nbsp;&nbsp;&nbsp;&nbsp;&nbsp;&nbsp;&nbsp;&nbsp;&nbsp;&nbsp;&nbsp; Spomenik bratstvu i jedinstvu<\/em><\/strong><strong> (1978) Jovana Kratohvila: estetska i spomeni\u010dka forma kraja jedne \u201eepohe\u201c<\/strong><\/p>\n\n\n\n<p>13:45 &nbsp; dr Olga Manojlovi\u0107 Pintar (Institut za noviju istoriju Srbije)<\/p>\n\n\n\n<p><strong>&nbsp;&nbsp;&nbsp;&nbsp;&nbsp;&nbsp;&nbsp;&nbsp;&nbsp;&nbsp;&nbsp; Kako je <em>Narodnooslobodila\u010dka borba Jugoslavije<\/em> preimenovana u <em>narodno oslobodila\u010dke borbe<\/em> Srbije?<\/strong><\/p>\n\n\n\n<p>13:45&nbsp;&nbsp; <strong>Diskusija<\/strong><\/p>\n\n\n\n<p>15:00&nbsp;&nbsp; Ru\u010dak za u\u010desnike konferencije<\/p>\n\n\n\n<p>18:00 &nbsp; Promocija knjige <strong>SHAPING REVOLUTIONARY MEMORY: THE PRODUCTION OF MONUMENTS IN SOCIALIST YUGOSLAVIA <\/strong>(Igor Zabel Association for Culture and Theory, Ljubljana; Archive Books, Berlin; 2023) i razgovor s urednicama, dr Sanjom Horvatin\u010di\u0107 (Institut za povijest umjetnosti, Zagreb) i dr Beti \u017derovc (Filozofski fakultet, Univerzitet u Ljubljani).<\/p>\n\n\n\n<p>Cilj Konferencije je otvaranje mogu\u0107nosti za celovitije interpretacije i vrednovanja spomeni\u010dke plastike iz socijalisti\u010dkog razdoblja. Projekat (Konferencija i Zbornika radova, koji \u0107e biti objavljen do kraja 2023), pru\u017ei\u0107e presek tipologije oblikovanja, tuma\u010denja i valorizacije spomenika u biv\u0161im jugoslovenskim republikama, nadogra\u0111en saznanjima iz oblasti dru\u0161tvenog pam\u0107enja.<\/p>\n\n\n\n<p><strong>Nau\u010dni odbor Konferencije:<\/strong><\/p>\n\n\n\n<ul class=\"wp-block-list\"><li>Sanja Horvatin\u010di\u0107, Institut za povijest umjetnosti, Zagreb<\/li><li>Beti \u017derovc, Filozofski fakultet, Univerzitet u Ljubljani<\/li><li>Olga Manojlovi\u0107 Pintar, Institut za noviju istoriju Srbije, Beograd<\/li><li>Slavica Stamatovi\u0107 Vu\u010dkovi\u0107, Arhitektonski fakultet, Univerzitet Crne Gore, Podgorica<\/li><li>Vladana Putnik Prica, Filozofski fakultet, Univerzitet u Beogradu<\/li><\/ul>\n\n\n\n<p><strong>Organizacioni odbor Konferencije:<\/strong><\/p>\n\n\n\n<ul class=\"wp-block-list\"><li>Branislava Sekuli\u0107, direktorka Muzeja savremene umetnosti Vojvodine, Novi Sad<\/li><li>Suzana Vuksanovi\u0107, Muzej savremene umetnosti Vojvodine, Novi Sad<\/li><li>Ana Ere\u0161, Filozofski fakultet, Univerzitet u Beogradu<\/li><\/ul>\n\n\n\n<hr class=\"wp-block-separator\"\/>\n\n\n\n<p>Izvori:<\/p>\n\n\n\n<figure class=\"wp-block-embed-wordpress wp-block-embed is-type-wp-embed is-provider-msuv\"><div class=\"wp-block-embed__wrapper\">\n<blockquote class=\"wp-embedded-content\" data-secret=\"ChvEcC5ZSN\"><a href=\"http:\/\/msuv.org\/2023\/10\/26\/nacionalna-naucna-konferencija-sa-medjunarodnim-ucescem-spomenicka-skulptura-posvecena-nob-u-u-jugoslaviji-1945-1991\/\">Nacionalna nau\u010dna konferencija sa me\u0111unarodnim u\u010de\u0161\u0107em: SPOMENI\u010cKA SKULPTURA POSVE\u0106ENA NOB-u U JUGOSLAVIJI 1945\u20131991.<\/a><\/blockquote><iframe loading=\"lazy\" class=\"wp-embedded-content\" sandbox=\"allow-scripts\" security=\"restricted\" style=\"position: absolute; clip: rect(1px, 1px, 1px, 1px);\" title=\"&#132;Nacionalna nau\u010dna konferencija sa me\u0111unarodnim u\u010de\u0161\u0107em: SPOMENI\u010cKA SKULPTURA POSVE\u0106ENA NOB-u U JUGOSLAVIJI 1945\u20131991.&#147; &#8212; MSUV\" src=\"http:\/\/msuv.org\/2023\/10\/26\/nacionalna-naucna-konferencija-sa-medjunarodnim-ucescem-spomenicka-skulptura-posvecena-nob-u-u-jugoslaviji-1945-1991\/embed\/#?secret=k66WNniGYg#?secret=ChvEcC5ZSN\" data-secret=\"ChvEcC5ZSN\" width=\"600\" height=\"338\" frameborder=\"0\" marginwidth=\"0\" marginheight=\"0\" scrolling=\"no\"><\/iframe>\n<\/div><\/figure>\n\n\n\n<figure class=\"wp-block-embed-wordpress wp-block-embed is-type-wp-embed is-provider-msuv\"><div class=\"wp-block-embed__wrapper\">\n<blockquote class=\"wp-embedded-content\" data-secret=\"xp3AnnyIHF\"><a href=\"https:\/\/msuv.org\/2023\/10\/26\/promocija-knjige-shaping-revolutionary-memory-the-production-of-monuments-in-socialist-yugoslavia\/\">Promocija knjige\u00a0SHAPING REVOLUTIONARY MEMORY:\u00a0The Production of Monuments in Socialist Yugoslavia<\/a><\/blockquote><iframe loading=\"lazy\" class=\"wp-embedded-content\" sandbox=\"allow-scripts\" security=\"restricted\" style=\"position: absolute; clip: rect(1px, 1px, 1px, 1px);\" title=\"&#132;Promocija knjige\u00a0SHAPING REVOLUTIONARY MEMORY:\u00a0The Production of Monuments in Socialist Yugoslavia&#147; &#8212; MSUV\" src=\"https:\/\/msuv.org\/2023\/10\/26\/promocija-knjige-shaping-revolutionary-memory-the-production-of-monuments-in-socialist-yugoslavia\/embed\/#?secret=rIoQQ8sGzx#?secret=xp3AnnyIHF\" data-secret=\"xp3AnnyIHF\" width=\"600\" height=\"338\" frameborder=\"0\" marginwidth=\"0\" marginheight=\"0\" scrolling=\"no\"><\/iframe>\n<\/div><\/figure>\n\n\n\n<p><a href=\"https:\/\/www.facebook.com\/MsuvNoviSad\/\">https:\/\/www.facebook.com\/MsuvNoviSad\/<\/a><\/p>\n\n\n\n<hr class=\"wp-block-separator\"\/>\n","protected":false},"excerpt":{"rendered":"","protected":false},"author":2,"featured_media":37779,"comment_status":"open","ping_status":"open","sticky":false,"template":"","format":"standard","meta":{"_acf_changed":false,"jetpack_post_was_ever_published":false,"_jetpack_newsletter_access":"","_jetpack_dont_email_post_to_subs":false,"_jetpack_newsletter_tier_id":0,"_jetpack_memberships_contains_paywalled_content":false,"_jetpack_memberships_contains_paid_content":false,"footnotes":"","jetpack_publicize_message":"","jetpack_publicize_feature_enabled":true,"jetpack_social_post_already_shared":true,"jetpack_social_options":{"image_generator_settings":{"template":"highway","default_image_id":0,"font":"","enabled":false},"version":2}},"categories":[3,9],"tags":[],"class_list":["post-37778","post","type-post","status-publish","format-standard","has-post-thumbnail","hentry","category-novosti","category-skupovi"],"acf":{"facebook_opis":""},"jetpack_publicize_connections":[],"jetpack_featured_media_url":"https:\/\/i0.wp.com\/historiografija.hr\/wp-content\/uploads\/2023\/10\/knjiga_promocija.jpg?fit=1080%2C675&ssl=1","jetpack_sharing_enabled":true,"jetpack-related-posts":[],"_links":{"self":[{"href":"https:\/\/historiografija.hr\/index.php?rest_route=\/wp\/v2\/posts\/37778","targetHints":{"allow":["GET"]}}],"collection":[{"href":"https:\/\/historiografija.hr\/index.php?rest_route=\/wp\/v2\/posts"}],"about":[{"href":"https:\/\/historiografija.hr\/index.php?rest_route=\/wp\/v2\/types\/post"}],"author":[{"embeddable":true,"href":"https:\/\/historiografija.hr\/index.php?rest_route=\/wp\/v2\/users\/2"}],"replies":[{"embeddable":true,"href":"https:\/\/historiografija.hr\/index.php?rest_route=%2Fwp%2Fv2%2Fcomments&post=37778"}],"version-history":[{"count":2,"href":"https:\/\/historiografija.hr\/index.php?rest_route=\/wp\/v2\/posts\/37778\/revisions"}],"predecessor-version":[{"id":37781,"href":"https:\/\/historiografija.hr\/index.php?rest_route=\/wp\/v2\/posts\/37778\/revisions\/37781"}],"wp:featuredmedia":[{"embeddable":true,"href":"https:\/\/historiografija.hr\/index.php?rest_route=\/wp\/v2\/media\/37779"}],"wp:attachment":[{"href":"https:\/\/historiografija.hr\/index.php?rest_route=%2Fwp%2Fv2%2Fmedia&parent=37778"}],"wp:term":[{"taxonomy":"category","embeddable":true,"href":"https:\/\/historiografija.hr\/index.php?rest_route=%2Fwp%2Fv2%2Fcategories&post=37778"},{"taxonomy":"post_tag","embeddable":true,"href":"https:\/\/historiografija.hr\/index.php?rest_route=%2Fwp%2Fv2%2Ftags&post=37778"}],"curies":[{"name":"wp","href":"https:\/\/api.w.org\/{rel}","templated":true}]}}