{"id":37768,"date":"2023-10-30T15:42:30","date_gmt":"2023-10-30T15:42:30","guid":{"rendered":"http:\/\/historiografija.hr\/?p=37768"},"modified":"2023-10-30T15:43:15","modified_gmt":"2023-10-30T15:43:15","slug":"emisija-povijesne-kontroverze-fra-bono-perisic","status":"publish","type":"post","link":"https:\/\/historiografija.hr\/?p=37768","title":{"rendered":"Emisija \u201cPovijesne kontroverze\u201d: Fra Bono Peri\u0161i\u0107"},"content":{"rendered":"\n<p>U \u201cPovijesnim kontroverzama\u201d u utorak, 31. listopada 2023. u 15.05 sati na Tre\u0107em programu Hrvatskog radija o fra Boni Peri\u0161i\u0107u govori Rudolf Bari\u0161i\u0107.<\/p>\n\n\n\n<hr class=\"wp-block-separator\"\/>\n\n\n\n<p>HRT &#8211; HR3&nbsp;31.10.2023.&nbsp;15:05 &#8211; 16:00<\/p>\n\n\n\n<p><strong>Povijesne kontroverze<\/strong><\/p>\n\n\n\n<p>Svima je poznato da je franjeva\u010dki red odigrao va\u017enu ulogu u promicanju kr\u0161\u0107anske vjere i kulture na prostorima Bosne i Hercegovine. Nakon pada Bosne pod osmansku vlast upravo su franjevci bili jedina institucija Katoli\u010dke Crkve na prostorima Balkana koji su skrbili za pastoralni rad o o\u010duvanje vjere me\u0111u tamo\u0161njim katolicima. Shodno tome Franjeva\u010dka provincija Bosna Srebrena neko je vrijeme obuhva\u0107ala znatno ve\u0107i teritorij od prostora Bosne i Hercegovine. Osim vjere i du\u0161ebri\u017eni\u010dkog rada bosanski franjevci aktivno su radili na \u0161irenju prosvjete i kulture na prostoru svog djelovanja, a neki od njih isticali su se i svojim spisateljskim radom, bili u\u010ditelji i znanstvenici. Me\u0111u takvima isti\u010de se fra Bono Peri\u0161i\u0107, o kojem je dosad razmjerno malo pisano u historiografiji, iako njegovo ime i zna\u010daj za razvoj franjeva\u010dkog reda u Bosni nisu nepoznati. Stoga u dana\u0161njim Povijesnim kontroverzama razgovaramo upravo o fra Boni Peri\u0161i\u0107u, a na\u0161 sugovornik je dr. sc. Rudolf Bari\u0161i\u0107 iz Hrvatskog instituta za povijest.<\/p>\n\n\n\n<p><a href=\"http:\/\/raspored.hrt.hr\/\">http:\/\/raspored.hrt.hr\/<\/a><\/p>\n\n\n\n<p><a href=\"https:\/\/radio.hrt.hr\/slusaonica\/povijesne-kontroverze\">https:\/\/radio.hrt.hr\/slusaonica\/povijesne-kontroverze<\/a><\/p>\n\n\n\n<hr class=\"wp-block-separator\"\/>\n\n\n\n<figure class=\"wp-block-embed-wordpress wp-block-embed is-type-wp-embed is-provider-historiografija-hr\"><div class=\"wp-block-embed__wrapper\">\n<blockquote class=\"wp-embedded-content\" data-secret=\"jbraTRNxmn\"><a href=\"https:\/\/historiografija.hr\/?p=37435\">Rudolf Bari\u0161i\u0107, \u201eOd Pe\u010duha do Fojnice: korespondencija fra Bone Peri\u0161i\u0107a\u201c<\/a><\/blockquote><iframe loading=\"lazy\" class=\"wp-embedded-content\" sandbox=\"allow-scripts\" security=\"restricted\" style=\"position: absolute; clip: rect(1px, 1px, 1px, 1px);\" title=\"&#8220;Rudolf Bari\u0161i\u0107, \u201eOd Pe\u010duha do Fojnice: korespondencija fra Bone Peri\u0161i\u0107a\u201c&#8221; &#8212; Historiografija.hr\" src=\"https:\/\/historiografija.hr\/?p=37435&#038;embed=true#?secret=jbraTRNxmn\" data-secret=\"jbraTRNxmn\" width=\"600\" height=\"338\" frameborder=\"0\" marginwidth=\"0\" marginheight=\"0\" scrolling=\"no\"><\/iframe>\n<\/div><\/figure>\n\n\n\n<hr class=\"wp-block-separator\"\/>\n","protected":false},"excerpt":{"rendered":"","protected":false},"author":2,"featured_media":28920,"comment_status":"open","ping_status":"open","sticky":false,"template":"","format":"standard","meta":{"_acf_changed":false,"jetpack_post_was_ever_published":false,"_jetpack_newsletter_access":"","_jetpack_dont_email_post_to_subs":false,"_jetpack_newsletter_tier_id":0,"_jetpack_memberships_contains_paywalled_content":false,"_jetpack_memberships_contains_paid_content":false,"footnotes":"","jetpack_publicize_message":"","jetpack_publicize_feature_enabled":true,"jetpack_social_post_already_shared":true,"jetpack_social_options":{"image_generator_settings":{"template":"highway","default_image_id":0,"font":"","enabled":false},"version":2}},"categories":[3],"tags":[],"class_list":["post-37768","post","type-post","status-publish","format-standard","has-post-thumbnail","hentry","category-novosti"],"acf":{"facebook_opis":""},"jetpack_publicize_connections":[],"jetpack_featured_media_url":"https:\/\/i0.wp.com\/historiografija.hr\/wp-content\/uploads\/2021\/12\/povijesne-kontroverze.jpg?fit=1920%2C1080&ssl=1","jetpack_sharing_enabled":true,"jetpack-related-posts":[],"_links":{"self":[{"href":"https:\/\/historiografija.hr\/index.php?rest_route=\/wp\/v2\/posts\/37768","targetHints":{"allow":["GET"]}}],"collection":[{"href":"https:\/\/historiografija.hr\/index.php?rest_route=\/wp\/v2\/posts"}],"about":[{"href":"https:\/\/historiografija.hr\/index.php?rest_route=\/wp\/v2\/types\/post"}],"author":[{"embeddable":true,"href":"https:\/\/historiografija.hr\/index.php?rest_route=\/wp\/v2\/users\/2"}],"replies":[{"embeddable":true,"href":"https:\/\/historiografija.hr\/index.php?rest_route=%2Fwp%2Fv2%2Fcomments&post=37768"}],"version-history":[{"count":2,"href":"https:\/\/historiografija.hr\/index.php?rest_route=\/wp\/v2\/posts\/37768\/revisions"}],"predecessor-version":[{"id":37770,"href":"https:\/\/historiografija.hr\/index.php?rest_route=\/wp\/v2\/posts\/37768\/revisions\/37770"}],"wp:featuredmedia":[{"embeddable":true,"href":"https:\/\/historiografija.hr\/index.php?rest_route=\/wp\/v2\/media\/28920"}],"wp:attachment":[{"href":"https:\/\/historiografija.hr\/index.php?rest_route=%2Fwp%2Fv2%2Fmedia&parent=37768"}],"wp:term":[{"taxonomy":"category","embeddable":true,"href":"https:\/\/historiografija.hr\/index.php?rest_route=%2Fwp%2Fv2%2Fcategories&post=37768"},{"taxonomy":"post_tag","embeddable":true,"href":"https:\/\/historiografija.hr\/index.php?rest_route=%2Fwp%2Fv2%2Ftags&post=37768"}],"curies":[{"name":"wp","href":"https:\/\/api.w.org\/{rel}","templated":true}]}}