{"id":37740,"date":"2023-10-27T18:39:57","date_gmt":"2023-10-27T18:39:57","guid":{"rendered":"http:\/\/historiografija.hr\/?p=37740"},"modified":"2023-10-27T21:39:18","modified_gmt":"2023-10-27T21:39:18","slug":"spominsko-znanstveno-in-strokovno-srecanje-ob-desetletnici-smrti-prof-dr-janeza-cvirna","status":"publish","type":"post","link":"https:\/\/historiografija.hr\/?p=37740","title":{"rendered":"Spominsko znanstveno in strokovno sre\u010danje ob desetletnici smrti prof. dr. Janeza Cvirna"},"content":{"rendered":"\n<p>Sredinom rujna 2023. godine odr\u017ean je na Filozofskom fakultetu u Ljubljani &#8211; povodom 10. godi\u0161njice smrti &#8211; znanstveni skup u spomen na slovenskog povjesni\u010dara Janeza Cvirna (1960-2013), koji je sura\u0111ivao i s hrvatskim povjesni\u010darima.<\/p>\n\n\n\n<hr class=\"wp-block-separator\"\/>\n\n\n\n<p>V prvem tednu leto\u0161njega avgusta je minilo deset let od prezgodnje smrti <strong>prof. dr. Janeza Cvirna<\/strong> (1960\u20132013). <strong>Prof. dr. Janez Cvirn<\/strong> je s svojim inovativnim in nekonvencionalnim zgodovinopisnim raziskovanjem oral ledino na \u0161tevilnih podro\u010djih slovenske politi\u010dne, socialne in kulturne zgodovine. Aktiven je bil tudi na arhivskem in muzealskem polju, pa tudi kot urednik revije <em>Zgodovina za vse<\/em>.<\/p>\n\n\n\n<p>V spomin na dobrega kolega, naklonjenega u\u010ditelja in predvsem izvrstnega zgodovinarja, ki je na premnogih podro\u010djih slovenskega zgodovinopisja zapustil neizbrisen pe\u010dat, bodo na <em>Oddelku za zgodovino<\/em> Filozofske fakultete <strong>14. septembra 2023 <\/strong>priredili <em>\u201dCvirnov dan\u201d<\/em> \u2013 strokovno sre\u010danje, ki ga bodo zaokro\u017eili z dru\u017eabnim popoldnevom.<\/p>\n\n\n\n<p>Kolegu se bodo poklonili s prikazom njegovega dela, pa tudi s predstavitvijo raziskovalnih dose\u017ekov ter znanstvenih in strokovnih spoznanj, do katerih so se v preteklih desetih letih dokopali na podro\u010djih, ki se jim je v naj\u0161ir\u0161em smislu posve\u010dal tudi prof. Cvirn.<br>&nbsp;<\/p>\n\n\n\n<p><a href=\"https:\/\/www.ff.uni-lj.si\/sites\/default\/files\/documents\/Cvirnov%20dan.pdf\">Program dogodka<\/a><\/p>\n\n\n\n<hr class=\"wp-block-separator\"\/>\n\n\n\n<p>Izvori:<\/p>\n\n\n\n<p><a href=\"https:\/\/www.ff.uni-lj.si\/dogodki\/spominsko-znanstveno-strokovno-srecanje-ob-desetletnici-smrti-prof-dr-janeza-cvirna\">https:\/\/www.ff.uni-lj.si\/dogodki\/spominsko-znanstveno-strokovno-srecanje-ob-desetletnici-smrti-prof-dr-janeza-cvirna<\/a><\/p>\n\n\n\n<p><a href=\"https:\/\/www.facebook.com\/events\/212888928437616\/\">https:\/\/www.facebook.com\/events\/212888928437616\/<\/a><\/p>\n\n\n\n<hr class=\"wp-block-separator\"\/>\n\n\n\n<p>Cijeli skup dostupan je na <a href=\"https:\/\/www.youtube.com\/@SistoryInfo\">https:\/\/www.youtube.com\/@SistoryInfo<\/a> (Cvirnov dan)<\/p>\n\n\n\n<hr class=\"wp-block-separator\"\/>\n\n\n\n<p><\/p>\n","protected":false},"excerpt":{"rendered":"","protected":false},"author":2,"featured_media":37741,"comment_status":"open","ping_status":"open","sticky":false,"template":"","format":"standard","meta":{"_acf_changed":false,"jetpack_post_was_ever_published":false,"_jetpack_newsletter_access":"","_jetpack_dont_email_post_to_subs":false,"_jetpack_newsletter_tier_id":0,"_jetpack_memberships_contains_paywalled_content":false,"_jetpack_memberships_contains_paid_content":false,"footnotes":"","jetpack_publicize_message":"","jetpack_publicize_feature_enabled":true,"jetpack_social_post_already_shared":true,"jetpack_social_options":{"image_generator_settings":{"template":"highway","default_image_id":0,"font":"","enabled":false},"version":2}},"categories":[3,9],"tags":[],"class_list":["post-37740","post","type-post","status-publish","format-standard","has-post-thumbnail","hentry","category-novosti","category-skupovi"],"acf":{"facebook_opis":""},"jetpack_publicize_connections":[],"jetpack_featured_media_url":"https:\/\/i0.wp.com\/historiografija.hr\/wp-content\/uploads\/2023\/10\/Cvirn.jpg?fit=960%2C1440&ssl=1","jetpack_sharing_enabled":true,"jetpack-related-posts":[],"_links":{"self":[{"href":"https:\/\/historiografija.hr\/index.php?rest_route=\/wp\/v2\/posts\/37740","targetHints":{"allow":["GET"]}}],"collection":[{"href":"https:\/\/historiografija.hr\/index.php?rest_route=\/wp\/v2\/posts"}],"about":[{"href":"https:\/\/historiografija.hr\/index.php?rest_route=\/wp\/v2\/types\/post"}],"author":[{"embeddable":true,"href":"https:\/\/historiografija.hr\/index.php?rest_route=\/wp\/v2\/users\/2"}],"replies":[{"embeddable":true,"href":"https:\/\/historiografija.hr\/index.php?rest_route=%2Fwp%2Fv2%2Fcomments&post=37740"}],"version-history":[{"count":6,"href":"https:\/\/historiografija.hr\/index.php?rest_route=\/wp\/v2\/posts\/37740\/revisions"}],"predecessor-version":[{"id":37755,"href":"https:\/\/historiografija.hr\/index.php?rest_route=\/wp\/v2\/posts\/37740\/revisions\/37755"}],"wp:featuredmedia":[{"embeddable":true,"href":"https:\/\/historiografija.hr\/index.php?rest_route=\/wp\/v2\/media\/37741"}],"wp:attachment":[{"href":"https:\/\/historiografija.hr\/index.php?rest_route=%2Fwp%2Fv2%2Fmedia&parent=37740"}],"wp:term":[{"taxonomy":"category","embeddable":true,"href":"https:\/\/historiografija.hr\/index.php?rest_route=%2Fwp%2Fv2%2Fcategories&post=37740"},{"taxonomy":"post_tag","embeddable":true,"href":"https:\/\/historiografija.hr\/index.php?rest_route=%2Fwp%2Fv2%2Ftags&post=37740"}],"curies":[{"name":"wp","href":"https:\/\/api.w.org\/{rel}","templated":true}]}}