{"id":37728,"date":"2023-10-27T18:16:49","date_gmt":"2023-10-27T18:16:49","guid":{"rendered":"http:\/\/historiografija.hr\/?p=37728"},"modified":"2023-10-27T18:16:49","modified_gmt":"2023-10-27T18:16:49","slug":"mira-kolar-dimitrijevic-igor-karaman-zivot-djelo-i-doprinos-ekonomskoj-povijesti-hrvatske","status":"publish","type":"post","link":"https:\/\/historiografija.hr\/?p=37728","title":{"rendered":"Mira Kolar-Dimitrijevi\u0107, \u201eIGOR KARAMAN. \u017divot, djelo i doprinos ekonomskoj povijesti Hrvatske\u201c"},"content":{"rendered":"\n<p>U svojoj studiji o \u017eivotu i djelu <strong>Igora Karamana<\/strong> (Split, 1927. \u2013 Zagreb, 1995.) napisanoj na temelju detaljnog istra\u017eivanja njegove osobne ostav\u0161tine koja se \u010duva u Hrvatskome dr\u017eavnom arhivu, eminentna hrvatska povjesni\u010darka <strong>Mira Kolar-Dimitrijevi\u0107<\/strong> ne progovara samo o toj li\u010dnosti, jednoj od sredi\u0161njih u hrvatskoj historiografiji druge polovine 20. stolje\u0107a. Ova knjiga i na temelju osobnih spoznaja autorice ujedno prikazuje razvoj hrvatske muzeologije, arhivistike, \u0161kolstva, institucija, dru\u0161tava i udruga u kojima je Karaman aktivno djelovao, a najop\u0161irnije progovara o napretku i nazadovanju hrvatske historiografije, posebice gospodarske povijesti, u kontekstu vremena u kojem je Karaman \u017eivio. Knjiga je tako\u0111er opremljena ilustracijama i cjelokupnom bibliografijom Karamanovih radova.<\/p>\n\n\n\n<hr class=\"wp-block-separator\"\/>\n\n\n\n<p><strong>Mira Kolar-Dimitrijevi\u0107<\/strong> (Koprivnica, 1933.), hrvatska povjesni\u010darka. Nakon zavr\u0161enog studija radila je u Dr\u017eavnom arhivu Zagreba (1960.\u20131964.) i u Arhivu Instituta za historiju radni\u010dkog pokreta, a 1966. godine postaje znanstvena djelatnica Instituta. Doktorirala je 1978. godine radnjom \u201ePolo\u017eaj radni\u010dke klase sjeverne Hrvatske od 1918. do 1941. godine\u201d. Pokrenula je ugledni znanstveni \u010dasopis Povijesni prilozi i bila prva njegova urednica (1982.\u20131988.), te direktorica znanstvenog odjela Instituta sve do 1988. godine, kada je izabrana za redovitu sveu\u010dili\u0161nu profesoricu na Odsjeku za povijest Filozofskog fakulteta u Zagrebu. Predavala je gospodarsku povijest i svjetsku povijest 20. stolje\u0107a do odlaska u mirovinu, 2003. godine. Nakon toga je na Hrvatskim studijima Sveu\u010dili\u0161ta u Zagrebu predavala hrvatsku povijest 19. stolje\u0107a. Od 1975. godine do danas pi\u0161e znanstvene radove o povijesti Podravine te objavljuje teme iz podru\u010dja povijesti Koprivni\u010dko-kri\u017eeva\u010dke \u017eupanije. Uva\u017eena je me\u0111unarodna stru\u010dnjakinja za ekonomsku povijest i najutjecajnija gospodarska povjesni\u010darka u Hrvatskoj.<\/p>\n\n\n\n<hr class=\"wp-block-separator\"\/>\n\n\n\n<p>Godina izdanja: 2023<\/p>\n\n\n\n<p>Broj stranica: 240<\/p>\n\n\n\n<hr class=\"wp-block-separator\"\/>\n\n\n\n<p>Izvor:<\/p>\n\n\n\n<figure class=\"wp-block-embed-wordpress wp-block-embed is-type-wp-embed is-provider-plejada-d-o-o\"><div class=\"wp-block-embed__wrapper\">\n<blockquote class=\"wp-embedded-content\" data-secret=\"BOMMlsQ0Og\"><a href=\"https:\/\/www.plejada-zg.hr\/knjiga\/igor-karaman-zivot-djelo-i-doprinos-ekonomskoj-povijesti-hrvatske\/\">IGOR KARAMAN. \u017divot, djelo i doprinos ekonomskoj povijesti Hrvatske<\/a><\/blockquote><iframe loading=\"lazy\" class=\"wp-embedded-content\" sandbox=\"allow-scripts\" security=\"restricted\" style=\"position: absolute; clip: rect(1px, 1px, 1px, 1px);\" title=\"&#8220;IGOR KARAMAN. \u017divot, djelo i doprinos ekonomskoj povijesti Hrvatske&#8221; &#8212; Plejada d.o.o.\" src=\"https:\/\/www.plejada-zg.hr\/knjiga\/igor-karaman-zivot-djelo-i-doprinos-ekonomskoj-povijesti-hrvatske\/embed\/#?secret=xzHV7miWzp#?secret=BOMMlsQ0Og\" data-secret=\"BOMMlsQ0Og\" width=\"600\" height=\"338\" frameborder=\"0\" marginwidth=\"0\" marginheight=\"0\" scrolling=\"no\"><\/iframe>\n<\/div><\/figure>\n\n\n\n<hr class=\"wp-block-separator\"\/>\n","protected":false},"excerpt":{"rendered":"","protected":false},"author":2,"featured_media":37729,"comment_status":"open","ping_status":"open","sticky":false,"template":"","format":"standard","meta":{"_acf_changed":false,"jetpack_post_was_ever_published":false,"_jetpack_newsletter_access":"","_jetpack_dont_email_post_to_subs":false,"_jetpack_newsletter_tier_id":0,"_jetpack_memberships_contains_paywalled_content":false,"_jetpack_memberships_contains_paid_content":false,"footnotes":"","jetpack_publicize_message":"","jetpack_publicize_feature_enabled":true,"jetpack_social_post_already_shared":true,"jetpack_social_options":{"image_generator_settings":{"template":"highway","default_image_id":0,"font":"","enabled":false},"version":2}},"categories":[8,3],"tags":[],"class_list":["post-37728","post","type-post","status-publish","format-standard","has-post-thumbnail","hentry","category-knjige","category-novosti"],"acf":{"facebook_opis":""},"jetpack_publicize_connections":[],"jetpack_featured_media_url":"https:\/\/i0.wp.com\/historiografija.hr\/wp-content\/uploads\/2023\/10\/Kolar-Dimitrijevic-Igor-Karaman.jpg?fit=898%2C1358&ssl=1","jetpack_sharing_enabled":true,"jetpack-related-posts":[],"_links":{"self":[{"href":"https:\/\/historiografija.hr\/index.php?rest_route=\/wp\/v2\/posts\/37728","targetHints":{"allow":["GET"]}}],"collection":[{"href":"https:\/\/historiografija.hr\/index.php?rest_route=\/wp\/v2\/posts"}],"about":[{"href":"https:\/\/historiografija.hr\/index.php?rest_route=\/wp\/v2\/types\/post"}],"author":[{"embeddable":true,"href":"https:\/\/historiografija.hr\/index.php?rest_route=\/wp\/v2\/users\/2"}],"replies":[{"embeddable":true,"href":"https:\/\/historiografija.hr\/index.php?rest_route=%2Fwp%2Fv2%2Fcomments&post=37728"}],"version-history":[{"count":1,"href":"https:\/\/historiografija.hr\/index.php?rest_route=\/wp\/v2\/posts\/37728\/revisions"}],"predecessor-version":[{"id":37730,"href":"https:\/\/historiografija.hr\/index.php?rest_route=\/wp\/v2\/posts\/37728\/revisions\/37730"}],"wp:featuredmedia":[{"embeddable":true,"href":"https:\/\/historiografija.hr\/index.php?rest_route=\/wp\/v2\/media\/37729"}],"wp:attachment":[{"href":"https:\/\/historiografija.hr\/index.php?rest_route=%2Fwp%2Fv2%2Fmedia&parent=37728"}],"wp:term":[{"taxonomy":"category","embeddable":true,"href":"https:\/\/historiografija.hr\/index.php?rest_route=%2Fwp%2Fv2%2Fcategories&post=37728"},{"taxonomy":"post_tag","embeddable":true,"href":"https:\/\/historiografija.hr\/index.php?rest_route=%2Fwp%2Fv2%2Ftags&post=37728"}],"curies":[{"name":"wp","href":"https:\/\/api.w.org\/{rel}","templated":true}]}}