{"id":37703,"date":"2023-10-26T18:26:40","date_gmt":"2023-10-26T18:26:40","guid":{"rendered":"http:\/\/historiografija.hr\/?p=37703"},"modified":"2023-10-26T18:26:40","modified_gmt":"2023-10-26T18:26:40","slug":"thomas-piketty-sagledati-razmere-rasizma-pobediti-diskriminaciju","status":"publish","type":"post","link":"https:\/\/historiografija.hr\/?p=37703","title":{"rendered":"Thomas Piketty, \u201eSagledati razmere rasizma, pobediti diskriminaciju\u201c"},"content":{"rendered":"\n<p>Prevela s francuskog: Olja Petroni\u0107<\/p>\n\n\n\n<hr class=\"wp-block-separator\"\/>\n\n\n\n<p>Planetarno poznati ekonomista Toma Piketi u ovoj omanjoj knjizi nam predstavlja sociopoliti\u010dki projekat o konkretnim merama protiv nejednakosti i rasizma. U njoj razra\u0111uje jasan, precizan i hitan odgovor na probleme rasne diskriminacije kako bi nam ponudio efikasan politi\u010dki protivotrov za talase antimigrantske mr\u017enje. Ova knjiga ima za cilj da na razumljiv i transparentan na\u010din uka\u017ee na stvarno postojanje antimigrantske diskriminacije u Francuskoj, jer nju isti\u010de kao pravi problem neegalitarnog sistema u toj zemlji, koja, na\u017ealost, nije izuzetak na globalnom nivou, naprotiv.<\/p>\n\n\n\n<hr class=\"wp-block-separator\"\/>\n\n\n\n<p><strong>Toma Piketi<\/strong> (Thomas Piketty, 1971), francuski je ekonomista \u010dije se delo fokusira na nejednakost u bogatstvu i prihodima. Studirao je matematiku i ekonomiju, a ve\u0107 sa 22 godine je doktorirao. Profesor je na presti\u017enim ustanovama <em>\u00c9cole des hautes \u00e9tudes en sciences sociales <\/em>(EHESS) i <em>\u00c9cole d\u2019\u00e9conomie de Paris<\/em>. Kodirektor je Svetskog istra\u017eiva\u010dkog centra za nejednakost (<em>World Inequality Lab<\/em>, WIL). Autor je nekoliko kapitalnih knjiga i brojnih nau\u010dnih \u010dlanaka. Najva\u017enija dela: <em>Kapital u XXI veku<\/em>, <em>Kapital i ideologija<\/em>,<em> Jedva \u010dekam socijalizam!<\/em>, <em>Kratka istorija jednakosti <\/em>i <em>Za sporazum o demokratizaciji Evrope <\/em>(koautori: Antoan Vo\u0161e, Gijom Sakrist i Stefani Enet). Njegova dela radikalno preispituju odnos izme\u0111u ekonomskog razvoja i nejednakosti koji je ustanovio Kuznec, i nagla\u0161avaju ulogu politi\u010dkih i poreskih institucija u istorijskom razvoju dohotka i raspodele bogatstva. Piketijeve knjige na srpskom jeziku objavljuje izdava\u010dka ku\u0107a Akademska knjiga.<\/p>\n\n\n\n<hr class=\"wp-block-separator\"\/>\n\n\n\n<p>Godina izdanja: 2023<\/p>\n\n\n\n<p>Pismo: latinica<\/p>\n\n\n\n<p>Broj stranica: 72 str.<\/p>\n\n\n\n<p>Pro\u010ditaj odlomak:<\/p>\n\n\n\n<figure class=\"wp-block-embed-wordpress wp-block-embed is-type-wp-embed is-provider-akademska-knjiga\"><div class=\"wp-block-embed__wrapper\">\n<blockquote class=\"wp-embedded-content\" data-secret=\"2QZI7On6tK\"><a href=\"https:\/\/akademskaknjiga.com\/katalog\/27173\">SAGLEDATI RAZMERE RASIZMA, POBEDITI DISKRIMINACIJU<\/a><\/blockquote><iframe loading=\"lazy\" class=\"wp-embedded-content\" sandbox=\"allow-scripts\" security=\"restricted\" style=\"position: absolute; clip: rect(1px, 1px, 1px, 1px);\" title=\"&#132;SAGLEDATI RAZMERE RASIZMA, POBEDITI DISKRIMINACIJU&#147; &#8212; Akademska knjiga\" src=\"https:\/\/akademskaknjiga.com\/katalog\/27173\/embed#?secret=VPEdKnZxSy#?secret=2QZI7On6tK\" data-secret=\"2QZI7On6tK\" width=\"600\" height=\"338\" frameborder=\"0\" marginwidth=\"0\" marginheight=\"0\" scrolling=\"no\"><\/iframe>\n<\/div><\/figure>\n\n\n\n<hr class=\"wp-block-separator\"\/>\n","protected":false},"excerpt":{"rendered":"","protected":false},"author":2,"featured_media":37704,"comment_status":"open","ping_status":"open","sticky":false,"template":"","format":"standard","meta":{"_acf_changed":false,"jetpack_post_was_ever_published":false,"_jetpack_newsletter_access":"","_jetpack_dont_email_post_to_subs":false,"_jetpack_newsletter_tier_id":0,"_jetpack_memberships_contains_paywalled_content":false,"_jetpack_memberships_contains_paid_content":false,"footnotes":"","jetpack_publicize_message":"","jetpack_publicize_feature_enabled":true,"jetpack_social_post_already_shared":true,"jetpack_social_options":{"image_generator_settings":{"template":"highway","default_image_id":0,"font":"","enabled":false},"version":2}},"categories":[8,3],"tags":[],"class_list":["post-37703","post","type-post","status-publish","format-standard","has-post-thumbnail","hentry","category-knjige","category-novosti"],"acf":{"facebook_opis":""},"jetpack_publicize_connections":[],"jetpack_featured_media_url":"https:\/\/i0.wp.com\/historiografija.hr\/wp-content\/uploads\/2023\/10\/Rasizam.png?fit=884%2C1353&ssl=1","jetpack_sharing_enabled":true,"jetpack-related-posts":[],"_links":{"self":[{"href":"https:\/\/historiografija.hr\/index.php?rest_route=\/wp\/v2\/posts\/37703","targetHints":{"allow":["GET"]}}],"collection":[{"href":"https:\/\/historiografija.hr\/index.php?rest_route=\/wp\/v2\/posts"}],"about":[{"href":"https:\/\/historiografija.hr\/index.php?rest_route=\/wp\/v2\/types\/post"}],"author":[{"embeddable":true,"href":"https:\/\/historiografija.hr\/index.php?rest_route=\/wp\/v2\/users\/2"}],"replies":[{"embeddable":true,"href":"https:\/\/historiografija.hr\/index.php?rest_route=%2Fwp%2Fv2%2Fcomments&post=37703"}],"version-history":[{"count":1,"href":"https:\/\/historiografija.hr\/index.php?rest_route=\/wp\/v2\/posts\/37703\/revisions"}],"predecessor-version":[{"id":37705,"href":"https:\/\/historiografija.hr\/index.php?rest_route=\/wp\/v2\/posts\/37703\/revisions\/37705"}],"wp:featuredmedia":[{"embeddable":true,"href":"https:\/\/historiografija.hr\/index.php?rest_route=\/wp\/v2\/media\/37704"}],"wp:attachment":[{"href":"https:\/\/historiografija.hr\/index.php?rest_route=%2Fwp%2Fv2%2Fmedia&parent=37703"}],"wp:term":[{"taxonomy":"category","embeddable":true,"href":"https:\/\/historiografija.hr\/index.php?rest_route=%2Fwp%2Fv2%2Fcategories&post=37703"},{"taxonomy":"post_tag","embeddable":true,"href":"https:\/\/historiografija.hr\/index.php?rest_route=%2Fwp%2Fv2%2Ftags&post=37703"}],"curies":[{"name":"wp","href":"https:\/\/api.w.org\/{rel}","templated":true}]}}