{"id":37700,"date":"2023-10-26T17:52:33","date_gmt":"2023-10-26T17:52:33","guid":{"rendered":"http:\/\/historiografija.hr\/?p=37700"},"modified":"2023-10-26T17:52:33","modified_gmt":"2023-10-26T17:52:33","slug":"predavanje-thomasa-pikettyja-kratka-povijest-jednakosti-i-seminar-o-knjizi-kapital-i-ideologija-u-beogradu","status":"publish","type":"post","link":"https:\/\/historiografija.hr\/?p=37700","title":{"rendered":"Predavanje Thomasa Pikettyja \u201eKratka povijest jednakosti\u201c i seminar o knjizi \u201eKapital i ideologija\u201c u Beogradu"},"content":{"rendered":"\n<p><strong>Toma Piketi \u0107e odr\u017eati predavanje prilikom primanja nagrade \u201eMiladin \u017divoti\u0107\u201d<\/strong><\/p>\n\n\n\n<p>Radujemo se da najavimo predavanje Tome Piketija pod naslovom \u201eKratka istorija jednakosti\u201c. Tim povodom, Toma Piketi \u0107e primiti Godi\u0161nju nagradu Instituta za filozofiju i dru\u0161tvenu teoriju \u201eMiladin \u017divoti\u0107\u201c za kriti\u010dki anga\u017eman.<\/p>\n\n\n\n<p>Moderator doga\u0111aja \u0107e biti Zona Zari\u0107 (IFDT).<\/p>\n\n\n\n<p>Doga\u0111aj organizuju Institut za filozofiju i dru\u0161tvenu teoriju, Akademska knjiga i Francuski institut u Srbiji (IFS), uz podr\u0161ku Kulturnog centra Beograda.<\/p>\n\n\n\n<p><strong>Toma Piketi<\/strong>&nbsp;je profesor na&nbsp;<em>\u00c9cole des hautes \u00e9tudes en sciences sociales<\/em>&nbsp;(EHESS) i&nbsp;<em>Pariskoj \u0161koli ekonomije<\/em>.<\/p>\n\n\n\n<p>Datum: 27. Oktobar 2023<\/p>\n\n\n\n<p>Vreme: 20:00<\/p>\n\n\n\n<p>Lokacija: Kulturni centar Beograda<\/p>\n\n\n\n<hr class=\"wp-block-separator\"\/>\n\n\n\n<p><strong>[Seminar o knjizi] Toma Piketi \u2013 Kapital i ideologija (CriticLab &amp; YugoLab)<\/strong><\/p>\n\n\n\n<p>Toma Piketi je autor nekoliko knjiga koje se bave kako istorijskim, tako i teorijskim analizama slo\u017eenog odnosa izme\u0111u ekonomskog razvoja i raspodele bogatstva. Njegova istra\u017eivanja su nau\u010dno prepoznata kroz objavljivanje u uglednim me\u0111unarodnim \u010dasopisima kao \u0161to su <em>Quarterly Journal of Economics, Journal of Political Economy, American Economic Review<\/em> i <em>Review of Economic Studies<\/em>. Ve\u0107 2012. godine, uticajni \u010dasopis Foreign Policy priznao je Piketijev ugled tako \u0161to ga je uklju\u010dio na svoju listu sto najuticajnih intelektualaca. Njegova knjiga \u201eKapital u XXI veku\u201c 2014. godine podstaknula je zna\u010dajnu javnu debatu na globalnom nivou. Sa preko 2,5 miliona prodatih kopija \u0161irom sveta (uklju\u010duju\u0107i gotovo 300.000 u Francuskoj, objavljena od strane izdava\u010dke ku\u0107e <em>Editions du Seuil<\/em>), knjiga je istovremeno bila predmet kriti\u010dkih, ali i pozitivnih recepcija, a primila je presti\u017ene nagrade kao \u0161to su <em>Petrarch Prize<\/em> i <em>British Academy Medal<\/em>. Dobitnik Nobelove nagrade za ekonomiju, Pol Krugman, tvrdi da \u201eKapital u XXI veku\u201c predstavlja \u201erevoluciju u na\u010dinu razumevanja dugoro\u010dnih trendova u nejednakosti\u201c (<em>New York Review of Books<\/em>) i smatra je zna\u010dajnim konkurentom za \u201eknjigu godine, i mo\u017eda decenije\u201c (The New York Times). Godine 2019. godine, profesor Piketi je objavio knjigu \u201eKapital i ideologija\u201c, koja predstavlja pro\u0161irenje i, odre\u0111enom smislu, produbljenje, njegovog prethodnog kapitalnog dela, nude\u0107i u njoj sveobuhvatan istorijski prikaz kretanja dru\u0161tvenih nejednakosti i percepcije koncepta vlasni\u0161tva na rali\u010ditim kontinentima i u razli\u010ditim kulturama, kao i kori\u0161\u0107ene ideolo\u0161ke okvire koji su ih istorijski opravdavali.<\/p>\n\n\n\n<p><strong>U\u010desnici seminara<\/strong>: Jayati Ghosh, Branko Milanovi\u0107, Duvoux Nicolas, <a href=\"https:\/\/ifdt.bg.ac.rs\/dt_team\/bojanic-petar\/\">Petar Bojani\u0107<\/a>, <a href=\"https:\/\/ifdt.bg.ac.rs\/dt_team\/pudar-drasko-gazela\/\">Gazela Pudar Dra\u0161ko<\/a>, Jelena \u017darkovi\u0107, <a href=\"https:\/\/ifdt.bg.ac.rs\/dt_team\/ivkovic-marjan\/\">Marjan Ivkovi\u0107<\/a>, Mihail Arandarenko, <a href=\"https:\/\/ifdt.bg.ac.rs\/dt_team\/mladenovic-ivica\/\">Ivica Mladenovi\u0107<\/a><\/p>\n\n\n\n<p><strong>Toma Piketi<\/strong> je profesor na <em>\u00c9cole des hautes \u00e9tudes en sciences sociales<\/em> (EHESS) i na <em>\u00c9cole d\u2019\u00e9conomie de Paris (Paris School of Economics)<\/em>.<\/p>\n\n\n\n<p>Datum: 28. Oktobar 2023<\/p>\n\n\n\n<p>Vreme: 18:00 &#8211; 20:00<\/p>\n\n\n\n<p>Lokacija: IFDT\/Online<\/p>\n\n\n\n<hr class=\"wp-block-separator\"\/>\n\n\n\n<p>Izvori:<\/p>\n\n\n\n<figure class=\"wp-block-embed-wordpress wp-block-embed is-type-wp-embed is-provider-institut-za-filozofiju-i-drustvenu-teoriju\"><div class=\"wp-block-embed__wrapper\">\n<blockquote class=\"wp-embedded-content\" data-secret=\"toRWZnYZN0\"><a href=\"https:\/\/ifdt.bg.ac.rs\/events\/toma-piketi-u-beogradu\/\">Toma Piketi \u0107e odr\u017eati predavanje prilikom primanja nagrade \u201eMiladin \u017divoti\u0107\u201d<\/a><\/blockquote><iframe loading=\"lazy\" class=\"wp-embedded-content\" sandbox=\"allow-scripts\" security=\"restricted\" style=\"position: absolute; clip: rect(1px, 1px, 1px, 1px);\" title=\"&#132;Toma Piketi \u0107e odr\u017eati predavanje prilikom primanja nagrade \u201eMiladin \u017divoti\u0107\u201d&#147; &#8212; INSTITUT ZA FILOZOFIJU I DRU\u0160TVENU TEORIJU\" src=\"https:\/\/ifdt.bg.ac.rs\/events\/toma-piketi-u-beogradu\/embed\/#?secret=UJ454yLZHN#?secret=toRWZnYZN0\" data-secret=\"toRWZnYZN0\" width=\"600\" height=\"338\" frameborder=\"0\" marginwidth=\"0\" marginheight=\"0\" scrolling=\"no\"><\/iframe>\n<\/div><\/figure>\n\n\n\n<figure class=\"wp-block-embed-wordpress wp-block-embed is-type-wp-embed is-provider-institut-za-filozofiju-i-drustvenu-teoriju\"><div class=\"wp-block-embed__wrapper\">\n<blockquote class=\"wp-embedded-content\" data-secret=\"c5p3vz7Hsv\"><a href=\"https:\/\/ifdt.bg.ac.rs\/events\/seminar-o-knjizi-kapital-i-ideologija\/\">[Seminar o knjizi] Toma Piketi &#8211; Kapital i ideologija (CriticLab &#038; YugoLab)<\/a><\/blockquote><iframe loading=\"lazy\" class=\"wp-embedded-content\" sandbox=\"allow-scripts\" security=\"restricted\" style=\"position: absolute; clip: rect(1px, 1px, 1px, 1px);\" title=\"&#132;[Seminar o knjizi] Toma Piketi &#8211; Kapital i ideologija (CriticLab &#038; YugoLab)&#147; &#8212; INSTITUT ZA FILOZOFIJU I DRU\u0160TVENU TEORIJU\" src=\"https:\/\/ifdt.bg.ac.rs\/events\/seminar-o-knjizi-kapital-i-ideologija\/embed\/#?secret=6lXcXrFyJd#?secret=c5p3vz7Hsv\" data-secret=\"c5p3vz7Hsv\" width=\"600\" height=\"338\" frameborder=\"0\" marginwidth=\"0\" marginheight=\"0\" scrolling=\"no\"><\/iframe>\n<\/div><\/figure>\n\n\n\n<figure class=\"wp-block-embed-wordpress wp-block-embed is-type-wp-embed is-provider-\u043a\u0443\u043b\u0442\u0443\u0440\u043d\u0438-\u0446\u0435\u043d\u0442\u0430\u0440-\u0431\u0435\u043e\u0433\u0440\u0430\u0434\u0430\"><div class=\"wp-block-embed__wrapper\">\n<blockquote class=\"wp-embedded-content\" data-secret=\"FqMnZVU5Zt\"><a href=\"https:\/\/www.kcb.org.rs\/2023\/10\/predavanje-tome-piketija\/\">\u041f\u0420\u0415\u0414\u0410\u0412\u0410\u040a\u0415 \u0422\u041e\u041c\u0415 \u041f\u0418\u041a\u0415\u0422\u0418\u0408\u0410<\/a><\/blockquote><iframe loading=\"lazy\" class=\"wp-embedded-content\" sandbox=\"allow-scripts\" security=\"restricted\" style=\"position: absolute; clip: rect(1px, 1px, 1px, 1px);\" title=\"&#8220;\u041f\u0420\u0415\u0414\u0410\u0412\u0410\u040a\u0415 \u0422\u041e\u041c\u0415 \u041f\u0418\u041a\u0415\u0422\u0418\u0408\u0410&#8221; &#8212; \u041a\u0443\u043b\u0442\u0443\u0440\u043d\u0438 \u0446\u0435\u043d\u0442\u0430\u0440 \u0411\u0435\u043e\u0433\u0440\u0430\u0434\u0430\" src=\"https:\/\/www.kcb.org.rs\/2023\/10\/predavanje-tome-piketija\/embed\/#?secret=T3dz7LzYnT#?secret=FqMnZVU5Zt\" data-secret=\"FqMnZVU5Zt\" width=\"600\" height=\"338\" frameborder=\"0\" marginwidth=\"0\" marginheight=\"0\" scrolling=\"no\"><\/iframe>\n<\/div><\/figure>\n\n\n\n<figure class=\"wp-block-embed-wordpress wp-block-embed is-type-wp-embed is-provider-akademska-knjiga\"><div class=\"wp-block-embed__wrapper\">\n<blockquote class=\"wp-embedded-content\" data-secret=\"GnEzQtF1sE\"><a href=\"https:\/\/akademskaknjiga.com\/predavanje-tome-piketija-27-oktobra-u-dvorani-kulturnog-centra-beograda\">PREDAVANJE TOME PIKETIJA 27. OKTOBRA U DVORANI KULTURNOG CENTRA BEOGRADA<\/a><\/blockquote><iframe loading=\"lazy\" class=\"wp-embedded-content\" sandbox=\"allow-scripts\" security=\"restricted\" style=\"position: absolute; clip: rect(1px, 1px, 1px, 1px);\" title=\"&#132;PREDAVANJE TOME PIKETIJA 27. OKTOBRA U DVORANI KULTURNOG CENTRA BEOGRADA&#147; &#8212; Akademska knjiga\" src=\"https:\/\/akademskaknjiga.com\/predavanje-tome-piketija-27-oktobra-u-dvorani-kulturnog-centra-beograda\/embed#?secret=JE2eMOGB1R#?secret=GnEzQtF1sE\" data-secret=\"GnEzQtF1sE\" width=\"600\" height=\"338\" frameborder=\"0\" marginwidth=\"0\" marginheight=\"0\" scrolling=\"no\"><\/iframe>\n<\/div><\/figure>\n\n\n\n<hr class=\"wp-block-separator\"\/>\n","protected":false},"excerpt":{"rendered":"","protected":false},"author":2,"featured_media":37701,"comment_status":"open","ping_status":"open","sticky":false,"template":"","format":"standard","meta":{"_acf_changed":false,"jetpack_post_was_ever_published":false,"_jetpack_newsletter_access":"","_jetpack_dont_email_post_to_subs":false,"_jetpack_newsletter_tier_id":0,"_jetpack_memberships_contains_paywalled_content":false,"_jetpack_memberships_contains_paid_content":false,"footnotes":"","jetpack_publicize_message":"","jetpack_publicize_feature_enabled":true,"jetpack_social_post_already_shared":true,"jetpack_social_options":{"image_generator_settings":{"template":"highway","default_image_id":0,"font":"","enabled":false},"version":2}},"categories":[3,9],"tags":[],"class_list":["post-37700","post","type-post","status-publish","format-standard","has-post-thumbnail","hentry","category-novosti","category-skupovi"],"acf":{"facebook_opis":""},"jetpack_publicize_connections":[],"jetpack_featured_media_url":"https:\/\/i0.wp.com\/historiografija.hr\/wp-content\/uploads\/2023\/10\/Predavanje-2023.jpg?fit=1707%2C960&ssl=1","jetpack_sharing_enabled":true,"jetpack-related-posts":[],"_links":{"self":[{"href":"https:\/\/historiografija.hr\/index.php?rest_route=\/wp\/v2\/posts\/37700","targetHints":{"allow":["GET"]}}],"collection":[{"href":"https:\/\/historiografija.hr\/index.php?rest_route=\/wp\/v2\/posts"}],"about":[{"href":"https:\/\/historiografija.hr\/index.php?rest_route=\/wp\/v2\/types\/post"}],"author":[{"embeddable":true,"href":"https:\/\/historiografija.hr\/index.php?rest_route=\/wp\/v2\/users\/2"}],"replies":[{"embeddable":true,"href":"https:\/\/historiografija.hr\/index.php?rest_route=%2Fwp%2Fv2%2Fcomments&post=37700"}],"version-history":[{"count":1,"href":"https:\/\/historiografija.hr\/index.php?rest_route=\/wp\/v2\/posts\/37700\/revisions"}],"predecessor-version":[{"id":37702,"href":"https:\/\/historiografija.hr\/index.php?rest_route=\/wp\/v2\/posts\/37700\/revisions\/37702"}],"wp:featuredmedia":[{"embeddable":true,"href":"https:\/\/historiografija.hr\/index.php?rest_route=\/wp\/v2\/media\/37701"}],"wp:attachment":[{"href":"https:\/\/historiografija.hr\/index.php?rest_route=%2Fwp%2Fv2%2Fmedia&parent=37700"}],"wp:term":[{"taxonomy":"category","embeddable":true,"href":"https:\/\/historiografija.hr\/index.php?rest_route=%2Fwp%2Fv2%2Fcategories&post=37700"},{"taxonomy":"post_tag","embeddable":true,"href":"https:\/\/historiografija.hr\/index.php?rest_route=%2Fwp%2Fv2%2Ftags&post=37700"}],"curies":[{"name":"wp","href":"https:\/\/api.w.org\/{rel}","templated":true}]}}