{"id":37692,"date":"2023-10-26T17:20:54","date_gmt":"2023-10-26T17:20:54","guid":{"rendered":"http:\/\/historiografija.hr\/?p=37692"},"modified":"2023-10-26T17:21:35","modified_gmt":"2023-10-26T17:21:35","slug":"cfp-kumstvo-moc-i-politika-od-16-do-21-stoljeca-parrainages-pouvoirs-et-politique-xvie-xxie-siecles-godparenthood-power-and-politics-from-the-sixteenth-to-the-twenty-first-century","status":"publish","type":"post","link":"https:\/\/historiografija.hr\/?p=37692","title":{"rendered":"CfP: Kumstvo, mo\u0107 i politika od 16. do 21. stolje\u0107a \/ Parrainages, pouvoirs et politique (XVIe-XXIe si\u00e8cles) \/ Godparenthood, Power and Politics from the Sixteenth to the Twenty-First Century"},"content":{"rendered":"\n<p>Call for papers for a workshop (journ\u00e9e d&#8217;\u00e9tudes) organized by the Patrinus network in Paris. <\/p>\n\n\n\n<p>The workshop will take place on June 13, 2024.\u00a0The topic of the workshop is: &#8220;Godparenthood, power and politics from the sixteenth to the twenty-first century&#8221;. The proposal can be submitted in English.<\/p>\n\n\n\n<hr class=\"wp-block-separator\"\/>\n\n\n\n<p><strong>Parrainages, pouvoirs et politique (XVIe-XXIe si\u00e8cles)<\/strong><br>Paris, 13 juin 2024<br>Date limite de l&#8217;appel : 15 novembre 2023<br>Comit\u00e9 scientifique : Tamara Gonz\u00e1lez L\u00f3pez, Universit\u00e9 de La Corogne ; Vincent Gourdon, CNRS-Centre Roland Mousnier ; Julien Muet, Sorbonne Universit\u00e9-CRM ; Isabelle Robin, Sorbonne-Universit\u00e9-CRM.<\/p>\n\n\n\n<div class=\"wp-block-file\"><a href=\"https:\/\/historiografija.hr\/wp-content\/uploads\/2023\/10\/ppp_appel_version_d\u00e9finitive.pdf\">ppp_appel_version_d\u00e9finitive<\/a><a href=\"https:\/\/historiografija.hr\/wp-content\/uploads\/2023\/10\/ppp_appel_version_d\u00e9finitive.pdf\" class=\"wp-block-file__button\" download>Preuzmi<\/a><\/div>\n\n\n\n<hr class=\"wp-block-separator\"\/>\n","protected":false},"excerpt":{"rendered":"","protected":false},"author":2,"featured_media":37694,"comment_status":"open","ping_status":"open","sticky":false,"template":"","format":"standard","meta":{"_acf_changed":false,"_jetpack_newsletter_access":"","_jetpack_dont_email_post_to_subs":false,"_jetpack_newsletter_tier_id":0,"_jetpack_memberships_contains_paywalled_content":false,"_jetpack_memberships_contains_paid_content":false,"footnotes":"","jetpack_publicize_message":"","jetpack_publicize_feature_enabled":true,"jetpack_social_post_already_shared":true,"jetpack_social_options":{"image_generator_settings":{"template":"highway","default_image_id":0,"font":"","enabled":false},"version":2},"jetpack_post_was_ever_published":false},"categories":[3,9],"tags":[],"class_list":["post-37692","post","type-post","status-publish","format-standard","has-post-thumbnail","hentry","category-novosti","category-skupovi"],"acf":{"facebook_opis":""},"jetpack_publicize_connections":[],"jetpack_featured_media_url":"https:\/\/i0.wp.com\/historiografija.hr\/wp-content\/uploads\/2023\/10\/Appel.jpg?fit=591%2C215&ssl=1","jetpack_sharing_enabled":true,"jetpack-related-posts":[{"id":52586,"url":"https:\/\/historiografija.hr\/?p=52586","url_meta":{"origin":37692,"position":0},"title":"Aur\u00e9lie Daher, \u201eHezbollah: Mobilisation and Power\u201c","author":"Branimir Jankovi\u0107","date":"22. travnja 2026.","format":false,"excerpt":"Morning Star \u2018Book of the Year\u2019 Social movement, liberation party or terrorist group? With Hezbollah\u2019s growing involvement in the war in Syria, this study of its impact on Lebanon, drawing heavily on first-hand interviews, could not be more timely. Description Almost forty years after its foundation, Hezbollah remains an enigma.\u2026","rel":"","context":"U &quot;Knjige&quot;","block_context":{"text":"Knjige","link":"https:\/\/historiografija.hr\/?cat=8"},"img":{"alt_text":"","src":"https:\/\/i0.wp.com\/historiografija.hr\/wp-content\/uploads\/2026\/04\/Daher-Hezbollah.jpg?fit=600%2C931&ssl=1&resize=350%2C200","width":350,"height":200,"srcset":"https:\/\/i0.wp.com\/historiografija.hr\/wp-content\/uploads\/2026\/04\/Daher-Hezbollah.jpg?fit=600%2C931&ssl=1&resize=350%2C200 1x, https:\/\/i0.wp.com\/historiografija.hr\/wp-content\/uploads\/2026\/04\/Daher-Hezbollah.jpg?fit=600%2C931&ssl=1&resize=525%2C300 1.5x"},"classes":[]},{"id":55011,"url":"https:\/\/historiografija.hr\/?p=55011","url_meta":{"origin":37692,"position":1},"title":"Jeffrey Andrew Barash, \u201eThe Politics of Historical Interpretation: Reflections on Ideology and the Perplexities of Political Myth\u201c","author":"Branimir Jankovi\u0107","date":"19. kolovoza 2026.","format":false,"excerpt":"This book focuses on political presuppositions animating modern historical reflection in Germany that underwent sharp radicalization in the post-World War I context of the Weimar Republic. It is in this context that a novel polemical use of political concepts, nourished by radical forms of reflection on the historical character of\u2026","rel":"","context":"U &quot;Knjige&quot;","block_context":{"text":"Knjige","link":"https:\/\/historiografija.hr\/?cat=8"},"img":{"alt_text":"","src":"https:\/\/i0.wp.com\/historiografija.hr\/wp-content\/uploads\/2026\/08\/The-Politics-of-Historical-Interpretation.jpg?fit=800%2C1189&ssl=1&resize=350%2C200","width":350,"height":200,"srcset":"https:\/\/i0.wp.com\/historiografija.hr\/wp-content\/uploads\/2026\/08\/The-Politics-of-Historical-Interpretation.jpg?fit=800%2C1189&ssl=1&resize=350%2C200 1x, https:\/\/i0.wp.com\/historiografija.hr\/wp-content\/uploads\/2026\/08\/The-Politics-of-Historical-Interpretation.jpg?fit=800%2C1189&ssl=1&resize=525%2C300 1.5x, https:\/\/i0.wp.com\/historiografija.hr\/wp-content\/uploads\/2026\/08\/The-Politics-of-Historical-Interpretation.jpg?fit=800%2C1189&ssl=1&resize=700%2C400 2x"},"classes":[]},{"id":52868,"url":"https:\/\/historiografija.hr\/?p=52868","url_meta":{"origin":37692,"position":2},"title":"Stephan Karl Sander-Faes, &#8220;Urban Elites of Zadar: Dalmatia and the Venetian Commonwealth (1540-1569)&#8221;","author":"Branimir Jankovi\u0107","date":"5. svibnja 2026.","format":false,"excerpt":"U Zagrebu \u0107e na Festivalu povijesti Kliofest 2026. biti predstavljena knjiga \"Urban Elites of Zadar: Dalmatia and the Venetian Commonwealth (1540-1569)\", \u010diji je autor Stephan Karl Sander-Faes. This book examines economic, geographical, and social mobility in the early modern Adriatic by focusing on the urban elites of Zadar during the\u2026","rel":"","context":"U &quot;Knjige&quot;","block_context":{"text":"Knjige","link":"https:\/\/historiografija.hr\/?cat=8"},"img":{"alt_text":"","src":"https:\/\/i0.wp.com\/historiografija.hr\/wp-content\/uploads\/2026\/05\/Zadar.jpg?fit=400%2C560&ssl=1&resize=350%2C200","width":350,"height":200},"classes":[]},{"id":53440,"url":"https:\/\/historiografija.hr\/?p=53440","url_meta":{"origin":37692,"position":3},"title":"Gis\u00e8le Sapiro, &#8220;Sociologija knji\u017eevnosti&#8221;","author":"Branimir Jankovi\u0107","date":"18. svibnja 2026.","format":false,"excerpt":"S francuskog prevela: Mirna Sindi\u010di\u0107 Sabljo Sociologija knji\u017eevnosti Gis\u00e8le Sapiro nudi uvod u znanstvenu disciplinu u sna\u017enom zamahu, koja se u zna\u010dajnoj mjeri oslanja na radove francuskoga sociologa Pierrea Bourdieua. Autorica u prvom poglavlju predstavlja povijest discipline i njezina teorijska upori\u0161ta, a potom zasebna poglavlja posve\u0107uje pitanjima dru\u0161tvenih uvjeta proizvodnje\u2026","rel":"","context":"U &quot;Knjige&quot;","block_context":{"text":"Knjige","link":"https:\/\/historiografija.hr\/?cat=8"},"img":{"alt_text":"","src":"https:\/\/i0.wp.com\/historiografija.hr\/wp-content\/uploads\/2026\/05\/Gisele-Sapiro-SOCIOLOGIJA-KNJIZEVNOSTI.jpg?fit=480%2C567&ssl=1&resize=350%2C200","width":350,"height":200},"classes":[]},{"id":53808,"url":"https:\/\/historiografija.hr\/?p=53808","url_meta":{"origin":37692,"position":4},"title":"&#8220;Trust and Mistrust in Premodern Europe and the Mediterranean&#8221;, eds. A.L. Hancock, I. Forrest","author":"Filip \u0160imunjak","date":"28. svibnja 2026.","format":false,"excerpt":"This volume uncovers the ways in which trust and mistrust affected people\u2019s lives in premodern Europe and the Mediterranean. Trust is a fundamental part of human relationships. It forms the basis of our connections with people and institutions in a variety of ways. But without reference to the great variety\u2026","rel":"","context":"U &quot;Knjige&quot;","block_context":{"text":"Knjige","link":"https:\/\/historiografija.hr\/?cat=8"},"img":{"alt_text":"","src":"https:\/\/i0.wp.com\/historiografija.hr\/wp-content\/uploads\/2026\/05\/Trust-and-mistrust-premodern-europe.webp?fit=596%2C905&ssl=1&resize=350%2C200","width":350,"height":200,"srcset":"https:\/\/i0.wp.com\/historiografija.hr\/wp-content\/uploads\/2026\/05\/Trust-and-mistrust-premodern-europe.webp?fit=596%2C905&ssl=1&resize=350%2C200 1x, https:\/\/i0.wp.com\/historiografija.hr\/wp-content\/uploads\/2026\/05\/Trust-and-mistrust-premodern-europe.webp?fit=596%2C905&ssl=1&resize=525%2C300 1.5x"},"classes":[]},{"id":54337,"url":"https:\/\/historiografija.hr\/?p=54337","url_meta":{"origin":37692,"position":5},"title":"Online-Lecture by Sophie Momzikoff: The Yugoslav Crisis and the Russian Place in the New European Architecture","author":"Branimir Jankovi\u0107","date":"26. lipnja 2026.","format":false,"excerpt":"01.07.2026 16:00 Uhr The aim of this presentation is to show how the Yugoslav crisis served as a test for Russia\u2019s place in the post-Cold War European order. Indeed, the wars in the former Yugoslavia began just as the Russian Federation was establishing strong ties with the West. When Yugoslavia\u2026","rel":"","context":"U &quot;Novosti&quot;","block_context":{"text":"Novosti","link":"https:\/\/historiografija.hr\/?cat=3"},"img":{"alt_text":"","src":"https:\/\/i0.wp.com\/historiografija.hr\/wp-content\/uploads\/2026\/06\/photo_sophie_momzikoff.jpeg?fit=300%2C300&ssl=1&resize=350%2C200","width":350,"height":200},"classes":[]}],"_links":{"self":[{"href":"https:\/\/historiografija.hr\/index.php?rest_route=\/wp\/v2\/posts\/37692","targetHints":{"allow":["GET"]}}],"collection":[{"href":"https:\/\/historiografija.hr\/index.php?rest_route=\/wp\/v2\/posts"}],"about":[{"href":"https:\/\/historiografija.hr\/index.php?rest_route=\/wp\/v2\/types\/post"}],"author":[{"embeddable":true,"href":"https:\/\/historiografija.hr\/index.php?rest_route=\/wp\/v2\/users\/2"}],"replies":[{"embeddable":true,"href":"https:\/\/historiografija.hr\/index.php?rest_route=%2Fwp%2Fv2%2Fcomments&post=37692"}],"version-history":[{"count":2,"href":"https:\/\/historiografija.hr\/index.php?rest_route=\/wp\/v2\/posts\/37692\/revisions"}],"predecessor-version":[{"id":37696,"href":"https:\/\/historiografija.hr\/index.php?rest_route=\/wp\/v2\/posts\/37692\/revisions\/37696"}],"wp:featuredmedia":[{"embeddable":true,"href":"https:\/\/historiografija.hr\/index.php?rest_route=\/wp\/v2\/media\/37694"}],"wp:attachment":[{"href":"https:\/\/historiografija.hr\/index.php?rest_route=%2Fwp%2Fv2%2Fmedia&parent=37692"}],"wp:term":[{"taxonomy":"category","embeddable":true,"href":"https:\/\/historiografija.hr\/index.php?rest_route=%2Fwp%2Fv2%2Fcategories&post=37692"},{"taxonomy":"post_tag","embeddable":true,"href":"https:\/\/historiografija.hr\/index.php?rest_route=%2Fwp%2Fv2%2Ftags&post=37692"}],"curies":[{"name":"wp","href":"https:\/\/api.w.org\/{rel}","templated":true}]}}