{"id":37689,"date":"2023-10-26T16:56:42","date_gmt":"2023-10-26T16:56:42","guid":{"rendered":"http:\/\/historiografija.hr\/?p=37689"},"modified":"2023-10-26T16:56:42","modified_gmt":"2023-10-26T16:56:42","slug":"predavanje-andree-bartoccia-i-medunarodni-kolokvij-uloga-crkve-u-obrazovanju-s-osobitim-naglaskom-na-zadar","status":"publish","type":"post","link":"https:\/\/historiografija.hr\/?p=37689","title":{"rendered":"Predavanje Andree Bartoccia i me\u0111unarodni kolokvij \u201cUloga Crkve u obrazovanju s osobitim naglaskom na Zadar\u201d"},"content":{"rendered":"\n<p>Teolo\u0161ko-katehetski odjel Sveu\u010dili\u0161ta u Zadru i Hrvatski institut za povijest Zagreb pozivaju na predavanje Andree Bartoccia \u201cO nastanku papinske bule Ite vos (1517.) pape Leona X: diplomatski pregovori i podjela franjeva\u010dkoga reda\u201d i me\u0111unarodni kolokvij &#8220;Uloga Crkve u obrazovanju s osobitim naglaskom na Zadar&#8221; u petak, 27. listopada 2023. u Sve\u010danoj dvorani Sveu\u010dili\u0161ta u Zadru u okviru projekta Hrvatske zaklade za znanost Moderne europske diplomacije i isto\u010dnojadranski prostor.<\/p>\n\n\n\n<hr class=\"wp-block-separator\"\/>\n\n\n\n<p>Program i vi\u0161e obavijesti:<\/p>\n\n\n\n<p><a href=\"https:\/\/www.unizd.hr\/obavijesti\/view\/predavanje-izv-prof-dr-sc-andree-bartoccia-sa-sveucilista-u-teramu\">https:\/\/www.unizd.hr\/obavijesti\/view\/predavanje-izv-prof-dr-sc-andree-bartoccia-sa-sveucilista-u-teramu<\/a><\/p>\n\n\n\n<p><a href=\"https:\/\/www.unizd.hr\/obavijesti\/view\/uloga-crkve-u-obrazovanju-s-osobitim-naglaskom-na-zadar\">https:\/\/www.unizd.hr\/obavijesti\/view\/uloga-crkve-u-obrazovanju-s-osobitim-naglaskom-na-zadar<\/a><\/p>\n\n\n\n<p><a href=\"http:\/\/www.isp.hr\/27-10-2023-poziv-na-predavanje-prof-bartoccija-i-na-medunarodni-kolokvij-uloga-crkve-u-obrazovanju-s-osobitim-naglaskom-na-zadar\/\">http:\/\/www.isp.hr\/27-10-2023-poziv-na-predavanje-prof-bartoccija-i-na-medunarodni-kolokvij-uloga-crkve-u-obrazovanju-s-osobitim-naglaskom-na-zadar\/<\/a><\/p>\n\n\n\n<hr class=\"wp-block-separator\"\/>\n","protected":false},"excerpt":{"rendered":"","protected":false},"author":2,"featured_media":37690,"comment_status":"open","ping_status":"open","sticky":false,"template":"","format":"standard","meta":{"_acf_changed":false,"jetpack_post_was_ever_published":false,"_jetpack_newsletter_access":"","_jetpack_dont_email_post_to_subs":false,"_jetpack_newsletter_tier_id":0,"_jetpack_memberships_contains_paywalled_content":false,"_jetpack_memberships_contains_paid_content":false,"footnotes":"","jetpack_publicize_message":"","jetpack_publicize_feature_enabled":true,"jetpack_social_post_already_shared":true,"jetpack_social_options":{"image_generator_settings":{"template":"highway","default_image_id":0,"font":"","enabled":false},"version":2}},"categories":[3,9],"tags":[],"class_list":["post-37689","post","type-post","status-publish","format-standard","has-post-thumbnail","hentry","category-novosti","category-skupovi"],"acf":{"facebook_opis":""},"jetpack_publicize_connections":[],"jetpack_featured_media_url":"https:\/\/i0.wp.com\/historiografija.hr\/wp-content\/uploads\/2023\/10\/POZIVNICA-kolokvij.jpg?fit=800%2C450&ssl=1","jetpack_sharing_enabled":true,"jetpack-related-posts":[],"_links":{"self":[{"href":"https:\/\/historiografija.hr\/index.php?rest_route=\/wp\/v2\/posts\/37689","targetHints":{"allow":["GET"]}}],"collection":[{"href":"https:\/\/historiografija.hr\/index.php?rest_route=\/wp\/v2\/posts"}],"about":[{"href":"https:\/\/historiografija.hr\/index.php?rest_route=\/wp\/v2\/types\/post"}],"author":[{"embeddable":true,"href":"https:\/\/historiografija.hr\/index.php?rest_route=\/wp\/v2\/users\/2"}],"replies":[{"embeddable":true,"href":"https:\/\/historiografija.hr\/index.php?rest_route=%2Fwp%2Fv2%2Fcomments&post=37689"}],"version-history":[{"count":1,"href":"https:\/\/historiografija.hr\/index.php?rest_route=\/wp\/v2\/posts\/37689\/revisions"}],"predecessor-version":[{"id":37691,"href":"https:\/\/historiografija.hr\/index.php?rest_route=\/wp\/v2\/posts\/37689\/revisions\/37691"}],"wp:featuredmedia":[{"embeddable":true,"href":"https:\/\/historiografija.hr\/index.php?rest_route=\/wp\/v2\/media\/37690"}],"wp:attachment":[{"href":"https:\/\/historiografija.hr\/index.php?rest_route=%2Fwp%2Fv2%2Fmedia&parent=37689"}],"wp:term":[{"taxonomy":"category","embeddable":true,"href":"https:\/\/historiografija.hr\/index.php?rest_route=%2Fwp%2Fv2%2Fcategories&post=37689"},{"taxonomy":"post_tag","embeddable":true,"href":"https:\/\/historiografija.hr\/index.php?rest_route=%2Fwp%2Fv2%2Ftags&post=37689"}],"curies":[{"name":"wp","href":"https:\/\/api.w.org\/{rel}","templated":true}]}}