{"id":37686,"date":"2023-10-26T16:45:16","date_gmt":"2023-10-26T16:45:16","guid":{"rendered":"http:\/\/historiografija.hr\/?p=37686"},"modified":"2023-10-26T16:45:16","modified_gmt":"2023-10-26T16:45:16","slug":"izlozba-nasi-nostri-povijest-nogometa-u-puli","status":"publish","type":"post","link":"https:\/\/historiografija.hr\/?p=37686","title":{"rendered":"Izlo\u017eba \u201cNa\u0161i: Nostri \u2013 povijest nogometa u Puli\u201d"},"content":{"rendered":"\n<p>U \u010detvrtak, 26. listopada 2023., s po\u010detkom u 18 sati u Povijesnom i pomorskom muzeju Istre u Puli (Gradinski uspon 6) otvorit \u0107e se izlo\u017eba \u201cNa\u0161i: Nostri \u2013 povijest nogometa u Puli\u201d.<\/p>\n\n\n\n<p><a href=\"https:\/\/ipd-ssi.hr\/wp-content\/uploads\/2023\/10\/Pozivnica-7.pdf\">Pozivnica<\/a><\/p>\n\n\n\n<hr class=\"wp-block-separator\"\/>\n\n\n\n<p>Izvor:<\/p>\n\n\n\n<figure class=\"wp-block-embed-wordpress wp-block-embed is-type-wp-embed is-provider-istarsko-povijesno-drustvo-societa-storica-istriana\"><div class=\"wp-block-embed__wrapper\">\n<blockquote class=\"wp-embedded-content\" data-secret=\"ANsmMhZ1r3\"><a href=\"https:\/\/ipd-ssi.hr\/2023\/10\/25\/otvorenje-izlozbe-nasi-nostri-povijest-nogometa-u-puli\/\">Otvorenje izlo\u017ebe &#8220;Na\u0161i: Nostri &#8211; povijest nogometa u Puli&#8221;<\/a><\/blockquote><iframe loading=\"lazy\" class=\"wp-embedded-content\" sandbox=\"allow-scripts\" security=\"restricted\" style=\"position: absolute; clip: rect(1px, 1px, 1px, 1px);\" title=\"&#8220;Otvorenje izlo\u017ebe &#8220;Na\u0161i: Nostri &#8211; povijest nogometa u Puli&#8221;&#8221; &#8212; Istarsko povijesno dru\u0161tvo - Societ\u00e0 Storica Istriana\" src=\"https:\/\/ipd-ssi.hr\/2023\/10\/25\/otvorenje-izlozbe-nasi-nostri-povijest-nogometa-u-puli\/embed\/#?secret=HJcm4LttBy#?secret=ANsmMhZ1r3\" data-secret=\"ANsmMhZ1r3\" width=\"600\" height=\"338\" frameborder=\"0\" marginwidth=\"0\" marginheight=\"0\" scrolling=\"no\"><\/iframe>\n<\/div><\/figure>\n\n\n\n<hr class=\"wp-block-separator\"\/>\n","protected":false},"excerpt":{"rendered":"","protected":false},"author":2,"featured_media":37687,"comment_status":"open","ping_status":"open","sticky":false,"template":"","format":"standard","meta":{"_acf_changed":false,"jetpack_post_was_ever_published":false,"_jetpack_newsletter_access":"","_jetpack_dont_email_post_to_subs":false,"_jetpack_newsletter_tier_id":0,"_jetpack_memberships_contains_paywalled_content":false,"_jetpack_memberships_contains_paid_content":false,"footnotes":"","jetpack_publicize_message":"","jetpack_publicize_feature_enabled":true,"jetpack_social_post_already_shared":true,"jetpack_social_options":{"image_generator_settings":{"template":"highway","default_image_id":0,"font":"","enabled":false},"version":2}},"categories":[10,3],"tags":[],"class_list":["post-37686","post","type-post","status-publish","format-standard","has-post-thumbnail","hentry","category-izlozbe","category-novosti"],"acf":{"facebook_opis":""},"jetpack_publicize_connections":[],"jetpack_featured_media_url":"https:\/\/i0.wp.com\/historiografija.hr\/wp-content\/uploads\/2023\/10\/POZIVNICA_Nasi_Nostri.jpg?fit=700%2C441&ssl=1","jetpack_sharing_enabled":true,"jetpack-related-posts":[],"_links":{"self":[{"href":"https:\/\/historiografija.hr\/index.php?rest_route=\/wp\/v2\/posts\/37686","targetHints":{"allow":["GET"]}}],"collection":[{"href":"https:\/\/historiografija.hr\/index.php?rest_route=\/wp\/v2\/posts"}],"about":[{"href":"https:\/\/historiografija.hr\/index.php?rest_route=\/wp\/v2\/types\/post"}],"author":[{"embeddable":true,"href":"https:\/\/historiografija.hr\/index.php?rest_route=\/wp\/v2\/users\/2"}],"replies":[{"embeddable":true,"href":"https:\/\/historiografija.hr\/index.php?rest_route=%2Fwp%2Fv2%2Fcomments&post=37686"}],"version-history":[{"count":1,"href":"https:\/\/historiografija.hr\/index.php?rest_route=\/wp\/v2\/posts\/37686\/revisions"}],"predecessor-version":[{"id":37688,"href":"https:\/\/historiografija.hr\/index.php?rest_route=\/wp\/v2\/posts\/37686\/revisions\/37688"}],"wp:featuredmedia":[{"embeddable":true,"href":"https:\/\/historiografija.hr\/index.php?rest_route=\/wp\/v2\/media\/37687"}],"wp:attachment":[{"href":"https:\/\/historiografija.hr\/index.php?rest_route=%2Fwp%2Fv2%2Fmedia&parent=37686"}],"wp:term":[{"taxonomy":"category","embeddable":true,"href":"https:\/\/historiografija.hr\/index.php?rest_route=%2Fwp%2Fv2%2Fcategories&post=37686"},{"taxonomy":"post_tag","embeddable":true,"href":"https:\/\/historiografija.hr\/index.php?rest_route=%2Fwp%2Fv2%2Ftags&post=37686"}],"curies":[{"name":"wp","href":"https:\/\/api.w.org\/{rel}","templated":true}]}}