{"id":37682,"date":"2023-10-25T17:34:05","date_gmt":"2023-10-25T17:34:05","guid":{"rendered":"http:\/\/historiografija.hr\/?p=37682"},"modified":"2023-10-25T17:34:38","modified_gmt":"2023-10-25T17:34:38","slug":"dejan-jovic-uvod-u-jugoslaviju","status":"publish","type":"post","link":"https:\/\/historiografija.hr\/?p=37682","title":{"rendered":"Dejan Jovi\u0107, \u201eUvod u Jugoslaviju\u201c"},"content":{"rendered":"\n<p>Nijedan doga\u0111aj u povijesti nije do\u017eivio tako raznolika, proturje\u010dna i suprotstavljena tuma\u010denja kao raspad Jugoslavije. Potpuna odsutnost konsenzusa, znanstvenog, publicisti\u010dkog, \u017eurnalisti\u010dkog i kolokvijalnog, svakodnevnog, jednako prevladava i kada je rije\u010d o samoj jugoslavenskoj dr\u017eavi. Knjiga Dejana Jovi\u0107a <em>Uvod u Jugoslaviju<\/em> u tu polemiku, u tu kakofoniju narativa, u tu nepotrebnu strast, u taj (zapravo) politi\u010dki sukob unosi smirenost Argumenta. Utoliko je Jovi\u0107ev <em>Uvod u Jugoslaviju<\/em> svojevrsni reset dosada\u0161njih interpretacija, nadajmo se i reset percepcija jednog va\u017enog poglavlja hrvatske (jasno, ne samo hrvatske) povijesti. Mnogi \u0107e <em>Uvod u Jugoslaviju<\/em> do\u017eivjeti kao provokaciju. Iako je provokacija po\u017eeljna u svakom civiliziranom i intelektualno zrelom dru\u0161tvu, ova knjiga to ipak nije. Ona je poziv na smirenu raspravu, li\u0161enu strasti i predrasuda. Smirena, argumentirana rasprava nije samo su\u0161tina demokracije, ona je demokracija sama, Hrvatskoj, upravo na temu Jugoslavije, potrebnija nego ikad. Zato ni \u201cuvod\u201d u naslovu nije slu\u010dajan.<\/p>\n\n\n\n<hr class=\"wp-block-separator\"\/>\n\n\n\n<p>Datum izdanja: listopad 2023.<\/p>\n\n\n\n<p>Broj stranica: 496<\/p>\n\n\n\n<hr class=\"wp-block-separator\"\/>\n\n\n\n<p>Izvor:<\/p>\n\n\n\n<p><a href=\"https:\/\/fraktura.hr\/uvod-u-jugoslaviju.html\">https:\/\/fraktura.hr\/uvod-u-jugoslaviju.html<\/a><\/p>\n\n\n\n<hr class=\"wp-block-separator\"\/>\n\n\n\n<p>Obavijest je objavljena i na portalu <strong>Historiografija.ba<\/strong>:<\/p>\n\n\n\n<p><a href=\"https:\/\/historiografija.ba\/article.php?id=1983\">https:\/\/historiografija.ba\/article.php?id=1983<\/a><\/p>\n\n\n\n<hr class=\"wp-block-separator\"\/>\n","protected":false},"excerpt":{"rendered":"","protected":false},"author":2,"featured_media":37683,"comment_status":"open","ping_status":"open","sticky":false,"template":"","format":"standard","meta":{"_acf_changed":false,"jetpack_post_was_ever_published":false,"_jetpack_newsletter_access":"","_jetpack_dont_email_post_to_subs":false,"_jetpack_newsletter_tier_id":0,"_jetpack_memberships_contains_paywalled_content":false,"_jetpack_memberships_contains_paid_content":false,"footnotes":"","jetpack_publicize_message":"","jetpack_publicize_feature_enabled":true,"jetpack_social_post_already_shared":true,"jetpack_social_options":{"image_generator_settings":{"template":"highway","default_image_id":0,"font":"","enabled":false},"version":2}},"categories":[8,3],"tags":[],"class_list":["post-37682","post","type-post","status-publish","format-standard","has-post-thumbnail","hentry","category-knjige","category-novosti"],"acf":{"facebook_opis":""},"jetpack_publicize_connections":[],"jetpack_featured_media_url":"https:\/\/i0.wp.com\/historiografija.hr\/wp-content\/uploads\/2023\/10\/uvod_u_jugoslaviju.jpg?fit=401%2C610&ssl=1","jetpack_sharing_enabled":true,"jetpack-related-posts":[],"_links":{"self":[{"href":"https:\/\/historiografija.hr\/index.php?rest_route=\/wp\/v2\/posts\/37682","targetHints":{"allow":["GET"]}}],"collection":[{"href":"https:\/\/historiografija.hr\/index.php?rest_route=\/wp\/v2\/posts"}],"about":[{"href":"https:\/\/historiografija.hr\/index.php?rest_route=\/wp\/v2\/types\/post"}],"author":[{"embeddable":true,"href":"https:\/\/historiografija.hr\/index.php?rest_route=\/wp\/v2\/users\/2"}],"replies":[{"embeddable":true,"href":"https:\/\/historiografija.hr\/index.php?rest_route=%2Fwp%2Fv2%2Fcomments&post=37682"}],"version-history":[{"count":2,"href":"https:\/\/historiografija.hr\/index.php?rest_route=\/wp\/v2\/posts\/37682\/revisions"}],"predecessor-version":[{"id":37685,"href":"https:\/\/historiografija.hr\/index.php?rest_route=\/wp\/v2\/posts\/37682\/revisions\/37685"}],"wp:featuredmedia":[{"embeddable":true,"href":"https:\/\/historiografija.hr\/index.php?rest_route=\/wp\/v2\/media\/37683"}],"wp:attachment":[{"href":"https:\/\/historiografija.hr\/index.php?rest_route=%2Fwp%2Fv2%2Fmedia&parent=37682"}],"wp:term":[{"taxonomy":"category","embeddable":true,"href":"https:\/\/historiografija.hr\/index.php?rest_route=%2Fwp%2Fv2%2Fcategories&post=37682"},{"taxonomy":"post_tag","embeddable":true,"href":"https:\/\/historiografija.hr\/index.php?rest_route=%2Fwp%2Fv2%2Ftags&post=37682"}],"curies":[{"name":"wp","href":"https:\/\/api.w.org\/{rel}","templated":true}]}}