{"id":37672,"date":"2023-10-25T16:35:39","date_gmt":"2023-10-25T16:35:39","guid":{"rendered":"http:\/\/historiografija.hr\/?p=37672"},"modified":"2023-10-25T16:35:39","modified_gmt":"2023-10-25T16:35:39","slug":"21-festival-prvih-revizija-4-jugoslovenski-socijalizam-i-zensko-pitanje-na-filmu","status":"publish","type":"post","link":"https:\/\/historiografija.hr\/?p=37672","title":{"rendered":"21. Festival prvih: RE:VIZIJA #4 \u2013 Jugoslovenski socijalizam i \u017eensko pitanje na filmu"},"content":{"rendered":"\n<p>Datum: 27.10.2023.<\/p>\n\n\n\n<p>Vrijeme: 19:00 &#8211; 20:00&nbsp;&nbsp;<\/p>\n\n\n\n<p>Mjesto: Dokukino KIC, Preradovi\u0107eva 5, Zagreb<\/p>\n\n\n\n<hr class=\"wp-block-separator\"\/>\n\n\n\n<p>Provo\u0111enjem formalne i diskurzivne analize filmskog materijala i jezika, predavanja-performansi umetni\u010dkog dua Doplgenger kreiranjem filmsko-monta\u017enih nizova izvode i i\u0161\u010ditavaju blokove slika jugoslavenske kinematografije kao dokumente i projekcije socijalisti\u010dkog dru\u0161tva. Performativno predavanje Doplgengera ukazuje na napu\u0161tanje ideje \u017eenske emancipacije, koja je prisutna u filmovima do po\u010detka \u0161ezdesetih, i na sve prisutniju retradicionalizaciju dru\u0161tva.<\/p>\n\n\n\n<hr class=\"wp-block-separator\"\/>\n\n\n\n<p><em>Program financijski podr\u017eava Zaklada Kultura nova u okviru projekta Mre\u017ea izvedbenih umjetnosti 2023.<\/em><\/p>\n\n\n\n<hr class=\"wp-block-separator\"\/>\n\n\n\n<p>Izvor: <\/p>\n\n\n\n<p><a href=\"https:\/\/dokukino.net\/film\/21-festival-prvih-revizija-4-jugoslovenski-socijalizam-i-zensko-pitanje-na-filmu\/\">https:\/\/dokukino.net\/film\/21-festival-prvih-revizija-4-jugoslovenski-socijalizam-i-zensko-pitanje-na-filmu\/<\/a><\/p>\n\n\n\n<hr class=\"wp-block-separator\"\/>\n","protected":false},"excerpt":{"rendered":"","protected":false},"author":2,"featured_media":37673,"comment_status":"open","ping_status":"open","sticky":false,"template":"","format":"standard","meta":{"_acf_changed":false,"jetpack_post_was_ever_published":false,"_jetpack_newsletter_access":"","_jetpack_dont_email_post_to_subs":false,"_jetpack_newsletter_tier_id":0,"_jetpack_memberships_contains_paywalled_content":false,"_jetpack_memberships_contains_paid_content":false,"footnotes":"","jetpack_publicize_message":"","jetpack_publicize_feature_enabled":true,"jetpack_social_post_already_shared":true,"jetpack_social_options":{"image_generator_settings":{"template":"highway","default_image_id":0,"font":"","enabled":false},"version":2}},"categories":[13,3],"tags":[],"class_list":["post-37672","post","type-post","status-publish","format-standard","has-post-thumbnail","hentry","category-filmovi-i-serije","category-novosti"],"acf":{"facebook_opis":""},"jetpack_publicize_connections":[],"jetpack_featured_media_url":"https:\/\/i0.wp.com\/historiografija.hr\/wp-content\/uploads\/2023\/10\/Festival_prvih.jpg?fit=600%2C900&ssl=1","jetpack_sharing_enabled":true,"jetpack-related-posts":[],"_links":{"self":[{"href":"https:\/\/historiografija.hr\/index.php?rest_route=\/wp\/v2\/posts\/37672","targetHints":{"allow":["GET"]}}],"collection":[{"href":"https:\/\/historiografija.hr\/index.php?rest_route=\/wp\/v2\/posts"}],"about":[{"href":"https:\/\/historiografija.hr\/index.php?rest_route=\/wp\/v2\/types\/post"}],"author":[{"embeddable":true,"href":"https:\/\/historiografija.hr\/index.php?rest_route=\/wp\/v2\/users\/2"}],"replies":[{"embeddable":true,"href":"https:\/\/historiografija.hr\/index.php?rest_route=%2Fwp%2Fv2%2Fcomments&post=37672"}],"version-history":[{"count":1,"href":"https:\/\/historiografija.hr\/index.php?rest_route=\/wp\/v2\/posts\/37672\/revisions"}],"predecessor-version":[{"id":37674,"href":"https:\/\/historiografija.hr\/index.php?rest_route=\/wp\/v2\/posts\/37672\/revisions\/37674"}],"wp:featuredmedia":[{"embeddable":true,"href":"https:\/\/historiografija.hr\/index.php?rest_route=\/wp\/v2\/media\/37673"}],"wp:attachment":[{"href":"https:\/\/historiografija.hr\/index.php?rest_route=%2Fwp%2Fv2%2Fmedia&parent=37672"}],"wp:term":[{"taxonomy":"category","embeddable":true,"href":"https:\/\/historiografija.hr\/index.php?rest_route=%2Fwp%2Fv2%2Fcategories&post=37672"},{"taxonomy":"post_tag","embeddable":true,"href":"https:\/\/historiografija.hr\/index.php?rest_route=%2Fwp%2Fv2%2Ftags&post=37672"}],"curies":[{"name":"wp","href":"https:\/\/api.w.org\/{rel}","templated":true}]}}