{"id":37669,"date":"2023-10-25T16:20:59","date_gmt":"2023-10-25T16:20:59","guid":{"rendered":"http:\/\/historiografija.hr\/?p=37669"},"modified":"2023-10-25T16:20:59","modified_gmt":"2023-10-25T16:20:59","slug":"luka-filipovic-evrokomunizam-i-jugoslavija-1968-1980","status":"publish","type":"post","link":"https:\/\/historiografija.hr\/?p=37669","title":{"rendered":"Luka Filipovi\u0107, \u201eEVROKOMUNIZAM I JUGOSLAVIJA 1968\u20131980\u201c"},"content":{"rendered":"\n<p>Knjiga Luke Filipovi\u0107a <em>Evrokomunizam i Jugoslavija 1968\u20131980<\/em> nastala je kao ishod teorijski vo\u0111enog istorijskog istra\u017eivanja, i kao takva predstavlja retkost u doma\u0107oj istoriografiji. Utoliko je va\u017enije da se ovakvom pristupu otvori prostor i ponudi zaslu\u017eena intelektualna pa\u017enja. Najve\u0107i deo monografije Evrokomunizam i Jugoslavija 1968\u20131980 prezentuje rezultate istra\u017eivanja arhivske gra\u0111e i drugih istorijskih izvora, ali autor se bavi i pozicioniranjem istorijske evolucije marksisti\u010dkih ideologija u kontekst dru\u0161tvenih i politi\u010dkih promena u zemljama Mediterana tokom \u0161ezdesetih, sedamdesetih i osamdesetih godina XX veka. Tako\u0111e, knjiga Luke Filipovi\u0107a postavlja nova pitanja o sli\u010dnostima i razlikama koje se mogu uo\u010diti izme\u0111u kretanja marksisti\u010dke misli i razvoja politi\u010dke prakse komunisti\u010dkih partija u dr\u017eavama Zapadne Evrope i, sa druge strane, evolucije partijske ideologije jugoslovenskih komunista i reformi partijskih politika Saveza komunista, kao i dr\u017eavnih politika SFRJ. Navedene tendencije Luka Filipovi\u0107 poku\u0161ava da dovede u vezu sa zna\u010dajnim promenama dru\u0161tvene stvarnosti u SFRJ i u Evropi.<\/p>\n\n\n\n<p>Prof. dr Jovo Baki\u0107<\/p>\n\n\n\n<hr class=\"wp-block-separator\"\/>\n\n\n\n<p><strong>O autoru<\/strong><\/p>\n\n\n\n<p>Luka Filipovi\u0107 ro\u0111en je 1995. godine u U\u017eicu. Osnovne i master akademske studije zavr\u0161io je na Filozofskom fakultetu Univerziteta u Beogradu, odbraniv\u0161i teze koje su se bavile trajnim posledicama neoliberalnih reformi u zemljama Zapadne Evrope. Objavio je vi\u0161e nau\u010dnih radova i \u010dlanaka iz oblasti istorije radni\u010dkih pokreta, pobuna i \u0161trajkova, evolucije partijskih ideologija i razvoja odnosa marksisti\u010dkih partija Evrope i sveta. Doktorsku disertaciju odbranio je 25. 1. 2023. godine na Odeljenju za istoriju Filozofskog fakulteta, i tako postao jedan od najmla\u0111ih doktora nauka u istoriji Univerziteta u Beogradu. Osvojio je brojne medalje na takmi\u010denjima u ma\u010devanju.<\/p>\n\n\n\n<hr class=\"wp-block-separator\"\/>\n\n\n\n<p>Godina izdanja: 2023<\/p>\n\n\n\n<p>Pismo: latinica<\/p>\n\n\n\n<p>Broj stranica: 584 str.<\/p>\n\n\n\n<p>Pro\u010ditaj odlomak:<\/p>\n\n\n\n<figure class=\"wp-block-embed-wordpress wp-block-embed is-type-wp-embed is-provider-akademska-knjiga\"><div class=\"wp-block-embed__wrapper\">\n<blockquote class=\"wp-embedded-content\" data-secret=\"FbGpADyoPK\"><a href=\"https:\/\/akademskaknjiga.com\/katalog\/evrokomunizam-i-jugoslavija-1968-1980\">EVROKOMUNIZAM I JUGOSLAVIJA 1968\u20131980<\/a><\/blockquote><iframe loading=\"lazy\" class=\"wp-embedded-content\" sandbox=\"allow-scripts\" security=\"restricted\" style=\"position: absolute; clip: rect(1px, 1px, 1px, 1px);\" title=\"&#132;EVROKOMUNIZAM I JUGOSLAVIJA 1968\u20131980&#147; &#8212; Akademska knjiga\" src=\"https:\/\/akademskaknjiga.com\/katalog\/evrokomunizam-i-jugoslavija-1968-1980\/embed#?secret=sOkS0USvCb#?secret=FbGpADyoPK\" data-secret=\"FbGpADyoPK\" width=\"600\" height=\"338\" frameborder=\"0\" marginwidth=\"0\" marginheight=\"0\" scrolling=\"no\"><\/iframe>\n<\/div><\/figure>\n\n\n\n<hr class=\"wp-block-separator\"\/>\n\n\n\n<p>Obavijest je objavljena i na portalu <strong>Historiografija.ba<\/strong>:<\/p>\n\n\n\n<p><a href=\"https:\/\/historiografija.ba\/article.php?id=1975\">https:\/\/historiografija.ba\/article.php?id=1975<\/a><\/p>\n\n\n\n<hr class=\"wp-block-separator\"\/>\n","protected":false},"excerpt":{"rendered":"","protected":false},"author":2,"featured_media":37670,"comment_status":"open","ping_status":"open","sticky":false,"template":"","format":"standard","meta":{"_acf_changed":false,"jetpack_post_was_ever_published":false,"_jetpack_newsletter_access":"","_jetpack_dont_email_post_to_subs":false,"_jetpack_newsletter_tier_id":0,"_jetpack_memberships_contains_paywalled_content":false,"_jetpack_memberships_contains_paid_content":false,"footnotes":"","jetpack_publicize_message":"","jetpack_publicize_feature_enabled":true,"jetpack_social_post_already_shared":true,"jetpack_social_options":{"image_generator_settings":{"template":"highway","default_image_id":0,"font":"","enabled":false},"version":2}},"categories":[8,3],"tags":[],"class_list":["post-37669","post","type-post","status-publish","format-standard","has-post-thumbnail","hentry","category-knjige","category-novosti"],"acf":{"facebook_opis":""},"jetpack_publicize_connections":[],"jetpack_featured_media_url":"https:\/\/i0.wp.com\/historiografija.hr\/wp-content\/uploads\/2023\/10\/Evrokomunizam.jpg?fit=450%2C450&ssl=1","jetpack_sharing_enabled":true,"jetpack-related-posts":[],"_links":{"self":[{"href":"https:\/\/historiografija.hr\/index.php?rest_route=\/wp\/v2\/posts\/37669","targetHints":{"allow":["GET"]}}],"collection":[{"href":"https:\/\/historiografija.hr\/index.php?rest_route=\/wp\/v2\/posts"}],"about":[{"href":"https:\/\/historiografija.hr\/index.php?rest_route=\/wp\/v2\/types\/post"}],"author":[{"embeddable":true,"href":"https:\/\/historiografija.hr\/index.php?rest_route=\/wp\/v2\/users\/2"}],"replies":[{"embeddable":true,"href":"https:\/\/historiografija.hr\/index.php?rest_route=%2Fwp%2Fv2%2Fcomments&post=37669"}],"version-history":[{"count":1,"href":"https:\/\/historiografija.hr\/index.php?rest_route=\/wp\/v2\/posts\/37669\/revisions"}],"predecessor-version":[{"id":37671,"href":"https:\/\/historiografija.hr\/index.php?rest_route=\/wp\/v2\/posts\/37669\/revisions\/37671"}],"wp:featuredmedia":[{"embeddable":true,"href":"https:\/\/historiografija.hr\/index.php?rest_route=\/wp\/v2\/media\/37670"}],"wp:attachment":[{"href":"https:\/\/historiografija.hr\/index.php?rest_route=%2Fwp%2Fv2%2Fmedia&parent=37669"}],"wp:term":[{"taxonomy":"category","embeddable":true,"href":"https:\/\/historiografija.hr\/index.php?rest_route=%2Fwp%2Fv2%2Fcategories&post=37669"},{"taxonomy":"post_tag","embeddable":true,"href":"https:\/\/historiografija.hr\/index.php?rest_route=%2Fwp%2Fv2%2Ftags&post=37669"}],"curies":[{"name":"wp","href":"https:\/\/api.w.org\/{rel}","templated":true}]}}