{"id":37666,"date":"2023-10-25T16:12:10","date_gmt":"2023-10-25T16:12:10","guid":{"rendered":"http:\/\/historiografija.hr\/?p=37666"},"modified":"2023-10-25T16:12:10","modified_gmt":"2023-10-25T16:12:10","slug":"frank-georgi-samoupravljanje-u-izgradnji-francuska-levica-i-jugoslovenski-model-1948-1981","status":"publish","type":"post","link":"https:\/\/historiografija.hr\/?p=37666","title":{"rendered":"Frank Georgi, \u201eSAMOUPRAVLJANJE U IZGRADNJI. Francuska levica i jugoslovenski \u201emodel\u201d (1948\u20131981)\u201c"},"content":{"rendered":"\n<p>Preveo s francuskog: Veljko Stani\u0107<\/p>\n\n\n\n<hr class=\"wp-block-separator\"\/>\n\n\n\n<p>Pedeset pet godina nakon pobune u maju 1968. godine, ova knjiga se vra\u0107a na jednu od najsimboli\u010dnijih utopija tog prole\u0107a na barikadama: samoupravljanje. Tokom vi\u0161e od jedne decenije re\u010d koja je dugo bila na marginama dolazi u sredi\u0161te debata francuske levice. Ona ulazi u programe partija i sindikata, pothranjuje razmi\u0161ljanja i snove o jednom druga\u010dijem socijalizmu, zasnovanom na integralnoj demokratiji, po\u010dev od preduze\u0107a pa sve do \u010ditavog dru\u0161tva. Uobli\u010dava se prilikom \u0161trajka radnika fabrike \u201eLip\u201c 1973. godine da bi u predve\u010derje izbora Fransoa Miterana u maju 1981. godine do\u0161lo do zastoja. U proteklih nekoliko godina, ova ideja se ponovo pojavljuje kao mogu\u0107i odgovor na stranputice savremenog kapitalizma.<\/p>\n\n\n\n<p>Samoupravljanje, me\u0111utim, nije proizi\u0161lo tako opremljeno iz ma\u0161te francuskih studenata i radnika u groznici majskih dana. \u201eSamoupravni socijalizam\u201c nastao je drugde, u zemlji koja vi\u0161e ne postoji, i njegovo preno\u0161enje u Francusku pripada jednom kulturnom transferu. Re\u010d kao i sama pojava vra\u0107aju nas jedinstvenom iskustvu zapo\u010detom u komunisti\u010dkoj Jugoslaviji mar\u0161ala Tita dvadeset godina ranije, odmah po raskidu sa Staljinom. Razumeti njegovu pojavu i opadanje u Francuskoj tokom tri decenije podrazumeva da se napi\u0161e istorija jugoslovenskog \u201emodela\u201c, danas zaboravljenog, kao i njegove recepcije u redovima francuske levice.<\/p>\n\n\n\n<hr class=\"wp-block-separator\"\/>\n\n\n\n<p><strong>O autoru<\/strong><\/p>\n\n\n\n<p>Frank \u017dor\u017ei (Frank Georgi), profesor savremene istorije na Univerzitetu Evry Paris-Saclay. Specijalizovao se za istoriju sindikalizma, dru\u0161tvenih pokreta i politi\u010dke levice. Njegovaposlednja istra\u017eivanja fokusirana su na me\u0111unarodnu istoriju demokratije na radnom mestu. Najzna\u010dajnije knjige: <em>CFDT: identitet pod znakom pitanja<\/em> (<em>CFDT : l\u2019identit\u00e9 en questions, <\/em>2014) i <em>Samoupravljanje u izgradnji<\/em> (<em>L\u2019autogestion en chantier<\/em>, 2018). Urednik je zbornika <em>Samoupravljanje: poslednja utopija?<\/em> (<em>Autogestion, la derni\u00e8re utopie?,<\/em> 2003).<\/p>\n\n\n\n<hr class=\"wp-block-separator\"\/>\n\n\n\n<p>Godina izdanja: 2023<\/p>\n\n\n\n<p>Pismo: latinica<\/p>\n\n\n\n<p>Broj stranica: 544 str.<\/p>\n\n\n\n<p>Pro\u010ditaj odlomak:<\/p>\n\n\n\n<p><a href=\"https:\/\/akademskaknjiga.com\/katalog\/samoupravljanje-u-izgradnji-francuska-levica-i-jugoslovenski-model-1948-1981\">https:\/\/akademskaknjiga.com\/katalog\/samoupravljanje-u-izgradnji-francuska-levica-i-jugoslovenski-model-1948-1981<\/a><\/p>\n\n\n\n<hr class=\"wp-block-separator\"\/>\n\n\n\n<p>Obavijest je objavljena i na portalu <strong>Historiografija.ba<\/strong>:<\/p>\n\n\n\n<p><a href=\"https:\/\/historiografija.ba\/article.php?id=1981\">https:\/\/historiografija.ba\/article.php?id=1981<\/a><\/p>\n\n\n\n<hr class=\"wp-block-separator\"\/>\n","protected":false},"excerpt":{"rendered":"","protected":false},"author":2,"featured_media":37667,"comment_status":"open","ping_status":"open","sticky":false,"template":"","format":"standard","meta":{"_acf_changed":false,"jetpack_post_was_ever_published":false,"_jetpack_newsletter_access":"","_jetpack_dont_email_post_to_subs":false,"_jetpack_newsletter_tier_id":0,"_jetpack_memberships_contains_paywalled_content":false,"_jetpack_memberships_contains_paid_content":false,"footnotes":"","jetpack_publicize_message":"","jetpack_publicize_feature_enabled":true,"jetpack_social_post_already_shared":true,"jetpack_social_options":{"image_generator_settings":{"template":"highway","default_image_id":0,"font":"","enabled":false},"version":2}},"categories":[8,3],"tags":[],"class_list":["post-37666","post","type-post","status-publish","format-standard","has-post-thumbnail","hentry","category-knjige","category-novosti"],"acf":{"facebook_opis":""},"jetpack_publicize_connections":[],"jetpack_featured_media_url":"https:\/\/i0.wp.com\/historiografija.hr\/wp-content\/uploads\/2023\/10\/Samoupravljanje.png?fit=450%2C675&ssl=1","jetpack_sharing_enabled":true,"jetpack-related-posts":[],"_links":{"self":[{"href":"https:\/\/historiografija.hr\/index.php?rest_route=\/wp\/v2\/posts\/37666","targetHints":{"allow":["GET"]}}],"collection":[{"href":"https:\/\/historiografija.hr\/index.php?rest_route=\/wp\/v2\/posts"}],"about":[{"href":"https:\/\/historiografija.hr\/index.php?rest_route=\/wp\/v2\/types\/post"}],"author":[{"embeddable":true,"href":"https:\/\/historiografija.hr\/index.php?rest_route=\/wp\/v2\/users\/2"}],"replies":[{"embeddable":true,"href":"https:\/\/historiografija.hr\/index.php?rest_route=%2Fwp%2Fv2%2Fcomments&post=37666"}],"version-history":[{"count":1,"href":"https:\/\/historiografija.hr\/index.php?rest_route=\/wp\/v2\/posts\/37666\/revisions"}],"predecessor-version":[{"id":37668,"href":"https:\/\/historiografija.hr\/index.php?rest_route=\/wp\/v2\/posts\/37666\/revisions\/37668"}],"wp:featuredmedia":[{"embeddable":true,"href":"https:\/\/historiografija.hr\/index.php?rest_route=\/wp\/v2\/media\/37667"}],"wp:attachment":[{"href":"https:\/\/historiografija.hr\/index.php?rest_route=%2Fwp%2Fv2%2Fmedia&parent=37666"}],"wp:term":[{"taxonomy":"category","embeddable":true,"href":"https:\/\/historiografija.hr\/index.php?rest_route=%2Fwp%2Fv2%2Fcategories&post=37666"},{"taxonomy":"post_tag","embeddable":true,"href":"https:\/\/historiografija.hr\/index.php?rest_route=%2Fwp%2Fv2%2Ftags&post=37666"}],"curies":[{"name":"wp","href":"https:\/\/api.w.org\/{rel}","templated":true}]}}