{"id":37654,"date":"2023-10-24T16:08:32","date_gmt":"2023-10-24T16:08:32","guid":{"rendered":"http:\/\/historiografija.hr\/?p=37654"},"modified":"2023-10-24T16:11:05","modified_gmt":"2023-10-24T16:11:05","slug":"promocija-knjiga-socijalizam-na-kucnom-pragu-mjesna-zajednica-i-svakodnevica-drustvenog-samoupravljanja-u-jugoslaviji-i-mikrosocijalizam-mikrostrukture-jugoslavenskoga-soc","status":"publish","type":"post","link":"https:\/\/historiografija.hr\/?p=37654","title":{"rendered":"Promocija knjiga \u201cSocijalizam na ku\u0107nom pragu\u201d i \u201cMikrosocijalizam\u201d u Sarajevu"},"content":{"rendered":"\n<p>Centar za historijska istra\u017eivanja (CeHiS) u saradnji sa Udru\u017eenjem za modernu historiju (UMHIS) najavljuje promociju dvije knjige \u201cSocijalizam na ku\u0107nom pragu. Mjesna zajednica i svakodnevica dru\u0161tvenog samoupravljanja u Jugoslaviji\u201d (autor prof.dr.Igor Duda) i \u201cMikrosocijalizam. Mikrostrukture jugoslavenskoga socijalizma u Hrvatskoj 1970-ih i 1980-ih\u201d (ur. prof.dr. Igor Duda).<\/p>\n\n\n\n<p>O knjigama, koje je objavila izdava\u010dka ku\u0107a \u201cSrednja Europa\u201d iz Zagreba, pored autora govorit \u0107e promotori: akad.prof. dr. Husnija Kamberovi\u0107 (Univerzitetu u Sarajevu &#8211; Filozofski fakultet, Odsjek za historiju) i dr. Edin Omer\u010di\u0107 (Univerzitet u Sarajevu \u2013 Institut za historiju). Moderator promocije prof. dr. Amra \u0160a\u010di\u0107 Be\u0107a (Univerzitetu u Sarajevu &#8211; Filozofski fakultet, Odsjek za historiju).<\/p>\n\n\n\n<p>Promocija \u0107e biti odr\u017eana u \u010detvrtak 26.10.2023. u malom amfiteataru (sala 30) na Univerzitetu u Sarajevu &#8211; Filozofski fakultet u 14 sati.<\/p>\n\n\n\n<hr class=\"wp-block-separator\"\/>\n\n\n\n<p>Izvori:<\/p>\n\n\n\n<p><a href=\"https:\/\/historiografija.ba\/article.php?id=1978\">https:\/\/historiografija.ba\/article.php?id=1978<\/a><\/p>\n\n\n\n<p><a href=\"https:\/\/ff.unsa.ba\/index.php\/bs\/naucnoistrazivacki-rad-bs\/dogadaji\/17772-promocija-knjiga-i-predavanje-prof-dr-igora-dude-na-univerzitetu-u-sarajevu-filozofski-fakultet\">https:\/\/ff.unsa.ba\/index.php\/bs\/naucnoistrazivacki-rad-bs\/dogadaji\/17772-promocija-knjiga-i-predavanje-prof-dr-igora-dude-na-univerzitetu-u-sarajevu-filozofski-fakultet<\/a><\/p>\n\n\n\n<hr class=\"wp-block-separator\"\/>\n","protected":false},"excerpt":{"rendered":"","protected":false},"author":2,"featured_media":37655,"comment_status":"open","ping_status":"open","sticky":false,"template":"","format":"standard","meta":{"_acf_changed":false,"_jetpack_newsletter_access":"","_jetpack_dont_email_post_to_subs":false,"_jetpack_newsletter_tier_id":0,"_jetpack_memberships_contains_paywalled_content":false,"_jetpack_memberships_contains_paid_content":false,"footnotes":"","jetpack_publicize_message":"","jetpack_publicize_feature_enabled":true,"jetpack_social_post_already_shared":true,"jetpack_social_options":{"image_generator_settings":{"template":"highway","default_image_id":0,"font":"","enabled":false},"version":2},"jetpack_post_was_ever_published":false},"categories":[3],"tags":[],"class_list":["post-37654","post","type-post","status-publish","format-standard","has-post-thumbnail","hentry","category-novosti"],"acf":{"facebook_opis":""},"jetpack_publicize_connections":[],"jetpack_featured_media_url":"https:\/\/i0.wp.com\/historiografija.hr\/wp-content\/uploads\/2023\/10\/Igor_Duda_promocija-scaled.jpg?fit=1808%2C2560&ssl=1","jetpack_sharing_enabled":true,"jetpack-related-posts":[{"id":53930,"url":"https:\/\/historiografija.hr\/?p=53930","url_meta":{"origin":37654,"position":0},"title":"Promocija knjige &#8220;Artists at War: Narratives, Visual Arts and the Siege of Sarajevo&#8221; u Sarajevu","author":"Branimir Jankovi\u0107","date":"8. lipnja 2026.","format":false,"excerpt":"Akademija likovnih umjetnosti Univerziteta u Sarajevu organizira promociju knjige Artists at War: Narratives, Visual Arts and the Siege of Sarajevo (Palgrave Macmillan, 2025) \u010dija je autorica Ewa Anna Kumelowski. Knjiga objedinjuje doktorsko istra\u017eivanje posve\u0107eno vizuelnim umjetnostima u periodu opsade Sarajeva (1992-1995). O knjizi \u0107e govoriti Xavier Bougarel, Ewa Anna Kumelowski,\u2026","rel":"","context":"U &quot;Novosti&quot;","block_context":{"text":"Novosti","link":"https:\/\/historiografija.hr\/?cat=3"},"img":{"alt_text":"","src":"https:\/\/i0.wp.com\/historiografija.hr\/wp-content\/uploads\/2026\/06\/Artists.jpg?fit=864%2C507&ssl=1&resize=350%2C200","width":350,"height":200,"srcset":"https:\/\/i0.wp.com\/historiografija.hr\/wp-content\/uploads\/2026\/06\/Artists.jpg?fit=864%2C507&ssl=1&resize=350%2C200 1x, https:\/\/i0.wp.com\/historiografija.hr\/wp-content\/uploads\/2026\/06\/Artists.jpg?fit=864%2C507&ssl=1&resize=525%2C300 1.5x, https:\/\/i0.wp.com\/historiografija.hr\/wp-content\/uploads\/2026\/06\/Artists.jpg?fit=864%2C507&ssl=1&resize=700%2C400 2x"},"classes":[]},{"id":54646,"url":"https:\/\/historiografija.hr\/?p=54646","url_meta":{"origin":37654,"position":1},"title":"Novi broj \u010dasopisa \u201ePRILOZI\u201c (br. 54, 2025)","author":"Branimir Jankovi\u0107","date":"17. srpnja 2026.","format":false,"excerpt":"Institut za historiju Univerziteta u Sarajevu objavio je 54. broj \u010dasopisa \u201ePrilozi\u201c, koji je u cijelosti dostupan na stranici Instituta za historiju Univerziteta u Sarajevu. Op\u0161irnije: https:\/\/prilozi.iis.unsa.ba\/prilozi-br-54-2025\/ Dodatne obavijesti: https:\/\/historiografija.ba\/casopisi\/bosna-i-hercegovina\/objavljen-je-br-54-casopisa-prilozi-instituta-za-historiju","rel":"","context":"U &quot;\u010casopisi&quot;","block_context":{"text":"\u010casopisi","link":"https:\/\/historiografija.hr\/?cat=21"},"img":{"alt_text":"","src":"https:\/\/i0.wp.com\/historiografija.hr\/wp-content\/uploads\/2026\/07\/prilozi-instituta-za-historiju-54.jpg?fit=450%2C665&ssl=1&resize=350%2C200","width":350,"height":200},"classes":[]},{"id":54643,"url":"https:\/\/historiografija.hr\/?p=54643","url_meta":{"origin":37654,"position":2},"title":"Objavljen 12. broj \u010dasopisa Radovi Filozofskog fakulteta u Sarajevu (Historija, Historija umjetnosti, Arheologija)","author":"Branimir Jankovi\u0107","date":"17. srpnja 2026.","format":false,"excerpt":"Novi broj \u010dasopisa Radovi Filozofskog fakulteta u Sarajevu tematski je posve\u0107en 75. obljetnici osnivanja Odsjeka za historiju, najstarije visoko\u0161kolske institucije ove vrste u Bosni i Hercegovini. Za razliku od uobi\u010dajenih izdanja fokusiranih na u\u017ei kronolo\u0161ki okvir, ovaj broj okuplja radove alumnija Odsjeka s ciljem prikaza suvremenih istra\u017eiva\u010dkih dosega i institucionalnog\u2026","rel":"","context":"U &quot;\u010casopisi&quot;","block_context":{"text":"\u010casopisi","link":"https:\/\/historiografija.hr\/?cat=21"},"img":{"alt_text":"","src":"https:\/\/i0.wp.com\/historiografija.hr\/wp-content\/uploads\/2026\/07\/radovi-ff-2025.jpg?fit=550%2C422&ssl=1&resize=350%2C200","width":350,"height":200,"srcset":"https:\/\/i0.wp.com\/historiografija.hr\/wp-content\/uploads\/2026\/07\/radovi-ff-2025.jpg?fit=550%2C422&ssl=1&resize=350%2C200 1x, https:\/\/i0.wp.com\/historiografija.hr\/wp-content\/uploads\/2026\/07\/radovi-ff-2025.jpg?fit=550%2C422&ssl=1&resize=525%2C300 1.5x"},"classes":[]},{"id":53451,"url":"https:\/\/historiografija.hr\/?p=53451","url_meta":{"origin":37654,"position":3},"title":"Promocija knjige Edina Omer\u010di\u0107a &#8220;Brzina mraka. Politi\u010dka djelatnost Srpske pravoslavne crkve u Bosni i Hercegovini od 1989. do 1996.&#8221; u Beogradu","author":"Branimir Jankovi\u0107","date":"18. svibnja 2026.","format":false,"excerpt":"Muzej 90-ih organizuje 20. maja 2026. u 19h promociju knjige istori\u010dara Edina Omer\u010di\u0107a (Institut za historiju u Sarajevu) Brzina mraka. Politi\u010dka djelatnost Srpske pravoslavne crkve u Bosni i Hercegovini od 1989. do 1996. Knjiga se bavi ulogom Srpske pravoslavne crkve u prelomnim godinama jugoslovenske krize i ratova devedesetih, sa posebnim\u2026","rel":"","context":"U &quot;Novosti&quot;","block_context":{"text":"Novosti","link":"https:\/\/historiografija.hr\/?cat=3"},"img":{"alt_text":"","src":"https:\/\/i0.wp.com\/historiografija.hr\/wp-content\/uploads\/2026\/05\/omercic-brzina-mraka-promocija-beograd.jpg?fit=949%2C497&ssl=1&resize=350%2C200","width":350,"height":200,"srcset":"https:\/\/i0.wp.com\/historiografija.hr\/wp-content\/uploads\/2026\/05\/omercic-brzina-mraka-promocija-beograd.jpg?fit=949%2C497&ssl=1&resize=350%2C200 1x, https:\/\/i0.wp.com\/historiografija.hr\/wp-content\/uploads\/2026\/05\/omercic-brzina-mraka-promocija-beograd.jpg?fit=949%2C497&ssl=1&resize=525%2C300 1.5x, https:\/\/i0.wp.com\/historiografija.hr\/wp-content\/uploads\/2026\/05\/omercic-brzina-mraka-promocija-beograd.jpg?fit=949%2C497&ssl=1&resize=700%2C400 2x"},"classes":[]},{"id":54649,"url":"https:\/\/historiografija.hr\/?p=54649","url_meta":{"origin":37654,"position":4},"title":"Objavljen je 24. broj \u010dasopisa &#8220;Historijska traganja&#8221; (2025)","author":"Branimir Jankovi\u0107","date":"17. srpnja 2026.","format":false,"excerpt":"Institut za \u00a0historiju Univerziteta u Sarajevu objavio je 24. broj \u010dasopisa Historijska traganja. U ovom broju je objavljeno ukupno deset \u010dlanaka (od toga sedam u tematskom bloku Znanje pod nadzorom: ideologije, dru\u0161tvo i mo\u0107). Tu je i rubrika Gra\u0111a u kojoj su objavljena pisma \u0161to ih je Vejsil \u0106ur\u010di\u0107 pisao\u2026","rel":"","context":"U &quot;\u010casopisi&quot;","block_context":{"text":"\u010casopisi","link":"https:\/\/historiografija.hr\/?cat=21"},"img":{"alt_text":"","src":"https:\/\/i0.wp.com\/historiografija.hr\/wp-content\/uploads\/2026\/07\/historijska-traganja-24-2025.jpg?fit=450%2C650&ssl=1&resize=350%2C200","width":350,"height":200},"classes":[]},{"id":53206,"url":"https:\/\/historiografija.hr\/?p=53206","url_meta":{"origin":37654,"position":5},"title":"Predavanje Olge Pelcer-Vuja\u010di\u0107 &#8220;Izme\u0111u planina i mora: nastanak gradova i gradske elite u rimskoj provinciji Dalmaciji&#8221; u Sarajevu","author":"Branimir Jankovi\u0107","date":"13. svibnja 2026.","format":false,"excerpt":"Centar za historijska istra\u017eivanja (CeHiS) Filozofskog fakulteta Univerziteta u Sarajevu organizira predavanje pod naslovom \"Izme\u0111u planina i mora: nastanak gradova i gradske elite u rimskoj provinciji Dalmaciji\". Predavanje \u0107e odr\u017eati dr. sc. Olga Pelcer-Vuja\u010di\u0107, vi\u0161a nau\u010dna saradnica u Istorijskom institutu Univerziteta Crne Gore. Izlaganje je posve\u0107eno procesima urbanizacije i formiranja\u2026","rel":"","context":"U &quot;Novosti&quot;","block_context":{"text":"Novosti","link":"https:\/\/historiografija.hr\/?cat=3"},"img":{"alt_text":"","src":"https:\/\/i0.wp.com\/historiografija.hr\/wp-content\/uploads\/2026\/05\/cehis-predavanje-olga.jpg?fit=847%2C1200&ssl=1&resize=350%2C200","width":350,"height":200,"srcset":"https:\/\/i0.wp.com\/historiografija.hr\/wp-content\/uploads\/2026\/05\/cehis-predavanje-olga.jpg?fit=847%2C1200&ssl=1&resize=350%2C200 1x, https:\/\/i0.wp.com\/historiografija.hr\/wp-content\/uploads\/2026\/05\/cehis-predavanje-olga.jpg?fit=847%2C1200&ssl=1&resize=525%2C300 1.5x, https:\/\/i0.wp.com\/historiografija.hr\/wp-content\/uploads\/2026\/05\/cehis-predavanje-olga.jpg?fit=847%2C1200&ssl=1&resize=700%2C400 2x"},"classes":[]}],"_links":{"self":[{"href":"https:\/\/historiografija.hr\/index.php?rest_route=\/wp\/v2\/posts\/37654","targetHints":{"allow":["GET"]}}],"collection":[{"href":"https:\/\/historiografija.hr\/index.php?rest_route=\/wp\/v2\/posts"}],"about":[{"href":"https:\/\/historiografija.hr\/index.php?rest_route=\/wp\/v2\/types\/post"}],"author":[{"embeddable":true,"href":"https:\/\/historiografija.hr\/index.php?rest_route=\/wp\/v2\/users\/2"}],"replies":[{"embeddable":true,"href":"https:\/\/historiografija.hr\/index.php?rest_route=%2Fwp%2Fv2%2Fcomments&post=37654"}],"version-history":[{"count":3,"href":"https:\/\/historiografija.hr\/index.php?rest_route=\/wp\/v2\/posts\/37654\/revisions"}],"predecessor-version":[{"id":37658,"href":"https:\/\/historiografija.hr\/index.php?rest_route=\/wp\/v2\/posts\/37654\/revisions\/37658"}],"wp:featuredmedia":[{"embeddable":true,"href":"https:\/\/historiografija.hr\/index.php?rest_route=\/wp\/v2\/media\/37655"}],"wp:attachment":[{"href":"https:\/\/historiografija.hr\/index.php?rest_route=%2Fwp%2Fv2%2Fmedia&parent=37654"}],"wp:term":[{"taxonomy":"category","embeddable":true,"href":"https:\/\/historiografija.hr\/index.php?rest_route=%2Fwp%2Fv2%2Fcategories&post=37654"},{"taxonomy":"post_tag","embeddable":true,"href":"https:\/\/historiografija.hr\/index.php?rest_route=%2Fwp%2Fv2%2Ftags&post=37654"}],"curies":[{"name":"wp","href":"https:\/\/api.w.org\/{rel}","templated":true}]}}