{"id":37651,"date":"2023-10-24T15:59:30","date_gmt":"2023-10-24T15:59:30","guid":{"rendered":"http:\/\/historiografija.hr\/?p=37651"},"modified":"2023-10-30T16:58:03","modified_gmt":"2023-10-30T16:58:03","slug":"preminula-natalie-zemon-davis","status":"publish","type":"post","link":"https:\/\/historiografija.hr\/?p=37651","title":{"rendered":"Preminula Natalie Zemon Davis"},"content":{"rendered":"\n<p>U 94. godini preminula je istaknuta povjesni\u010darka Natalie Zemon Davis (1928-2023) koja je imala veliki utjecaj na suvremenu historiografiju otvaraju\u0107i je prema novim temama i pristupima te propituju\u0107i njezine granice. Na hrvatski jezik prevedena je njezina poznata knjiga \u201ePovratak Martina Guerrea\u201c i nekoliko tekstova u knjizi razgovora \u201ePutuju\u0107i izme\u0111u centra i margina. Dijalog s povodom 4\u201c (Natalie Zemon Davis &amp; Nikolina i Filip \u0160imetin \u0160egvi\u0107), zatim \u010dlanak &#8220;\u00bbVladavina \u017eena\u00ab: simboli\u010dka inverzija spolova i politi\u010dki nemiri u Evropi na po\u010detku industrijskog doba&#8221; (Gordogan, 22, 1986), kao i razgovor u knjizi Andreje Feldman \u201ePovijesno gledamo: razgovori s povjesni\u010darima\u201c.<\/p>\n\n\n\n<hr class=\"wp-block-separator\"\/>\n\n\n\n<p>Putuju\u0107i izme\u0111u centra i margina<\/p>\n\n\n\n<p><a href=\"http:\/\/ckhis.ffzg.unizg.hr\/hr\/virtualna-knjiznica\/dijalog-s-povodom\">http:\/\/ckhis.ffzg.unizg.hr\/hr\/virtualna-knjiznica\/dijalog-s-povodom<\/a><\/p>\n\n\n\n<hr class=\"wp-block-separator\"\/>\n\n\n\n<p>Mikrohistorija i Natalie Zemon Davis<\/p>\n\n\n\n<p><a href=\"https:\/\/hrcak.srce.hr\/84887\">https:\/\/hrcak.srce.hr\/84887<\/a><\/p>\n\n\n\n<hr class=\"wp-block-separator\"\/>\n\n\n\n<p>\u2018Bila je zatravljena sudbinom prognanika iz muslimanske \u0160panjolske koji se dovinuo do diplomacije, ali i piratskih otmica i slu\u017eenja papi\u2018<\/p>\n\n\n\n<p><a href=\"https:\/\/www.jutarnji.hr\/kultura\/knjizevnost\/bila-je-zatravljena-sudbinom-prognanika-iz-muslimanske-spanjolske-koji-se-dovinuo-do-diplomacije-ali-i-piratskih-otmica-i-sluzenja-papi-15389414\">https:\/\/www.jutarnji.hr\/kultura\/knjizevnost\/bila-je-zatravljena-sudbinom-prognanika-iz-muslimanske-spanjolske-koji-se-dovinuo-do-diplomacije-ali-i-piratskih-otmica-i-sluzenja-papi-15389414<\/a><\/p>\n\n\n\n<hr class=\"wp-block-separator\"\/>\n\n\n\n<p>Umrla je Natalie Zemon Davis<\/p>\n\n\n\n<p><a href=\"https:\/\/historiografija.ba\/article.php?id=1979\">https:\/\/historiografija.ba\/article.php?id=1979<\/a><\/p>\n\n\n\n<hr class=\"wp-block-separator\"\/>\n\n\n\n<p>Natalie Zemon Davis, Historian of the Marginalized, Dies at 94<\/p>\n\n\n\n<p><a href=\"https:\/\/www.nytimes.com\/2023\/10\/23\/books\/natalie-zemon-davis-dead.html\">https:\/\/www.nytimes.com\/2023\/10\/23\/books\/natalie-zemon-davis-dead.html<\/a><\/p>\n\n\n\n<hr class=\"wp-block-separator\"\/>\n\n\n\n<p>Natalie Zemon Davis passes away<\/p>\n\n\n\n<figure class=\"wp-block-embed-wordpress wp-block-embed is-type-wp-embed is-provider-medievalists-net\"><div class=\"wp-block-embed__wrapper\">\n<blockquote class=\"wp-embedded-content\" data-secret=\"KkfAmFNs7J\"><a href=\"https:\/\/www.medievalists.net\/2023\/10\/natalie-zemon-davis-passes-away\/\">Natalie Zemon Davis passes away<\/a><\/blockquote><iframe loading=\"lazy\" class=\"wp-embedded-content\" sandbox=\"allow-scripts\" security=\"restricted\" style=\"position: absolute; clip: rect(1px, 1px, 1px, 1px);\" title=\"&#8220;Natalie Zemon Davis passes away&#8221; &#8212; Medievalists.net\" src=\"https:\/\/www.medievalists.net\/2023\/10\/natalie-zemon-davis-passes-away\/embed\/#?secret=caqTxdwKZV#?secret=KkfAmFNs7J\" data-secret=\"KkfAmFNs7J\" width=\"600\" height=\"338\" frameborder=\"0\" marginwidth=\"0\" marginheight=\"0\" scrolling=\"no\"><\/iframe>\n<\/div><\/figure>\n\n\n\n<hr class=\"wp-block-separator\"\/>\n\n\n\n<p>Remembering Natalie Zemon Davis (1928-2023)<\/p>\n\n\n\n<p><a href=\"https:\/\/www.ceu.edu\/article\/2023-10-24\/remembering-natalie-zemon-davis-1928-2023\">https:\/\/www.ceu.edu\/article\/2023-10-24\/remembering-natalie-zemon-davis-1928-2023<\/a><\/p>\n\n\n\n<hr class=\"wp-block-separator\"\/>\n\n\n\n<p>Natalie Zemon Davis, 1928-2023<\/p>\n\n\n\n<p><a href=\"https:\/\/www.history.ox.ac.uk\/article\/in-memory-of-natalie-zemon-davis\">https:\/\/www.history.ox.ac.uk\/article\/in-memory-of-natalie-zemon-davis<\/a><\/p>\n\n\n\n<hr class=\"wp-block-separator\"\/>\n\n\n\n<p>Professor Natalie Zemon Davis, CC (1928-2023)<\/p>\n\n\n\n<figure class=\"wp-block-embed-wordpress wp-block-embed is-type-wp-embed is-provider-society-for-renaissance-studies\"><div class=\"wp-block-embed__wrapper\">\n<blockquote class=\"wp-embedded-content\" data-secret=\"9ghF3wsciA\"><a href=\"https:\/\/www.rensoc.org.uk\/natalie-zemon-davis-cc-1928-2023\/\">Professor Natalie Zemon Davis, CC (1928-2023)<\/a><\/blockquote><iframe loading=\"lazy\" class=\"wp-embedded-content\" sandbox=\"allow-scripts\" security=\"restricted\" style=\"position: absolute; clip: rect(1px, 1px, 1px, 1px);\" title=\"&#8220;Professor Natalie Zemon Davis, CC (1928-2023)&#8221; &#8212; Society for Renaissance Studies\" src=\"https:\/\/www.rensoc.org.uk\/natalie-zemon-davis-cc-1928-2023\/embed\/#?secret=E73WXbMRxy#?secret=9ghF3wsciA\" data-secret=\"9ghF3wsciA\" width=\"600\" height=\"338\" frameborder=\"0\" marginwidth=\"0\" marginheight=\"0\" scrolling=\"no\"><\/iframe>\n<\/div><\/figure>\n\n\n\n<hr class=\"wp-block-separator\"\/>\n","protected":false},"excerpt":{"rendered":"","protected":false},"author":2,"featured_media":37652,"comment_status":"open","ping_status":"open","sticky":false,"template":"","format":"standard","meta":{"_acf_changed":false,"jetpack_post_was_ever_published":false,"_jetpack_newsletter_access":"","_jetpack_dont_email_post_to_subs":false,"_jetpack_newsletter_tier_id":0,"_jetpack_memberships_contains_paywalled_content":false,"_jetpack_memberships_contains_paid_content":false,"footnotes":"","jetpack_publicize_message":"","jetpack_publicize_feature_enabled":true,"jetpack_social_post_already_shared":true,"jetpack_social_options":{"image_generator_settings":{"template":"highway","default_image_id":0,"font":"","enabled":false},"version":2}},"categories":[3,20],"tags":[],"class_list":["post-37651","post","type-post","status-publish","format-standard","has-post-thumbnail","hentry","category-novosti","category-obavijesti-o-smrti-i-nekrolozi"],"acf":{"facebook_opis":""},"jetpack_publicize_connections":[],"jetpack_featured_media_url":"https:\/\/i0.wp.com\/historiografija.hr\/wp-content\/uploads\/2023\/10\/nzd.jpg?fit=680%2C350&ssl=1","jetpack_sharing_enabled":true,"jetpack-related-posts":[],"_links":{"self":[{"href":"https:\/\/historiografija.hr\/index.php?rest_route=\/wp\/v2\/posts\/37651","targetHints":{"allow":["GET"]}}],"collection":[{"href":"https:\/\/historiografija.hr\/index.php?rest_route=\/wp\/v2\/posts"}],"about":[{"href":"https:\/\/historiografija.hr\/index.php?rest_route=\/wp\/v2\/types\/post"}],"author":[{"embeddable":true,"href":"https:\/\/historiografija.hr\/index.php?rest_route=\/wp\/v2\/users\/2"}],"replies":[{"embeddable":true,"href":"https:\/\/historiografija.hr\/index.php?rest_route=%2Fwp%2Fv2%2Fcomments&post=37651"}],"version-history":[{"count":4,"href":"https:\/\/historiografija.hr\/index.php?rest_route=\/wp\/v2\/posts\/37651\/revisions"}],"predecessor-version":[{"id":37790,"href":"https:\/\/historiografija.hr\/index.php?rest_route=\/wp\/v2\/posts\/37651\/revisions\/37790"}],"wp:featuredmedia":[{"embeddable":true,"href":"https:\/\/historiografija.hr\/index.php?rest_route=\/wp\/v2\/media\/37652"}],"wp:attachment":[{"href":"https:\/\/historiografija.hr\/index.php?rest_route=%2Fwp%2Fv2%2Fmedia&parent=37651"}],"wp:term":[{"taxonomy":"category","embeddable":true,"href":"https:\/\/historiografija.hr\/index.php?rest_route=%2Fwp%2Fv2%2Fcategories&post=37651"},{"taxonomy":"post_tag","embeddable":true,"href":"https:\/\/historiografija.hr\/index.php?rest_route=%2Fwp%2Fv2%2Ftags&post=37651"}],"curies":[{"name":"wp","href":"https:\/\/api.w.org\/{rel}","templated":true}]}}