{"id":37649,"date":"2023-10-24T14:54:04","date_gmt":"2023-10-24T14:54:04","guid":{"rendered":"http:\/\/historiografija.hr\/?p=37649"},"modified":"2023-10-24T14:54:04","modified_gmt":"2023-10-24T14:54:04","slug":"naucni-skup-between-distant-and-close-reading-periodical-studies-and-humanities-in-the-21st-century-u-beogradu","status":"publish","type":"post","link":"https:\/\/historiografija.hr\/?p=37649","title":{"rendered":"Nau\u010dni skup \u201eBetween Distant and Close Reading \u2013 Periodical Studies and Humanities in the 21st Century\u201c u Beogradu"},"content":{"rendered":"\n<p>Zadovoljstvo nam je da vas pozovemo da prisustvujete nau\u010dnom skupu \u201eBetween Distant and Close Reading \u2013 Periodical Studies and Humanities in the 21st Century\u201c, koji \u0107e se odr\u017eati 27. oktobra, od 9 do 15\u010d u Biblioteci Instituta za knji\u017eevnost i umetnost. Nastavljaju\u0107i saradnju uspostavljenu Ugovorom o saradnji izme\u0111u Instituta i Univerziteta IULM u Milanu, kao i Memorandumom o razumevanju izme\u0111u Instituta i Evropskog dru\u0161tva za prou\u010davanje periodike, Odeljenje Periodika u istoriji srpske knji\u017eevnosti i kulture i Istra\u017eiva\u010dka grupa za studije periodike Univerziteta IULM organizuju jednodnevnu konferenciju.<\/p>\n\n\n\n<p>Ovaj nau\u010dni skup okuplja kako priznate istori\u010dare i teoreti\u010dare knji\u017eevnosti, kulture i filma, tako i mlade istra\u017eiva\u010de, s ciljem da pokrene i podstakne diskusiju o metodologijima \u010ditanja i tuma\u010denja u savremenim studijama periodike. Zamisao skupa jeste da preispita kako metodologije \u010ditanja koje se primenjuju u studijama periodike, uklju\u010duju\u0107i i digitalne i tradicionalne pristupe, uti\u010du na smisao i domete humanisti\u010dkih nauka danas. Izlaganja na konferenciji zaokupljena su pitanjem kako studije periodike pospe\u0161uju ve\u0161tine kriti\u010dkog \u010ditanja, posebno se usredsre\u0111uju\u0107i na njihov uticaj u okviru samih humanisti\u010dkih disciplina, tako i na razumevanje sprege izme\u0111u dru\u0161tvenih i kulturnih procesa.<\/p>\n\n\n\n<hr class=\"wp-block-separator\"\/>\n\n\n\n<p><strong>Conference Announcement: \u201cBetween Distant and Close Reading \u2013 Periodical Studies and Humanities in the 21st Century\u201d, October 27th, Institute for Literature and Art, Belgrade<\/strong><\/p>\n\n\n\n<p>We are delighted to invite you to the conference &#8220;Between Distant and Close Reading: Periodical Studies and Humanities in the 21st Century.&#8221; The event will be held in the Library of the Institute on October 27th. Building on the Agreement on Cooperation between the Institute and IULM University of Milan, as well as the Memorandum of Understanding between the Institute and the European Society for Periodical Research, the conference is organized as a joint effort of the Department of Periodicals in the History of Serbian Literature and Culture (Institute for Literature and Art) and the IuPS Research Group on Periodical Studies (IULM University of Milan).<\/p>\n\n\n\n<p>Featuring distinguished scholars in literary, film, and cultural studies, as well as early career researchers, we are enthusiastic about discussing how methodologies of reading and interpretation applied in periodicals studies, including both digital and traditional approaches, impact the very notion of the humanities. The aim is to explore how periodical studies enhance our skills in critical reading, with a specific focus on how they have transformed our understanding of our disciplines and the intersection between society and culture.<\/p>\n\n\n\n<hr class=\"wp-block-separator\"\/>\n\n\n\n<p>Izvor, program skupa, knjiga sa\u017eetaka:<\/p>\n\n\n\n<p><a href=\"https:\/\/www.ikum.org.rs\/lat\/news.php?id=358\">https:\/\/www.ikum.org.rs\/lat\/news.php?id=358<\/a><\/p>\n\n\n\n<hr class=\"wp-block-separator\"\/>\n","protected":false},"excerpt":{"rendered":"","protected":false},"author":2,"featured_media":37044,"comment_status":"open","ping_status":"open","sticky":false,"template":"","format":"standard","meta":{"_acf_changed":false,"jetpack_post_was_ever_published":false,"_jetpack_newsletter_access":"","_jetpack_dont_email_post_to_subs":false,"_jetpack_newsletter_tier_id":0,"_jetpack_memberships_contains_paywalled_content":false,"_jetpack_memberships_contains_paid_content":false,"footnotes":"","jetpack_publicize_message":"","jetpack_publicize_feature_enabled":true,"jetpack_social_post_already_shared":true,"jetpack_social_options":{"image_generator_settings":{"template":"highway","default_image_id":0,"font":"","enabled":false},"version":2}},"categories":[3,9],"tags":[],"class_list":["post-37649","post","type-post","status-publish","format-standard","has-post-thumbnail","hentry","category-novosti","category-skupovi"],"acf":{"facebook_opis":""},"jetpack_publicize_connections":[],"jetpack_featured_media_url":"https:\/\/i0.wp.com\/historiografija.hr\/wp-content\/uploads\/2023\/09\/Logo-blue.png?fit=200%2C200&ssl=1","jetpack_sharing_enabled":true,"jetpack-related-posts":[],"_links":{"self":[{"href":"https:\/\/historiografija.hr\/index.php?rest_route=\/wp\/v2\/posts\/37649","targetHints":{"allow":["GET"]}}],"collection":[{"href":"https:\/\/historiografija.hr\/index.php?rest_route=\/wp\/v2\/posts"}],"about":[{"href":"https:\/\/historiografija.hr\/index.php?rest_route=\/wp\/v2\/types\/post"}],"author":[{"embeddable":true,"href":"https:\/\/historiografija.hr\/index.php?rest_route=\/wp\/v2\/users\/2"}],"replies":[{"embeddable":true,"href":"https:\/\/historiografija.hr\/index.php?rest_route=%2Fwp%2Fv2%2Fcomments&post=37649"}],"version-history":[{"count":1,"href":"https:\/\/historiografija.hr\/index.php?rest_route=\/wp\/v2\/posts\/37649\/revisions"}],"predecessor-version":[{"id":37650,"href":"https:\/\/historiografija.hr\/index.php?rest_route=\/wp\/v2\/posts\/37649\/revisions\/37650"}],"wp:featuredmedia":[{"embeddable":true,"href":"https:\/\/historiografija.hr\/index.php?rest_route=\/wp\/v2\/media\/37044"}],"wp:attachment":[{"href":"https:\/\/historiografija.hr\/index.php?rest_route=%2Fwp%2Fv2%2Fmedia&parent=37649"}],"wp:term":[{"taxonomy":"category","embeddable":true,"href":"https:\/\/historiografija.hr\/index.php?rest_route=%2Fwp%2Fv2%2Fcategories&post=37649"},{"taxonomy":"post_tag","embeddable":true,"href":"https:\/\/historiografija.hr\/index.php?rest_route=%2Fwp%2Fv2%2Ftags&post=37649"}],"curies":[{"name":"wp","href":"https:\/\/api.w.org\/{rel}","templated":true}]}}