{"id":37631,"date":"2023-10-23T16:37:00","date_gmt":"2023-10-23T16:37:00","guid":{"rendered":"http:\/\/historiografija.hr\/?p=37631"},"modified":"2023-10-23T16:37:00","modified_gmt":"2023-10-23T16:37:00","slug":"bb-jiri-nemec-the-rapprochement-of-serbian-and-hungarian-far-right-and-its-connection-to-eastern-authoritarian-regimes","status":"publish","type":"post","link":"https:\/\/historiografija.hr\/?p=37631","title":{"rendered":"BB: Ji\u0159\u00ed N\u011bmec &#8211; THE RAPPROCHEMENT OF SERBIAN AND HUNGARIAN FAR RIGHT AND ITS CONNECTION TO EASTERN AUTHORITARIAN REGIMES"},"content":{"rendered":"\n<p>Our research aims to construct a notional map depicting the relationships between the Serbian and Hungarian far-right movements, the Serbian far-right in perception of the Russian Federation and the People&#8217;s Republic of China, as well as the Hungarian far-right approach to these eastern authoritarian regimes. Utilizing the taxonomy of non-state actors engaged in hybrid activities and an analysis of the strategic interests of the Russian Federation and China in the Southeast European region, the study identifies the strongest mutual relationships of amity and enmity. It analyses the risks associated with these relationships and their impact on the security dynamics in the South-eastern part of the European regional security complex, as per the understanding of the Copenhagen School. We use the term &#8220;far-right&#8221; as the umbrella concept of extreme and radical right, including populist radical right, with the core of the study focusing on active political parties and\/or movements falling under this definition. To achieve the aforementioned objectives, the following research questions guide our investigation: (1) What is the nature of the relationship between Serbian and Hungarian far-right representatives? (2) What has been the evolution of these relationships, and how has the historical legacy of nationalist disputes, specifically the Treaty of Trianon, influenced them? (3) How do these far-right representatives perceive the foreign policies of the Russian Federation and China in the global geopolitical context? The core of the research involves the analysis of official political and foreign policy documents (e.g., party platforms, if existent), media outputs of the examined actors, interviews, and the analysis of activities on social media platforms in line with the constructivist approach to the role of language in shaping socio-political reality. This research is conducted in cooperation with Ms. Karin K\u00f6v\u00e1ry S\u00f3lymos, an expert in the Hungarian far-right.<\/p>\n\n\n\n<p><strong>Ji\u0159\u00ed N\u011bmec<\/strong> is a PhD student of Security and Strategic Studies at the Department of Political Science, Faculty of Social Studies, Masaryk University in Brno, Czech Republic. He focuses on Russian and Chinese foreign malign influence in the security sectors of the Western Balkan states. He is generally interested in the WB states\u2019 contemporary foreign and security policies, hybrid warfare, influence operations, the role of language in shaping politics and security, and sexual and gender-based violence in conflict. Ji\u0159\u00ed worked for the United Nations in Bosnia and Herzegovina and received the Award for Active Development of Civil Society for co-leading a volunteer project in northern Albania, a students\u2019 award for teaching or a dean\u2019s award for excellence in studies. He maintains active relations with NGOs supporting survivors of sexual violence in Kosovo and holds a master\u2019s degree in international relations. His most recent article, co-authored with Ms Bojana Zori\u0107, focuses on reconciliation processes in North Macedonia, and the latest book chapter discusses socio-legal factors that prevent survivors of conflict-related sexual violence in Kosovo from state and society-driven rehabilitation.<\/p>\n\n\n\n<hr class=\"wp-block-separator\"\/>\n\n\n\n<p>24.10.2023 &#8211; 13:00<\/p>\n\n\n\n<hr class=\"wp-block-separator\"\/>\n\n\n\n<p>Organizer:<\/p>\n\n\n\n<p>Zentrum f\u00fcr S\u00fcdosteuropastudien, SOEGA &amp; S\u00fcdosteuropa-Gesellschaft<\/p>\n\n\n\n<hr class=\"wp-block-separator\"\/>\n\n\n\n<p>Venue:<\/p>\n\n\n\n<p>Location: SR 111.41, BEETHOVENSTRASSE 8 4. OG 8010 GRAZ<\/p>\n\n\n\n<hr class=\"wp-block-separator\"\/>\n\n\n\n<p><a href=\"https:\/\/suedosteuropa.uni-graz.at\/en\/events\/detail\/article\/bb-the-rapprochement-of-serbian-and-hungarian-far-right-and-its-connection-to-eastern-authoritarian-regimes\/\">https:\/\/suedosteuropa.uni-graz.at\/en\/events\/detail\/article\/bb-the-rapprochement-of-serbian-and-hungarian-far-right-and-its-connection-to-eastern-authoritarian-regimes\/<\/a><\/p>\n\n\n\n<hr class=\"wp-block-separator\"\/>\n","protected":false},"excerpt":{"rendered":"","protected":false},"author":2,"featured_media":37632,"comment_status":"open","ping_status":"open","sticky":false,"template":"","format":"standard","meta":{"_acf_changed":false,"_jetpack_newsletter_access":"","_jetpack_dont_email_post_to_subs":false,"_jetpack_newsletter_tier_id":0,"_jetpack_memberships_contains_paywalled_content":false,"_jetpack_memberships_contains_paid_content":false,"footnotes":"","jetpack_publicize_message":"","jetpack_publicize_feature_enabled":true,"jetpack_social_post_already_shared":true,"jetpack_social_options":{"image_generator_settings":{"template":"highway","default_image_id":0,"font":"","enabled":false},"version":2},"jetpack_post_was_ever_published":false},"categories":[3],"tags":[],"class_list":["post-37631","post","type-post","status-publish","format-standard","has-post-thumbnail","hentry","category-novosti"],"acf":{"facebook_opis":""},"jetpack_publicize_connections":[],"jetpack_featured_media_url":"https:\/\/i0.wp.com\/historiografija.hr\/wp-content\/uploads\/2023\/10\/csm_302_ZSOES_Brown_Bag.jpg?fit=276%2C380&ssl=1","jetpack_sharing_enabled":true,"jetpack-related-posts":[{"id":55062,"url":"https:\/\/historiografija.hr\/?p=55062","url_meta":{"origin":37631,"position":0},"title":"CfP: The Making of Solidarity: A\u00a0Conference on Eastern and Central European Dissidents, 1945-1991","author":"Branimir Jankovi\u0107","date":"24. kolovoza 2026.","format":false,"excerpt":"This open call invites proposals for an interdisciplinary conference on Eastern and Central European dissidence, solidarity, and anti-imperial thought. The Making of Solidarity: A\u00a0Conference on Eastern and Central European Dissidents, 1945-1991 16.-17. November 2026 A close reading of Ivan Dziuba\u2019s classic\u00a01965 essay Internationalism or Russification? offers a\u00a0useful lens through which\u2026","rel":"","context":"U &quot;Novosti&quot;","block_context":{"text":"Novosti","link":"https:\/\/historiografija.hr\/?cat=3"},"img":{"alt_text":"","src":"https:\/\/i0.wp.com\/historiografija.hr\/wp-content\/uploads\/2026\/08\/The-Making-of-Solidarity.png?fit=883%2C662&ssl=1&resize=350%2C200","width":350,"height":200,"srcset":"https:\/\/i0.wp.com\/historiografija.hr\/wp-content\/uploads\/2026\/08\/The-Making-of-Solidarity.png?fit=883%2C662&ssl=1&resize=350%2C200 1x, https:\/\/i0.wp.com\/historiografija.hr\/wp-content\/uploads\/2026\/08\/The-Making-of-Solidarity.png?fit=883%2C662&ssl=1&resize=525%2C300 1.5x, https:\/\/i0.wp.com\/historiografija.hr\/wp-content\/uploads\/2026\/08\/The-Making-of-Solidarity.png?fit=883%2C662&ssl=1&resize=700%2C400 2x"},"classes":[]},{"id":52673,"url":"https:\/\/historiografija.hr\/?p=52673","url_meta":{"origin":37631,"position":1},"title":"TWO POSTDOCTORAL POSITIONS IN THE &#8220;PROLETGARD ERC STARTING GRANT PROJECT&#8221;, KASS\u00c1K FOUNDATION, BUDAPEST (DEADLINE: 1ST MAY 2026)","author":"Branimir Jankovi\u0107","date":"27. travnja 2026.","format":false,"excerpt":"This five-year ERC-funded project examines how avant-garde art contributed to the formation of a workers\u2019 movement counterculture in East Central Europe after 1918. It argues that socialist and avant-garde periodicals, groups, and figures shaped both avant-garde culture and transnational workers\u2019 movements. Focusing on the successor states of the Austro\u2013Hungarian Empire\u2026","rel":"","context":"U &quot;Novosti&quot;","block_context":{"text":"Novosti","link":"https:\/\/historiografija.hr\/?cat=3"},"img":{"alt_text":"","src":"https:\/\/i0.wp.com\/historiografija.hr\/wp-content\/uploads\/2017\/10\/hsozkult.png?fit=1006%2C241&ssl=1&resize=350%2C200","width":350,"height":200,"srcset":"https:\/\/i0.wp.com\/historiografija.hr\/wp-content\/uploads\/2017\/10\/hsozkult.png?fit=1006%2C241&ssl=1&resize=350%2C200 1x, https:\/\/i0.wp.com\/historiografija.hr\/wp-content\/uploads\/2017\/10\/hsozkult.png?fit=1006%2C241&ssl=1&resize=525%2C300 1.5x, https:\/\/i0.wp.com\/historiografija.hr\/wp-content\/uploads\/2017\/10\/hsozkult.png?fit=1006%2C241&ssl=1&resize=700%2C400 2x"},"classes":[]},{"id":54487,"url":"https:\/\/historiografija.hr\/?p=54487","url_meta":{"origin":37631,"position":2},"title":"Workshop &#8220;Experts in Transition: Political Epistemologies of 1980s\u20132000s East Central Europe&#8221;","author":"Branimir Jankovi\u0107","date":"7. srpnja 2026.","format":false,"excerpt":"On July 9\u201310, 2026, the Institute of Contemporary History in Ljubljana will host the international workshop: Experts in Transition: Political Epistemologies of 1980s\u20132000s East Central Europe The workshop is open to the public and to interested scholars. If you are planning to participate, please write to Adela H\u00eencu \u2013 adela.hincu@inz.si\u2026","rel":"","context":"U &quot;Novosti&quot;","block_context":{"text":"Novosti","link":"https:\/\/historiografija.hr\/?cat=3"},"img":{"alt_text":"","src":"https:\/\/i0.wp.com\/historiografija.hr\/wp-content\/uploads\/2026\/07\/01-INZ-logo-21-RGB-SLO_RGB.png?fit=685%2C291&ssl=1&resize=350%2C200","width":350,"height":200,"srcset":"https:\/\/i0.wp.com\/historiografija.hr\/wp-content\/uploads\/2026\/07\/01-INZ-logo-21-RGB-SLO_RGB.png?fit=685%2C291&ssl=1&resize=350%2C200 1x, https:\/\/i0.wp.com\/historiografija.hr\/wp-content\/uploads\/2026\/07\/01-INZ-logo-21-RGB-SLO_RGB.png?fit=685%2C291&ssl=1&resize=525%2C300 1.5x"},"classes":[]},{"id":54169,"url":"https:\/\/historiografija.hr\/?p=54169","url_meta":{"origin":37631,"position":3},"title":"Women, Nationalism, and Social Networks in the Habsburg Monarchy, 1848\u20131918","author":"Branimir Jankovi\u0107","date":"18. lipnja 2026.","format":false,"excerpt":"Edited by Marta Verginella Purdue University Press Series: Central European Studies 258 Pages Published 2023 Women, Nationalism, and Social Networks in the Habsburg Monarchy, 1848\u20131918 focuses on the lives of women in Southeastern Europe during the nineteenth and twentieth centuries, exploring the intersection of gender and nationalism. By looking at\u2026","rel":"","context":"U &quot;Knjige&quot;","block_context":{"text":"Knjige","link":"https:\/\/historiografija.hr\/?cat=8"},"img":{"alt_text":"","src":"https:\/\/historiografija.hr\/wp-content\/uploads\/2026\/06\/Verginella.avif","width":350,"height":200,"srcset":"https:\/\/historiografija.hr\/wp-content\/uploads\/2026\/06\/Verginella.avif 1x, https:\/\/historiografija.hr\/wp-content\/uploads\/2026\/06\/Verginella.avif 1.5x"},"classes":[]},{"id":54819,"url":"https:\/\/historiografija.hr\/?p=54819","url_meta":{"origin":37631,"position":4},"title":"CfP: Charter 77 at 50: Transnational Human Rights, Social Imagination, and Civic Resistance in the (Post-)Global Age","author":"Branimir Jankovi\u0107","date":"27. srpnja 2026.","format":false,"excerpt":"The Institute of Contemporary History and the Institute of Philosophy of the Czech Academy of Sciences invite proposals for a two-day international conference bringing together historical scholarship and contemporary reflections on civic activism and democratic resistance. Charter 77 at 50: Transnational Human Rights, Social Imagination, and Civic Resistance in the\u2026","rel":"","context":"U &quot;Novosti&quot;","block_context":{"text":"Novosti","link":"https:\/\/historiografija.hr\/?cat=3"},"img":{"alt_text":"","src":"https:\/\/i0.wp.com\/historiografija.hr\/wp-content\/uploads\/2017\/10\/hsozkult.png?fit=1006%2C241&ssl=1&resize=350%2C200","width":350,"height":200,"srcset":"https:\/\/i0.wp.com\/historiografija.hr\/wp-content\/uploads\/2017\/10\/hsozkult.png?fit=1006%2C241&ssl=1&resize=350%2C200 1x, https:\/\/i0.wp.com\/historiografija.hr\/wp-content\/uploads\/2017\/10\/hsozkult.png?fit=1006%2C241&ssl=1&resize=525%2C300 1.5x, https:\/\/i0.wp.com\/historiografija.hr\/wp-content\/uploads\/2017\/10\/hsozkult.png?fit=1006%2C241&ssl=1&resize=700%2C400 2x"},"classes":[]},{"id":54031,"url":"https:\/\/historiografija.hr\/?p=54031","url_meta":{"origin":37631,"position":5},"title":"Call for Book Chapters: Alternatives to the Nation-State: Federalism, Autonomy, and Post-Imperial Imaginaries in the Mediterranean Long Nineteenth Century","author":"Branimir Jankovi\u0107","date":"11. lipnja 2026.","format":false,"excerpt":"Workshop Date: September 24, 2026 - September 25, 2026 Location: Greece Subject Fields: Intellectual History, Modern European History \/ Studies \u00a0 \u00a0 \u00a0 \u00a0 \u00a0 \u00a0 \u00a0 \u00a0 \u00a0 \u00a0 \u00a0 \u00a0 \u00a0 \u00a0 \u00a0 \u00a0 \u00a0 \u00a0 \u00a0 \u00a0 \u00a0 \u00a0 \u00a0 \u00a0 \u00a0 \u00a0 \u00a0 \u00a0 \u00a0 \u00a0\u2026","rel":"","context":"U &quot;Novosti&quot;","block_context":{"text":"Novosti","link":"https:\/\/historiografija.hr\/?cat=3"},"img":{"alt_text":"","src":"https:\/\/i0.wp.com\/historiografija.hr\/wp-content\/uploads\/2026\/06\/HNet_Logo_with_tag.png?fit=1200%2C424&ssl=1&resize=350%2C200","width":350,"height":200,"srcset":"https:\/\/i0.wp.com\/historiografija.hr\/wp-content\/uploads\/2026\/06\/HNet_Logo_with_tag.png?fit=1200%2C424&ssl=1&resize=350%2C200 1x, https:\/\/i0.wp.com\/historiografija.hr\/wp-content\/uploads\/2026\/06\/HNet_Logo_with_tag.png?fit=1200%2C424&ssl=1&resize=525%2C300 1.5x, https:\/\/i0.wp.com\/historiografija.hr\/wp-content\/uploads\/2026\/06\/HNet_Logo_with_tag.png?fit=1200%2C424&ssl=1&resize=700%2C400 2x, https:\/\/i0.wp.com\/historiografija.hr\/wp-content\/uploads\/2026\/06\/HNet_Logo_with_tag.png?fit=1200%2C424&ssl=1&resize=1050%2C600 3x"},"classes":[]}],"_links":{"self":[{"href":"https:\/\/historiografija.hr\/index.php?rest_route=\/wp\/v2\/posts\/37631","targetHints":{"allow":["GET"]}}],"collection":[{"href":"https:\/\/historiografija.hr\/index.php?rest_route=\/wp\/v2\/posts"}],"about":[{"href":"https:\/\/historiografija.hr\/index.php?rest_route=\/wp\/v2\/types\/post"}],"author":[{"embeddable":true,"href":"https:\/\/historiografija.hr\/index.php?rest_route=\/wp\/v2\/users\/2"}],"replies":[{"embeddable":true,"href":"https:\/\/historiografija.hr\/index.php?rest_route=%2Fwp%2Fv2%2Fcomments&post=37631"}],"version-history":[{"count":1,"href":"https:\/\/historiografija.hr\/index.php?rest_route=\/wp\/v2\/posts\/37631\/revisions"}],"predecessor-version":[{"id":37633,"href":"https:\/\/historiografija.hr\/index.php?rest_route=\/wp\/v2\/posts\/37631\/revisions\/37633"}],"wp:featuredmedia":[{"embeddable":true,"href":"https:\/\/historiografija.hr\/index.php?rest_route=\/wp\/v2\/media\/37632"}],"wp:attachment":[{"href":"https:\/\/historiografija.hr\/index.php?rest_route=%2Fwp%2Fv2%2Fmedia&parent=37631"}],"wp:term":[{"taxonomy":"category","embeddable":true,"href":"https:\/\/historiografija.hr\/index.php?rest_route=%2Fwp%2Fv2%2Fcategories&post=37631"},{"taxonomy":"post_tag","embeddable":true,"href":"https:\/\/historiografija.hr\/index.php?rest_route=%2Fwp%2Fv2%2Ftags&post=37631"}],"curies":[{"name":"wp","href":"https:\/\/api.w.org\/{rel}","templated":true}]}}