{"id":37625,"date":"2023-10-23T15:57:46","date_gmt":"2023-10-23T15:57:46","guid":{"rendered":"http:\/\/historiografija.hr\/?p=37625"},"modified":"2023-10-23T15:57:46","modified_gmt":"2023-10-23T15:57:46","slug":"predstavljanje-novih-svezaka-casopisa-atti-i-quaderni-u-rovinju","status":"publish","type":"post","link":"https:\/\/historiografija.hr\/?p=37625","title":{"rendered":"Predstavljanje novih svezaka \u010dasopisa Atti i Quaderni u Rovinju"},"content":{"rendered":"\n<p>U srijedu, 25. listopada 2023., s po\u010detkom u 18 sati u Centru za povijesna istra\u017eivanja u Rovinju bit \u0107e predstavljeni novi svesci \u010dasopisa Atti i Quaderni. Organizator je Centar za povijesna istra\u017eivanja Rovinj \u2013 Centro di ricerche storiche Rovigno u suradnji s Talijanskom unijom \u2013 Unione Italiana iz Rijeke i Universita\u2019 popolare di Trieste.<\/p>\n\n\n\n<p><a href=\"https:\/\/ipd-ssi.hr\/wp-content\/uploads\/2023\/10\/Pozivnica-Invito-2.pdf\">Pozivnica \u2013 Invito<\/a><\/p>\n\n\n\n<hr class=\"wp-block-separator\"\/>\n\n\n\n<p>Izvor:<\/p>\n\n\n\n<figure class=\"wp-block-embed-wordpress wp-block-embed is-type-wp-embed is-provider-istarsko-povijesno-drustvo-societa-storica-istriana\"><div class=\"wp-block-embed__wrapper\">\n<blockquote class=\"wp-embedded-content\" data-secret=\"eibgZwV446\"><a href=\"https:\/\/ipd-ssi.hr\/2023\/10\/20\/predstavljanje-novih-svezaka-cassopisa-atti-i-quaderni-u-rovinju\/\">Predstavljanje novih svezaka \u010dassopisa Atti i Quaderni u Rovinju<\/a><\/blockquote><iframe loading=\"lazy\" class=\"wp-embedded-content\" sandbox=\"allow-scripts\" security=\"restricted\" style=\"position: absolute; clip: rect(1px, 1px, 1px, 1px);\" title=\"&#8220;Predstavljanje novih svezaka \u010dassopisa Atti i Quaderni u Rovinju&#8221; &#8212; Istarsko povijesno dru\u0161tvo - Societ\u00e0 Storica Istriana\" src=\"https:\/\/ipd-ssi.hr\/2023\/10\/20\/predstavljanje-novih-svezaka-cassopisa-atti-i-quaderni-u-rovinju\/embed\/#?secret=WvYf4Zkv7E#?secret=eibgZwV446\" data-secret=\"eibgZwV446\" width=\"600\" height=\"338\" frameborder=\"0\" marginwidth=\"0\" marginheight=\"0\" scrolling=\"no\"><\/iframe>\n<\/div><\/figure>\n\n\n\n<hr class=\"wp-block-separator\"\/>\n","protected":false},"excerpt":{"rendered":"","protected":false},"author":2,"featured_media":37626,"comment_status":"open","ping_status":"open","sticky":false,"template":"","format":"standard","meta":{"_acf_changed":false,"jetpack_post_was_ever_published":false,"_jetpack_newsletter_access":"","_jetpack_dont_email_post_to_subs":false,"_jetpack_newsletter_tier_id":0,"_jetpack_memberships_contains_paywalled_content":false,"_jetpack_memberships_contains_paid_content":false,"footnotes":"","jetpack_publicize_message":"","jetpack_publicize_feature_enabled":true,"jetpack_social_post_already_shared":true,"jetpack_social_options":{"image_generator_settings":{"template":"highway","default_image_id":0,"font":"","enabled":false},"version":2}},"categories":[21,3],"tags":[],"class_list":["post-37625","post","type-post","status-publish","format-standard","has-post-thumbnail","hentry","category-casopisi","category-novosti"],"acf":{"facebook_opis":""},"jetpack_publicize_connections":[],"jetpack_featured_media_url":"https:\/\/i0.wp.com\/historiografija.hr\/wp-content\/uploads\/2023\/10\/Atti-quaderni.jpg?fit=700%2C441&ssl=1","jetpack_sharing_enabled":true,"jetpack-related-posts":[],"_links":{"self":[{"href":"https:\/\/historiografija.hr\/index.php?rest_route=\/wp\/v2\/posts\/37625","targetHints":{"allow":["GET"]}}],"collection":[{"href":"https:\/\/historiografija.hr\/index.php?rest_route=\/wp\/v2\/posts"}],"about":[{"href":"https:\/\/historiografija.hr\/index.php?rest_route=\/wp\/v2\/types\/post"}],"author":[{"embeddable":true,"href":"https:\/\/historiografija.hr\/index.php?rest_route=\/wp\/v2\/users\/2"}],"replies":[{"embeddable":true,"href":"https:\/\/historiografija.hr\/index.php?rest_route=%2Fwp%2Fv2%2Fcomments&post=37625"}],"version-history":[{"count":1,"href":"https:\/\/historiografija.hr\/index.php?rest_route=\/wp\/v2\/posts\/37625\/revisions"}],"predecessor-version":[{"id":37627,"href":"https:\/\/historiografija.hr\/index.php?rest_route=\/wp\/v2\/posts\/37625\/revisions\/37627"}],"wp:featuredmedia":[{"embeddable":true,"href":"https:\/\/historiografija.hr\/index.php?rest_route=\/wp\/v2\/media\/37626"}],"wp:attachment":[{"href":"https:\/\/historiografija.hr\/index.php?rest_route=%2Fwp%2Fv2%2Fmedia&parent=37625"}],"wp:term":[{"taxonomy":"category","embeddable":true,"href":"https:\/\/historiografija.hr\/index.php?rest_route=%2Fwp%2Fv2%2Fcategories&post=37625"},{"taxonomy":"post_tag","embeddable":true,"href":"https:\/\/historiografija.hr\/index.php?rest_route=%2Fwp%2Fv2%2Ftags&post=37625"}],"curies":[{"name":"wp","href":"https:\/\/api.w.org\/{rel}","templated":true}]}}