{"id":37578,"date":"2023-10-20T20:26:25","date_gmt":"2023-10-20T20:26:25","guid":{"rendered":"http:\/\/historiografija.hr\/?p=37578"},"modified":"2023-10-20T20:26:25","modified_gmt":"2023-10-20T20:26:25","slug":"medunarodni-simpozij-andriceva-publicistika","status":"publish","type":"post","link":"https:\/\/historiografija.hr\/?p=37578","title":{"rendered":"Me\u0111unarodni simpozij \u201eAndri\u0107eva publicistika\u201c"},"content":{"rendered":"\n<p>15. mednarodni simpozij v okviru znanstvenoraziskovalnega projekta Andri\u0107-Initiative: Ivo Andri\u0107 v evropskem kontekstu<\/p>\n\n\n\n<p>Simpozij Andri\u0107eva publicistika se bo za\u010del v \u010detrtek, 19. 10. 2023, v Ljubljani, se nadaljeval v petek, 20. 10. 2023, v Mariboru in se kon\u010dal v soboto, 21. 10. 2023, na Bledu.<\/p>\n\n\n\n<p>Program:<\/p>\n\n\n\n<p><a href=\"https:\/\/www.ff.uni-lj.si\/dogodki\/15-mednarodni-simpozij-v-okviru-znanstvenoraziskovalnega-projekta-andric-initiative-ivo\">https:\/\/www.ff.uni-lj.si\/dogodki\/15-mednarodni-simpozij-v-okviru-znanstvenoraziskovalnega-projekta-andric-initiative-ivo<\/a><\/p>\n\n\n\n<hr class=\"wp-block-separator\"\/>\n","protected":false},"excerpt":{"rendered":"","protected":false},"author":2,"featured_media":37579,"comment_status":"open","ping_status":"open","sticky":false,"template":"","format":"standard","meta":{"_acf_changed":false,"jetpack_post_was_ever_published":false,"_jetpack_newsletter_access":"","_jetpack_dont_email_post_to_subs":false,"_jetpack_newsletter_tier_id":0,"_jetpack_memberships_contains_paywalled_content":false,"_jetpack_memberships_contains_paid_content":false,"footnotes":"","jetpack_publicize_message":"","jetpack_publicize_feature_enabled":true,"jetpack_social_post_already_shared":true,"jetpack_social_options":{"image_generator_settings":{"template":"highway","default_image_id":0,"font":"","enabled":false},"version":2}},"categories":[3,9],"tags":[],"class_list":["post-37578","post","type-post","status-publish","format-standard","has-post-thumbnail","hentry","category-novosti","category-skupovi"],"acf":{"facebook_opis":""},"jetpack_publicize_connections":[],"jetpack_featured_media_url":"https:\/\/i0.wp.com\/historiografija.hr\/wp-content\/uploads\/2023\/10\/andric.jpg?fit=225%2C225&ssl=1","jetpack_sharing_enabled":true,"jetpack-related-posts":[],"_links":{"self":[{"href":"https:\/\/historiografija.hr\/index.php?rest_route=\/wp\/v2\/posts\/37578","targetHints":{"allow":["GET"]}}],"collection":[{"href":"https:\/\/historiografija.hr\/index.php?rest_route=\/wp\/v2\/posts"}],"about":[{"href":"https:\/\/historiografija.hr\/index.php?rest_route=\/wp\/v2\/types\/post"}],"author":[{"embeddable":true,"href":"https:\/\/historiografija.hr\/index.php?rest_route=\/wp\/v2\/users\/2"}],"replies":[{"embeddable":true,"href":"https:\/\/historiografija.hr\/index.php?rest_route=%2Fwp%2Fv2%2Fcomments&post=37578"}],"version-history":[{"count":1,"href":"https:\/\/historiografija.hr\/index.php?rest_route=\/wp\/v2\/posts\/37578\/revisions"}],"predecessor-version":[{"id":37580,"href":"https:\/\/historiografija.hr\/index.php?rest_route=\/wp\/v2\/posts\/37578\/revisions\/37580"}],"wp:featuredmedia":[{"embeddable":true,"href":"https:\/\/historiografija.hr\/index.php?rest_route=\/wp\/v2\/media\/37579"}],"wp:attachment":[{"href":"https:\/\/historiografija.hr\/index.php?rest_route=%2Fwp%2Fv2%2Fmedia&parent=37578"}],"wp:term":[{"taxonomy":"category","embeddable":true,"href":"https:\/\/historiografija.hr\/index.php?rest_route=%2Fwp%2Fv2%2Fcategories&post=37578"},{"taxonomy":"post_tag","embeddable":true,"href":"https:\/\/historiografija.hr\/index.php?rest_route=%2Fwp%2Fv2%2Ftags&post=37578"}],"curies":[{"name":"wp","href":"https:\/\/api.w.org\/{rel}","templated":true}]}}