{"id":37574,"date":"2023-10-20T20:09:43","date_gmt":"2023-10-20T20:09:43","guid":{"rendered":"http:\/\/historiografija.hr\/?p=37574"},"modified":"2023-10-20T20:09:43","modified_gmt":"2023-10-20T20:09:43","slug":"znanstveni-skup-vukovarsko-srijemska-zupanija-jucer-danas-sutra","status":"publish","type":"post","link":"https:\/\/historiografija.hr\/?p=37574","title":{"rendered":"Znanstveni skup \u201cVukovarsko-srijemska \u017eupanija \u2013 ju\u010der, danas, sutra\u201c"},"content":{"rendered":"\n<p>Dr\u017eavni arhiv u Vukovaru i Institut dru\u0161tvenih znanosti Ivo Pilar \u2013 Podru\u010dni centar Vukovar pozivaju na Znanstveni skup \u201cVukovarsko-srijemska \u017eupanija \u2013 ju\u010der, danas, sutra\u201c koji \u0107e se odr\u017eati 23. listopada 2023. s po\u010detkom u 9 sati u Dr\u017eavnom arhivu u Vukovaru, \u017dupanijska 66. Skup se odr\u017eava u povodu tri desetlje\u0107a djelovanja Vukovarsko-srijemske \u017eupanije.<\/p>\n\n\n\n<p><a href=\"https:\/\/www.pilar.hr\/wp-content\/uploads\/2023\/10\/VSZ_Pozivnica.pdf\">Pozivnica s programom<\/a> | <a href=\"https:\/\/www.pilar.hr\/wp-content\/uploads\/2023\/10\/VSZ_Knjizica.pdf\">Programska knji\u017eica<\/a><\/p>\n\n\n\n<hr class=\"wp-block-separator\"\/>\n\n\n\n<p>Izvor:<\/p>\n\n\n\n<p><a href=\"https:\/\/www.pilar.hr\/2023\/10\/znanstveni-skup-vukovarsko-srijemska-zupanija-jucer-danas-sutra-vukovar-23-10-2023\/\">https:\/\/www.pilar.hr\/2023\/10\/znanstveni-skup-vukovarsko-srijemska-zupanija-jucer-danas-sutra-vukovar-23-10-2023\/<\/a><\/p>\n\n\n\n<hr class=\"wp-block-separator\"\/>\n","protected":false},"excerpt":{"rendered":"","protected":false},"author":2,"featured_media":37575,"comment_status":"open","ping_status":"open","sticky":false,"template":"","format":"standard","meta":{"_acf_changed":false,"jetpack_post_was_ever_published":false,"_jetpack_newsletter_access":"","_jetpack_dont_email_post_to_subs":false,"_jetpack_newsletter_tier_id":0,"_jetpack_memberships_contains_paywalled_content":false,"_jetpack_memberships_contains_paid_content":false,"footnotes":"","jetpack_publicize_message":"","jetpack_publicize_feature_enabled":true,"jetpack_social_post_already_shared":true,"jetpack_social_options":{"image_generator_settings":{"template":"highway","default_image_id":0,"font":"","enabled":false},"version":2}},"categories":[3,9],"tags":[],"class_list":["post-37574","post","type-post","status-publish","format-standard","has-post-thumbnail","hentry","category-novosti","category-skupovi"],"acf":{"facebook_opis":""},"jetpack_publicize_connections":[],"jetpack_featured_media_url":"https:\/\/i0.wp.com\/historiografija.hr\/wp-content\/uploads\/2023\/10\/Skup-Vukovar.jpg?fit=620%2C891&ssl=1","jetpack_sharing_enabled":true,"jetpack-related-posts":[],"_links":{"self":[{"href":"https:\/\/historiografija.hr\/index.php?rest_route=\/wp\/v2\/posts\/37574","targetHints":{"allow":["GET"]}}],"collection":[{"href":"https:\/\/historiografija.hr\/index.php?rest_route=\/wp\/v2\/posts"}],"about":[{"href":"https:\/\/historiografija.hr\/index.php?rest_route=\/wp\/v2\/types\/post"}],"author":[{"embeddable":true,"href":"https:\/\/historiografija.hr\/index.php?rest_route=\/wp\/v2\/users\/2"}],"replies":[{"embeddable":true,"href":"https:\/\/historiografija.hr\/index.php?rest_route=%2Fwp%2Fv2%2Fcomments&post=37574"}],"version-history":[{"count":1,"href":"https:\/\/historiografija.hr\/index.php?rest_route=\/wp\/v2\/posts\/37574\/revisions"}],"predecessor-version":[{"id":37576,"href":"https:\/\/historiografija.hr\/index.php?rest_route=\/wp\/v2\/posts\/37574\/revisions\/37576"}],"wp:featuredmedia":[{"embeddable":true,"href":"https:\/\/historiografija.hr\/index.php?rest_route=\/wp\/v2\/media\/37575"}],"wp:attachment":[{"href":"https:\/\/historiografija.hr\/index.php?rest_route=%2Fwp%2Fv2%2Fmedia&parent=37574"}],"wp:term":[{"taxonomy":"category","embeddable":true,"href":"https:\/\/historiografija.hr\/index.php?rest_route=%2Fwp%2Fv2%2Fcategories&post=37574"},{"taxonomy":"post_tag","embeddable":true,"href":"https:\/\/historiografija.hr\/index.php?rest_route=%2Fwp%2Fv2%2Ftags&post=37574"}],"curies":[{"name":"wp","href":"https:\/\/api.w.org\/{rel}","templated":true}]}}