{"id":37571,"date":"2023-10-20T20:02:32","date_gmt":"2023-10-20T20:02:32","guid":{"rendered":"http:\/\/historiografija.hr\/?p=37571"},"modified":"2023-10-20T20:12:50","modified_gmt":"2023-10-20T20:12:50","slug":"jubilarni-xx-dani-julija-benesica","status":"publish","type":"post","link":"https:\/\/historiografija.hr\/?p=37571","title":{"rendered":"Jubilarni XX. Dani Julija Bene\u0161i\u0107a"},"content":{"rendered":"\n<p>Znanstveno-stru\u010dni skup s me\u0111unarodnim sudjelovanjem, Ilok, 19.-21. listopada 2023.<\/p>\n\n\n\n<hr class=\"wp-block-separator\"\/>\n\n\n\n<p><strong>Organizacijski odbor:<\/strong><\/p>\n\n\n\n<p>Stanko Andri\u0107,&nbsp;Maja Bari\u0107,&nbsp;Anica Bili\u0107,&nbsp;Ivana Filipovi\u0107 Petrovi\u0107,&nbsp;Marijana Juki\u0107,&nbsp;Marko Kevo,&nbsp;Anja Nikoli\u0107-Hoyt,&nbsp;Bojana Schubert,&nbsp;Darko Vitek<\/p>\n\n\n\n<p><a href=\"https:\/\/www.info.hazu.hr\/wp-content\/uploads\/2023\/10\/20.-dani-Julija-Benesica_program-i-sazetci.pdf\"><strong>Program i sa\u017eetci<\/strong><\/a><\/p>\n\n\n\n<hr class=\"wp-block-separator\"\/>\n\n\n\n<p>Izvori i dodatne obavijesti:<\/p>\n\n\n\n<figure class=\"wp-block-embed-wordpress wp-block-embed is-type-wp-embed is-provider-hazu\"><div class=\"wp-block-embed__wrapper\">\n<blockquote class=\"wp-embedded-content\" data-secret=\"xTcvF7CPh7\"><a href=\"https:\/\/www.info.hazu.hr\/events\/jubilarni-xx-dani-julija-benesica\/\">Jubilarni XX. Dani Julija Bene\u0161i\u0107a<\/a><\/blockquote><iframe loading=\"lazy\" class=\"wp-embedded-content\" sandbox=\"allow-scripts\" security=\"restricted\" style=\"position: absolute; clip: rect(1px, 1px, 1px, 1px);\" title=\"&#8220;Jubilarni XX. Dani Julija Bene\u0161i\u0107a&#8221; &#8212; HAZU\" src=\"https:\/\/www.info.hazu.hr\/events\/jubilarni-xx-dani-julija-benesica\/embed\/#?secret=xTcvF7CPh7\" data-secret=\"xTcvF7CPh7\" width=\"600\" height=\"338\" frameborder=\"0\" marginwidth=\"0\" marginheight=\"0\" scrolling=\"no\"><\/iframe>\n<\/div><\/figure>\n\n\n\n<figure class=\"wp-block-embed-wordpress wp-block-embed is-type-wp-embed is-provider-hrvatski-institut-za-povijest\"><div class=\"wp-block-embed__wrapper\">\n<blockquote class=\"wp-embedded-content\" data-secret=\"XU9JZfVNdW\"><a href=\"https:\/\/hipsb.hr\/znanstveno-strucni-skup-s-medunarodnim-sudjelovanjem-jubilarni-xx-dani-julija-benesica\/\">Znanstveno-stru\u010dni skup s me\u0111unarodnim sudjelovanjem JUBILARNI XX. DANI JULIJA BENE\u0160I\u0106A<\/a><\/blockquote><iframe loading=\"lazy\" class=\"wp-embedded-content\" sandbox=\"allow-scripts\" security=\"restricted\" style=\"position: absolute; clip: rect(1px, 1px, 1px, 1px);\" title=\"&#8220;Znanstveno-stru\u010dni skup s me\u0111unarodnim sudjelovanjem JUBILARNI XX. DANI JULIJA BENE\u0160I\u0106A&#8221; &#8212; Hrvatski institut za povijest\" src=\"https:\/\/hipsb.hr\/znanstveno-strucni-skup-s-medunarodnim-sudjelovanjem-jubilarni-xx-dani-julija-benesica\/embed\/#?secret=XU9JZfVNdW\" data-secret=\"XU9JZfVNdW\" width=\"600\" height=\"338\" frameborder=\"0\" marginwidth=\"0\" marginheight=\"0\" scrolling=\"no\"><\/iframe>\n<\/div><\/figure>\n\n\n\n<hr class=\"wp-block-separator\"\/>\n","protected":false},"excerpt":{"rendered":"","protected":false},"author":2,"featured_media":37572,"comment_status":"open","ping_status":"open","sticky":false,"template":"","format":"standard","meta":{"_acf_changed":false,"jetpack_post_was_ever_published":false,"_jetpack_newsletter_access":"","_jetpack_dont_email_post_to_subs":false,"_jetpack_newsletter_tier_id":0,"_jetpack_memberships_contains_paywalled_content":false,"_jetpack_memberships_contains_paid_content":false,"footnotes":"","jetpack_publicize_message":"","jetpack_publicize_feature_enabled":true,"jetpack_social_post_already_shared":true,"jetpack_social_options":{"image_generator_settings":{"template":"highway","default_image_id":0,"font":"","enabled":false},"version":2}},"categories":[3,9],"tags":[],"class_list":["post-37571","post","type-post","status-publish","format-standard","has-post-thumbnail","hentry","category-novosti","category-skupovi"],"acf":{"facebook_opis":""},"jetpack_publicize_connections":[],"jetpack_featured_media_url":"https:\/\/i0.wp.com\/historiografija.hr\/wp-content\/uploads\/2023\/10\/20-dani-Julija-Benesica.jpg?fit=800%2C565&ssl=1","jetpack_sharing_enabled":true,"jetpack-related-posts":[],"_links":{"self":[{"href":"https:\/\/historiografija.hr\/index.php?rest_route=\/wp\/v2\/posts\/37571","targetHints":{"allow":["GET"]}}],"collection":[{"href":"https:\/\/historiografija.hr\/index.php?rest_route=\/wp\/v2\/posts"}],"about":[{"href":"https:\/\/historiografija.hr\/index.php?rest_route=\/wp\/v2\/types\/post"}],"author":[{"embeddable":true,"href":"https:\/\/historiografija.hr\/index.php?rest_route=\/wp\/v2\/users\/2"}],"replies":[{"embeddable":true,"href":"https:\/\/historiografija.hr\/index.php?rest_route=%2Fwp%2Fv2%2Fcomments&post=37571"}],"version-history":[{"count":2,"href":"https:\/\/historiografija.hr\/index.php?rest_route=\/wp\/v2\/posts\/37571\/revisions"}],"predecessor-version":[{"id":37577,"href":"https:\/\/historiografija.hr\/index.php?rest_route=\/wp\/v2\/posts\/37571\/revisions\/37577"}],"wp:featuredmedia":[{"embeddable":true,"href":"https:\/\/historiografija.hr\/index.php?rest_route=\/wp\/v2\/media\/37572"}],"wp:attachment":[{"href":"https:\/\/historiografija.hr\/index.php?rest_route=%2Fwp%2Fv2%2Fmedia&parent=37571"}],"wp:term":[{"taxonomy":"category","embeddable":true,"href":"https:\/\/historiografija.hr\/index.php?rest_route=%2Fwp%2Fv2%2Fcategories&post=37571"},{"taxonomy":"post_tag","embeddable":true,"href":"https:\/\/historiografija.hr\/index.php?rest_route=%2Fwp%2Fv2%2Ftags&post=37571"}],"curies":[{"name":"wp","href":"https:\/\/api.w.org\/{rel}","templated":true}]}}