{"id":37565,"date":"2023-10-20T19:41:36","date_gmt":"2023-10-20T19:41:36","guid":{"rendered":"http:\/\/historiografija.hr\/?p=37565"},"modified":"2023-10-20T19:41:36","modified_gmt":"2023-10-20T19:41:36","slug":"medunarodna-znanstvena-konferencija-tracing-the-ottoman-legacy-in-croatia-and-south-east-europe-challenges-states-perspectives","status":"publish","type":"post","link":"https:\/\/historiografija.hr\/?p=37565","title":{"rendered":"Me\u0111unarodna znanstvena konferencija \u201dTracing the Ottoman Legacy in Croatia and South East Europe: Challenges, States, Perspectives\u201d"},"content":{"rendered":"\n<p>Pozivamo vas na me\u0111unarodnu interdisciplinarnu znanstvenu konferenciju \u201d<strong>Tracing the Ottoman Legacy in Croatia and South East Europe: Challenges, States, Perspectives<\/strong>\u201d koja \u0107e se odr\u017eati 19. i 20. listopada 2023. godine u Ma\u0161kovi\u0107a Hanu, Vrana (Hrvatska) u organizaciji\u00a0Katedre za turkologiju i Odsjeka za povijest Filozofskoga fakulteta Sveu\u010dili\u0161ta u Zagrebu.<\/p>\n\n\n\n<p><a href=\"https:\/\/web2020.ffzg.unizg.hr\/wp-content\/uploads\/2023\/10\/Ottoman-legacy_2023-Program.pdf\">Program konferencije<\/a><\/p>\n\n\n\n<hr class=\"wp-block-separator\"\/>\n\n\n\n<p>Izvor:<\/p>\n\n\n\n<figure class=\"wp-block-embed-wordpress wp-block-embed is-type-wp-embed is-provider-filozofski-fakultet-sveucilista-u-zagrebu\"><div class=\"wp-block-embed__wrapper\">\n<blockquote class=\"wp-embedded-content\" data-secret=\"cV2LSgFuwO\"><a href=\"https:\/\/web2020.ffzg.unizg.hr\/blog\/2023\/10\/17\/medunarodna-znanstvena-konferencija-tracing-the-ottoman-legacy-in-croatia-and-south-east-europe-challenges-states-perspectives\/\">Me\u0111unarodna znanstvena konferencija &#8221;Tracing the Ottoman Legacy in Croatia and South East Europe: Challenges, States, Perspectives&#8221;<\/a><\/blockquote><iframe loading=\"lazy\" class=\"wp-embedded-content\" sandbox=\"allow-scripts\" security=\"restricted\" style=\"position: absolute; clip: rect(1px, 1px, 1px, 1px);\" title=\"&#8220;Me\u0111unarodna znanstvena konferencija &#8221;Tracing the Ottoman Legacy in Croatia and South East Europe: Challenges, States, Perspectives&#8221;&#8221; &#8212; Filozofski fakultet Sveu\u010dili\u0161ta u Zagrebu\" src=\"https:\/\/web2020.ffzg.unizg.hr\/blog\/2023\/10\/17\/medunarodna-znanstvena-konferencija-tracing-the-ottoman-legacy-in-croatia-and-south-east-europe-challenges-states-perspectives\/embed\/#?secret=cV2LSgFuwO\" data-secret=\"cV2LSgFuwO\" width=\"600\" height=\"338\" frameborder=\"0\" marginwidth=\"0\" marginheight=\"0\" scrolling=\"no\"><\/iframe>\n<\/div><\/figure>\n\n\n\n<hr class=\"wp-block-separator\"\/>\n\n\n\n<p><\/p>\n","protected":false},"excerpt":{"rendered":"","protected":false},"author":2,"featured_media":37566,"comment_status":"open","ping_status":"open","sticky":false,"template":"","format":"standard","meta":{"_acf_changed":false,"jetpack_post_was_ever_published":false,"_jetpack_newsletter_access":"","_jetpack_dont_email_post_to_subs":false,"_jetpack_newsletter_tier_id":0,"_jetpack_memberships_contains_paywalled_content":false,"_jetpack_memberships_contains_paid_content":false,"footnotes":"","jetpack_publicize_message":"","jetpack_publicize_feature_enabled":true,"jetpack_social_post_already_shared":true,"jetpack_social_options":{"image_generator_settings":{"template":"highway","default_image_id":0,"font":"","enabled":false},"version":2}},"categories":[3,9],"tags":[],"class_list":["post-37565","post","type-post","status-publish","format-standard","has-post-thumbnail","hentry","category-novosti","category-skupovi"],"acf":{"facebook_opis":""},"jetpack_publicize_connections":[],"jetpack_featured_media_url":"https:\/\/i0.wp.com\/historiografija.hr\/wp-content\/uploads\/2023\/10\/Ottoman-legacy_2023.jpg?fit=874%2C1240&ssl=1","jetpack_sharing_enabled":true,"jetpack-related-posts":[],"_links":{"self":[{"href":"https:\/\/historiografija.hr\/index.php?rest_route=\/wp\/v2\/posts\/37565","targetHints":{"allow":["GET"]}}],"collection":[{"href":"https:\/\/historiografija.hr\/index.php?rest_route=\/wp\/v2\/posts"}],"about":[{"href":"https:\/\/historiografija.hr\/index.php?rest_route=\/wp\/v2\/types\/post"}],"author":[{"embeddable":true,"href":"https:\/\/historiografija.hr\/index.php?rest_route=\/wp\/v2\/users\/2"}],"replies":[{"embeddable":true,"href":"https:\/\/historiografija.hr\/index.php?rest_route=%2Fwp%2Fv2%2Fcomments&post=37565"}],"version-history":[{"count":1,"href":"https:\/\/historiografija.hr\/index.php?rest_route=\/wp\/v2\/posts\/37565\/revisions"}],"predecessor-version":[{"id":37567,"href":"https:\/\/historiografija.hr\/index.php?rest_route=\/wp\/v2\/posts\/37565\/revisions\/37567"}],"wp:featuredmedia":[{"embeddable":true,"href":"https:\/\/historiografija.hr\/index.php?rest_route=\/wp\/v2\/media\/37566"}],"wp:attachment":[{"href":"https:\/\/historiografija.hr\/index.php?rest_route=%2Fwp%2Fv2%2Fmedia&parent=37565"}],"wp:term":[{"taxonomy":"category","embeddable":true,"href":"https:\/\/historiografija.hr\/index.php?rest_route=%2Fwp%2Fv2%2Fcategories&post=37565"},{"taxonomy":"post_tag","embeddable":true,"href":"https:\/\/historiografija.hr\/index.php?rest_route=%2Fwp%2Fv2%2Ftags&post=37565"}],"curies":[{"name":"wp","href":"https:\/\/api.w.org\/{rel}","templated":true}]}}