{"id":37553,"date":"2023-10-19T21:01:13","date_gmt":"2023-10-19T21:01:13","guid":{"rendered":"http:\/\/historiografija.hr\/?p=37553"},"modified":"2023-10-19T21:02:23","modified_gmt":"2023-10-19T21:02:23","slug":"izlozba-rasvijetljena-soba-zenska-fotografska-praksa-u-hrvatskoj","status":"publish","type":"post","link":"https:\/\/historiografija.hr\/?p=37553","title":{"rendered":"Izlo\u017eba \u201eRasvijetljena soba \u2013 \u017eenska fotografska praksa u Hrvatskoj\u201c"},"content":{"rendered":"\n<p><strong>Osmi\u0161ljena u dva dijela, izlo\u017eba prema autorskoj koncepciji dr. sc. Sandre Kri\u017ei\u0107 Roban \u201eRasvijetljena soba \u2013 \u017eenska fotografska praksa u Hrvatskoj\u201c odr\u017eat \u0107e se u <a href=\"https:\/\/tmnt.hr\/hr-hr\/\" target=\"_blank\" rel=\"noreferrer noopener\">Tehni\u010dkom muzeju Nikola Tesla <\/a>od 24. listopada do 3. prosinca 2023., dok \u0107e se izlo\u017eba \u201eRasvijetljena soba \u2013 Konflikt\u201c odr\u017eati u <a href=\"https:\/\/emz.hr\/\" target=\"_blank\" rel=\"noreferrer noopener\">Etnografskom muzeju u Zagrebu<\/a> od 26. listopada do 25. studenoga 2023. godine.<\/strong><\/p>\n\n\n\n<p>Interes autorice izlo\u017ebe dr. sc. Sandre Kri\u017ei\u0107 Roban usmjeren je na povijesne okolnosti \u017eenske fotografije uvjetovane dru\u0161tvenim kontekstima koji su \u010desto bili (te jo\u0161 uvijek jesu) represivni spram \u017eena. Njezino vi\u0161egodi\u0161nje istra\u017eivanje, koje je prethodilo izlo\u017ebama, dio je projekta <a href=\"https:\/\/ekspozicija.ipu.hr\/index.php\/hr\/category\/novosti\/\" target=\"_blank\" rel=\"noreferrer noopener\">Ekspozicija. Teme i aspekti hrvatske fotografije od 19. stolje\u0107a do danas <\/a>koji se provodi na Institutu za povijest umjetnosti uz financijsku podr\u0161ku Hrvatske zaklade za znanost (IP-2019-04-1772).<\/p>\n\n\n\n<p>Izlo\u017ebe obuhva\u0107aju 56 fotografkinja predstavljenih putem fotografija, snimki objavljenih u \u010dasopisima i publikacijama, a njihovi su radovi posu\u0111eni iz brojnih hrvatskih muzeja i srodnih institucija kao i od samih umjetnica te pojedinaca koji skrbe o njihovim ostav\u0161tinama.<\/p>\n\n\n\n<p>Kroz odabir fotografkinja i njihovih radova obuhva\u0107eno je veliko vremensko razdoblje od druge polovine 19. stolje\u0107a sve do suvremenosti. Tako se u razdoblju najstarije fotografije susre\u0107emo s radovima Sofije Hering, Marije Kelemen, Johanne Kohn i Julijane Erd\u00f6dy Dra\u0161kovi\u0107, potom s pojavom fotografskih studija koje su vodile \u017eene (Atelier Wollner, Foto Varnai i Foto Tonka) na prijelazu te kroz prva desetlje\u0107a 20. stolje\u0107a. Tu su i aktivne sudionice velikih europskih umjetni\u010dkih pokreta izme\u0111u dva svjetska rata, poput Ivane Tomljenovi\u0107 Meller, koja je studirala na Bauhausu, te Erne Gozze \u010dija je estetika bila bliska bauhausovskom fotografskom pristupu, kao i onih koje su eksperimentirale s medijem uo\u010di Drugog svjetskog rata, poput Anite Antoniazzo, ali i anga\u017eiranih svjedokinja Drugoga svjetskog rata (primjerice Elvira Kohn i \u0110ur\u0111a Koren) sve do autorica koje su odredile smjer razvoja medija nakon Drugog svjetskog rata, primjerice Zlate Laure Mizner, Slavke Pavi\u0107, Milice Borojevi\u0107 i drugih. Uklju\u010dene su, tako\u0111er, i slikarice koje su povremeno umjetni\u010dki djelovale u podru\u010dju fotografije (Vera Nikoli\u0107 Podrinska, Nasta Rojc, Vera Fischer, Jadranka Fatur) te velik broj sudionica suvremene fotografske scene, od kraja \u0161ezdesetih do danas (Karmela i Anka Marasovi\u0107, Marija Braut, Nada Orel, Ljiljana Sunda\u0107 Zuani, Sanja Ivekovi\u0107, Erika \u0160mider, Edita Schubert, Kristina Leko, Danijela Lu\u0161in, Sandra Vitalji\u0107, Ivana Vu\u010di\u0107, Barbara Blasin, Ana Opali\u0107, Marina Paulenka, Andreja Kulun\u010di\u0107, Glorija Lizde, Petra Slobodnjak, Petra Mr\u0161a, Dragana Juri\u0161i\u0107 i druge).<\/p>\n\n\n\n<p>Zahvaljuju\u0107i razvoju tehnologije koju danas imamo na raspolaganju, rijetko \u0107emo pomisliti na probleme na koje su \u017eene tijekom proteklih dvjestotinjak godina nailazile \u2013 od isprva fizi\u010dki zahtjevne opreme, preko ograni\u010denih mogu\u0107nosti edukacije, sve do nerazumijevanja sredine za njihove stvarala\u010dke potrebe i prevladavaju\u0107ih dru\u0161tvenih stavova koji su ograni\u010davali njihovo aktivnije uklju\u010divanje u fotografska, ali i brojna druga doga\u0111anja. Istra\u017eivanjem njihove vizualne percepcije i politike gledanja stekli su se uvjeti predstavljanja \u017eenske fotografske prakse u Hrvatskoj i njihove osobite rasvijetljene sobe u kojoj ne nastaju samo intimne scene, nego i fotografije koje na inovativan i intrigantan na\u010din doprinose promjeni paradigme o tzv. \u201e\u017eenskim\u201c temama. Odnos prema tijelu, rodna pitanja, socijalno anga\u017eirane teme, dokumentarizam, snimanje u javnom prostoru, eksperimenti sa svjetlom kao i konceptualna promi\u0161ljanja umjetni\u010dkog jezika \u2013 samo su neki od aspekata koje je mogu\u0107e razmotriti kroz \u017eensku fotografsku perspektivu. Zahvaljuju\u0107i njihovim pojedina\u010dnim i zajedni\u010dkim naporima, fotografija sna\u017eno ulazi u prostor kulture i umjetnosti, interpretiraju\u0107i sve zakutke ljudskih djelatnosti. Pritom \u017eene prestaju biti \u201cmarginalni sudionici\u201d te se odmi\u010du od tradicionalnih vrijednosnih hijerarhija. Zahvaljuju\u0107i tim promjenama njihovu povijest prestaje se gledati kao nerelevantnu i nepovijesnu.<\/p>\n\n\n\n<p>Namjera izlo\u017ebe \u201eRasvijetljena soba\u201c, kako u popratnoj publikaciji pi\u0161e njezina autorica, Sandra Kri\u017ei\u0107 Roban, je \u201eukazati na ograni\u010denja unutar kojih se \u017eenska fotografska praksa odvijala, na prepreke koje su pred autorice postavljene, ali i na va\u017enost i \u0161irinu zna\u010denja fotografije kao jedinstvenog medija o kojem ovisi znanje o kolektivnom i individualnom kontekstu. Pritom ova izlo\u017eba nije ni jedini mogu\u0107i ni sintezni pregled djelovanja \u017eena u fotografiji, nego pokazuje puteve kojima su se kretale, na\u010dine na koje je njihov rad vrednovan ili na kraju zaboravljen pa i odba\u010den\u201c.<\/p>\n\n\n\n<p>Izlo\u017eba \u201eRasvijetljena soba \u2013 Konflikt\u201c u Etnografskom muzeju je pak u izravnom odnosu s \u010detvrtim izdanjem me\u0111unarodne konferencije <a href=\"https:\/\/www.ipu.hr\/article\/hr\/1347\/women-photography-conflict\">Fast Forward: Women in Photography<\/a> koja se odr\u017eava 16. i 17. studenoga 2023. u Tehni\u010dkom muzeju Nikola Tesla. Naime, konferencija posve\u0107ena temi \u201e\u017dene, fotografija, konflikt\u201c predstavit \u0107e na\u010dine kako su fotografkinje djelovale u ratnim situacijama i drugim kriznim stanjima, na \u0161to se nadovezuje odabir umjetnica obuhva\u0107enih izlo\u017ebom Konflikt, a \u010diji fotografski govor pridonosi cjelovitom razumijevanju \u017eenskog na\u010dina gledanja. Konferenciju sazivaju Anna Fox (UCA, University for the Creative Arts) i Maria Kapajeva (UCA\/EKA, University for the Creative Arts), Val Williams (LCC\/UAL, London College of Communication, University of the Arts London), Nestan Nijaradze (Tbilisi Photo Festival) i Sandra Kri\u017ei\u0107 Roban (Institut za povijest umjetnosti, Zagreb).<\/p>\n\n\n\n<p>Obje izlo\u017ebe najava su knjige Sandre Kri\u017ei\u0107 Roban u kojoj \u0107e pojedini aspekti djelovanja u mediju i postupanja s fotografijom biti obuhva\u0107eni i obrazlo\u017eeni ne samo iz pozicije historiografije, nego i iz rakursa znanstvenih i umjetni\u010dkih disciplina kombinacijom i interakcijom kojih je mogu\u0107e interpretirati pojedine specifi\u010dnosti i otvoriti slo\u017een diskurzivni prostor u kojem \u017eenski fotografski pogled ima specifi\u010dno mjesto.<\/p>\n\n\n\n<hr class=\"wp-block-separator\"\/>\n\n\n\n<p><em><strong>Rasvijetljena soba \u2013 \u017eenska fotografska praksa u Hrvatskoj<\/strong><\/em><\/p>\n\n\n\n<p>Tehni\u010dki muzej Nikola Tesla<\/p>\n\n\n\n<p>10. \u2013 3. 12. 2023.<\/p>\n\n\n\n<hr class=\"wp-block-separator\"\/>\n\n\n\n<p><em><strong>Rasvijetljena soba \u2013 Konflikt<\/strong><\/em><\/p>\n\n\n\n<p>Etnografski muzej<\/p>\n\n\n\n<p>10. \u2013 25. 11. 2023.<\/p>\n\n\n\n<hr class=\"wp-block-separator\"\/>\n\n\n\n<p><strong>Organizator izlo\u017ebi<\/strong><\/p>\n\n\n\n<p>Umjetni\u010dki paviljon u Zagrebu<\/p>\n\n\n\n<p>Trg kralja Tomislava 22, Zagreb<\/p>\n\n\n\n<hr class=\"wp-block-separator\"\/>\n\n\n\n<p><strong>Istra\u017eivanje, izlo\u017ebena koncepcija, odabir radova i uvodni tekst<\/strong><\/p>\n\n\n\n<p>Sandra Kri\u017ei\u0107 Roban<\/p>\n\n\n\n<hr class=\"wp-block-separator\"\/>\n\n\n\n<p><strong>Prostorna koncepcija i likovni postav izlo\u017ebi<\/strong><\/p>\n\n\n\n<p>Mirna Horvat<\/p>\n\n\n\n<hr class=\"wp-block-separator\"\/>\n\n\n\n<p><strong>Kustosica izlo\u017ebe u Tehni\u010dkom muzeju Nikola Tesla (Umjetni\u010dki paviljon)<\/strong><\/p>\n\n\n\n<p>Jasminka Pokle\u010dki Sto\u0161i\u0107<\/p>\n\n\n\n<hr class=\"wp-block-separator\"\/>\n\n\n\n<p><strong>Kustosica izlo\u017ebe u Etnografskom Muzeju (Umjetni\u010dki paviljon)<\/strong><\/p>\n\n\n\n<p>Irena Beki\u0107<\/p>\n\n\n\n<hr class=\"wp-block-separator\"\/>\n\n\n\n<p><strong>Financijska i organizacijska podr\u0161ka<\/strong><\/p>\n\n\n\n<p>Institut za povijest umjetnosti, Zagreb<\/p>\n\n\n\n<p>Akademija dramskih umjetnosti, Zagreb<\/p>\n\n\n\n<p>Hrvatski fotosavez, Zagreb<\/p>\n\n\n\n<p>Ured za fotografiju, Zagreb<\/p>\n\n\n\n<p>Turisti\u010dka zajednica grada Zagreba, Zagreb<\/p>\n\n\n\n<p>Hrvatska zaklada za znanost<\/p>\n\n\n\n<p>Izlo\u017eba je sufinancirana sredstvima Gradskog ureda za kulturu i civilno dru\u0161tvo Grada Zagreba, Ministarstva kulture i medija Republike Hrvatske i Turisti\u010dke zajednice Grada Zagreba.<\/p>\n\n\n\n<hr class=\"wp-block-separator\"\/>\n\n\n\n<p>Izvor:<\/p>\n\n\n\n<p><a href=\"https:\/\/www.ipu.hr\/article\/hr\/1565\/rasvijetljena-soba-zenska-fotografska-praksa-u-hrvatskoj\">https:\/\/www.ipu.hr\/article\/hr\/1565\/rasvijetljena-soba-zenska-fotografska-praksa-u-hrvatskoj<\/a><\/p>\n\n\n\n<hr class=\"wp-block-separator\"\/>\n","protected":false},"excerpt":{"rendered":"","protected":false},"author":2,"featured_media":37554,"comment_status":"open","ping_status":"open","sticky":false,"template":"","format":"standard","meta":{"_acf_changed":false,"jetpack_post_was_ever_published":false,"_jetpack_newsletter_access":"","_jetpack_dont_email_post_to_subs":false,"_jetpack_newsletter_tier_id":0,"_jetpack_memberships_contains_paywalled_content":false,"_jetpack_memberships_contains_paid_content":false,"footnotes":"","jetpack_publicize_message":"","jetpack_publicize_feature_enabled":true,"jetpack_social_post_already_shared":true,"jetpack_social_options":{"image_generator_settings":{"template":"highway","default_image_id":0,"font":"","enabled":false},"version":2}},"categories":[10,3],"tags":[],"class_list":["post-37553","post","type-post","status-publish","format-standard","has-post-thumbnail","hentry","category-izlozbe","category-novosti"],"acf":{"facebook_opis":""},"jetpack_publicize_connections":[],"jetpack_featured_media_url":"https:\/\/i0.wp.com\/historiografija.hr\/wp-content\/uploads\/2023\/10\/rasvijetljena-soba.jpg?fit=710%2C375&ssl=1","jetpack_sharing_enabled":true,"jetpack-related-posts":[],"_links":{"self":[{"href":"https:\/\/historiografija.hr\/index.php?rest_route=\/wp\/v2\/posts\/37553","targetHints":{"allow":["GET"]}}],"collection":[{"href":"https:\/\/historiografija.hr\/index.php?rest_route=\/wp\/v2\/posts"}],"about":[{"href":"https:\/\/historiografija.hr\/index.php?rest_route=\/wp\/v2\/types\/post"}],"author":[{"embeddable":true,"href":"https:\/\/historiografija.hr\/index.php?rest_route=\/wp\/v2\/users\/2"}],"replies":[{"embeddable":true,"href":"https:\/\/historiografija.hr\/index.php?rest_route=%2Fwp%2Fv2%2Fcomments&post=37553"}],"version-history":[{"count":2,"href":"https:\/\/historiografija.hr\/index.php?rest_route=\/wp\/v2\/posts\/37553\/revisions"}],"predecessor-version":[{"id":37556,"href":"https:\/\/historiografija.hr\/index.php?rest_route=\/wp\/v2\/posts\/37553\/revisions\/37556"}],"wp:featuredmedia":[{"embeddable":true,"href":"https:\/\/historiografija.hr\/index.php?rest_route=\/wp\/v2\/media\/37554"}],"wp:attachment":[{"href":"https:\/\/historiografija.hr\/index.php?rest_route=%2Fwp%2Fv2%2Fmedia&parent=37553"}],"wp:term":[{"taxonomy":"category","embeddable":true,"href":"https:\/\/historiografija.hr\/index.php?rest_route=%2Fwp%2Fv2%2Fcategories&post=37553"},{"taxonomy":"post_tag","embeddable":true,"href":"https:\/\/historiografija.hr\/index.php?rest_route=%2Fwp%2Fv2%2Ftags&post=37553"}],"curies":[{"name":"wp","href":"https:\/\/api.w.org\/{rel}","templated":true}]}}